{"id":48105,"date":"2024-11-20T12:53:54","date_gmt":"2024-11-20T15:53:54","guid":{"rendered":"https:\/\/radiorevelacionfm.cl\/?p=48105"},"modified":"2024-11-20T12:53:54","modified_gmt":"2024-11-20T15:53:54","slug":"pdi-realiza-peritajes-por-ballena-muerta-en-cercanias-de-centro-de-cultivo-ubicado-en-parque-nacional-laguna-san-rafael","status":"publish","type":"post","link":"https:\/\/radiorevelacionfm.cl\/?p=48105","title":{"rendered":"PDI realiza peritajes por ballena muerta en cercan\u00edas de centro de cultivo ubicado en Parque Nacional Laguna San Rafael"},"content":{"rendered":"<div class=\"flex_column av_one_full  flex_column_div av-zero-column-padding first  avia-builder-el-0  el_before_av_one_full  avia-builder-el-first  \" style='border-radius:0px; '><div  class='avia-image-container  av-styling-    avia-builder-el-1  avia-builder-el-no-sibling  avia-align-center '  itemprop=\"image\" itemscope=\"itemscope\" itemtype=\"https:\/\/schema.org\/ImageObject\"  ><div class='avia-image-container-inner'><div class='avia-image-overlay-wrap'><img decoding=\"async\" class='wp-image-48106 avia-img-lazy-loading-not-48106 avia_image' src=\"https:\/\/radiorevelacionfm.cl\/wp-content\/uploads\/2024\/11\/diligencias-bidema-y-lacrim-caso-ballena-003-2_optimized-2.jpg\" alt='' title='diligencias-bidema-y-lacrim-caso-ballena-003-2_optimized-2' height=\"600\" width=\"1067\"  itemprop=\"thumbnailUrl\" srcset=\"https:\/\/radiorevelacionfm.cl\/wp-content\/uploads\/2024\/11\/diligencias-bidema-y-lacrim-caso-ballena-003-2_optimized-2.jpg 1067w, https:\/\/radiorevelacionfm.cl\/wp-content\/uploads\/2024\/11\/diligencias-bidema-y-lacrim-caso-ballena-003-2_optimized-2-300x169.jpg 300w, https:\/\/radiorevelacionfm.cl\/wp-content\/uploads\/2024\/11\/diligencias-bidema-y-lacrim-caso-ballena-003-2_optimized-2-1030x579.jpg 1030w, https:\/\/radiorevelacionfm.cl\/wp-content\/uploads\/2024\/11\/diligencias-bidema-y-lacrim-caso-ballena-003-2_optimized-2-768x432.jpg 768w, https:\/\/radiorevelacionfm.cl\/wp-content\/uploads\/2024\/11\/diligencias-bidema-y-lacrim-caso-ballena-003-2_optimized-2-705x396.jpg 705w, https:\/\/radiorevelacionfm.cl\/wp-content\/uploads\/2024\/11\/diligencias-bidema-y-lacrim-caso-ballena-003-2_optimized-2-450x253.jpg 450w, https:\/\/radiorevelacionfm.cl\/wp-content\/uploads\/2024\/11\/diligencias-bidema-y-lacrim-caso-ballena-003-2_optimized-2-600x337.jpg 600w\" sizes=\"(max-width: 1067px) 100vw, 1067px\" \/><\/div><\/div><\/div><\/div><div class=\"flex_column av_one_full  flex_column_div av-zero-column-padding first  avia-builder-el-2  el_after_av_one_full  el_before_av_one_full  column-top-margin\" style='border-radius:0px; '><section class=\"av_textblock_section \"  itemscope=\"itemscope\" itemtype=\"https:\/\/schema.org\/BlogPosting\" itemprop=\"blogPost\" ><div class='avia_textblock  '   itemprop=\"text\" ><p style=\"text-align: center;\"><strong><span style=\"font-size: 18pt;\">PDI realiza peritajes por ballena muerta en cercan\u00edas de centro de cultivo ubicado en Parque Nacional Laguna San Rafael<\/span><\/strong><\/p>\n<div id=\"gtx-trans\" style=\"position: absolute; left: -50px; top: 4.31534px;\">\n<div class=\"gtx-trans-icon\"><\/div>\n<\/div>\n<\/div><\/section><\/div><div class=\"flex_column av_one_full  flex_column_div av-zero-column-padding first  avia-builder-el-4  el_after_av_one_full  el_before_av_hr  column-top-margin\" style='border-radius:0px; '><section class=\"av_textblock_section \"  itemscope=\"itemscope\" itemtype=\"https:\/\/schema.org\/BlogPosting\" itemprop=\"blogPost\" ><div class='avia_textblock  '   itemprop=\"text\" ><p style=\"text-align: justify;\">A fines del mes pasado, una denuncia realizada por particulares a SERNAPESCA, daba cuenta de una ballena Jorobada que yac\u00eda muerta en las cercan\u00edas de un centro de engorda de salmones temporalmente paralizado, ubicado al interior del Parque Nacional Laguna San Rafael, propiedad de\u00a0una empresa canadiense.<\/p>\n<p style=\"text-align: justify;\">Tras el hallazgo, el Ministerio de Medio Ambiente ingres\u00f3 una denuncia a la Fiscal\u00eda para que se realicen todas las diligencias necesarias\u00a0para determinar si existen delitos asociados y establecer las responsabilidades que correspondan, por eventual delito, seg\u00fan la ley de Protecci\u00f3n de Cet\u00e1ceos, la ley de Pesca y Acuicultura y otros cuerpos legales.<\/p>\n<p style=\"text-align: justify;\">A ra\u00edz de lo anterior, el Ministerio P\u00fablico le encarg\u00f3 a la Polic\u00eda de Investigaciones de Chile, espec\u00edficamente, a la Brigada Investigadora de Delitos Contra el Medioambiente y Patrimonio Cultural (BIDEMA) Ays\u00e9n, realizar las diligencias y pericias correspondientes para la investigaci\u00f3n.<\/p>\n<p style=\"text-align: justify;\">\u201cEste lunes, personal de la BIDEMA Ays\u00e9n, junto a peritos del Laboratorio de\u00a0Criminal\u00edstica Regional, nos trasladamos hacia los fiordos donde se produjo el\u00a0deceso de un cet\u00e1ceo, una ballena de la especie Jorobada, en la cual se est\u00e1n\u00a0realizando diversas diligencias para establecer si en este hecho hay\u00a0participaci\u00f3n de terceras personas o fue un hecho natural\u201d, coment\u00f3 el comisario Rachid Venegas de la BIDEMA Ays\u00e9n.<\/p>\n<p style=\"text-align: justify;\">El trabajo realizado por los peritos consisti\u00f3 principalmente en la fijaci\u00f3n planim\u00e9trica y fotogr\u00e1fica de la disposici\u00f3n final de la ballena, \u201cadem\u00e1s, se hizo una inspecci\u00f3n con un robot submarino para ver si\u00a0hab\u00eda alguna arte de pesca o artefacto utilizado para la pesca que pudiese\u00a0haber causado alg\u00fan da\u00f1o a este mam\u00edfero que, finalmente, como consecuencia\u00a0habr\u00eda ocasionado su muerte\u201d, agreg\u00f3 el comisario.<\/p>\n<p style=\"text-align: justify;\">Por ahora las pr\u00f3ximas diligencias se relacionan con entrevistas a testigos, an\u00e1lisis de im\u00e1genes de c\u00e1maras de vigilancia y toma de muestras biol\u00f3gicas que permitan determinar la posible causa de la muerte de este cet\u00e1ceo, cuyos antecedentes ser\u00e1n informados al Ministerio P\u00fablico, considerando que se trata de una especie protegida.<\/p>\n<\/div><\/section><\/div><div  style='height:50px' class='hr hr-invisible   avia-builder-el-6  el_after_av_one_full  el_before_av_social_share '><span class='hr-inner ' ><span class='hr-inner-style'><\/span><\/span><\/div><\/p>\n<div  class='av-social-sharing-box  avia-builder-el-7  el_after_av_hr  el_before_av_hr  '><div class='av-share-box'><h5 class='av-share-link-description av-no-toc '>Compartir esta noticia<\/h5><ul class='av-share-box-list noLightbox'><li class='av-share-link av-social-link-facebook' ><a target=\"_blank\" aria-label=\"Compartir en Facebook\" href='https:\/\/www.facebook.com\/sharer.php?u=https:\/\/radiorevelacionfm.cl\/?p=48105&#038;t=PDI%20realiza%20peritajes%20por%20ballena%20muerta%20en%20cercan%C3%ADas%20de%20centro%20de%20cultivo%20ubicado%20en%20Parque%20Nacional%20Laguna%20San%20Rafael' aria-hidden='false' data-av_icon='\ue8f3' data-av_iconfont='entypo-fontello' title='' data-avia-related-tooltip='Compartir en Facebook' rel=\"noopener\"><span class='avia_hidden_link_text'>Compartir en Facebook<\/span><\/a><\/li><li class='av-share-link av-social-link-twitter' ><a target=\"_blank\" aria-label=\"Compartir en Twitter\" href='https:\/\/twitter.com\/share?text=PDI%20realiza%20peritajes%20por%20ballena%20muerta%20en%20cercan%C3%ADas%20de%20centro%20de%20cultivo%20ubicado%20en%20Parque%20Nacional%20Laguna%20San%20Rafael&#038;url=https:\/\/radiorevelacionfm.cl\/?p=48105' aria-hidden='false' data-av_icon='\ue8f1' data-av_iconfont='entypo-fontello' title='' data-avia-related-tooltip='Compartir en Twitter' rel=\"noopener\"><span class='avia_hidden_link_text'>Compartir en Twitter<\/span><\/a><\/li><li class='av-share-link av-social-link-whatsapp' ><a target=\"_blank\" aria-label=\"Compartir en Whatsapp\" href='https:\/\/api.whatsapp.com\/send?text=https:\/\/radiorevelacionfm.cl\/?p=48105' aria-hidden='false' data-av_icon='\uf232' data-av_iconfont='entypo-fontello' title='' data-avia-related-tooltip='Compartir en Whatsapp' rel=\"noopener\"><span class='avia_hidden_link_text'>Compartir en Whatsapp<\/span><\/a><\/li><li class='av-share-link av-social-link-linkedin' ><a target=\"_blank\" aria-label=\"Compartir en LinkedIn\" href='https:\/\/linkedin.com\/shareArticle?mini=true&#038;title=PDI%20realiza%20peritajes%20por%20ballena%20muerta%20en%20cercan%C3%ADas%20de%20centro%20de%20cultivo%20ubicado%20en%20Parque%20Nacional%20Laguna%20San%20Rafael&#038;url=https:\/\/radiorevelacionfm.cl\/?p=48105' aria-hidden='false' data-av_icon='\ue8fc' data-av_iconfont='entypo-fontello' title='' data-avia-related-tooltip='Compartir en LinkedIn' rel=\"noopener\"><span class='avia_hidden_link_text'>Compartir en LinkedIn<\/span><\/a><\/li><li class='av-share-link av-social-link-mail' ><a  aria-label=\"Compartir por correo\" href='mailto:?subject=PDI%20realiza%20peritajes%20por%20ballena%20muerta%20en%20cercan%C3%ADas%20de%20centro%20de%20cultivo%20ubicado%20en%20Parque%20Nacional%20Laguna%20San%20Rafael&#038;body=https:\/\/radiorevelacionfm.cl\/?p=48105' aria-hidden='false' data-av_icon='\ue805' data-av_iconfont='entypo-fontello' title='' data-avia-related-tooltip='Compartir por correo'><span class='avia_hidden_link_text'>Compartir por correo<\/span><\/a><\/li><\/ul><\/div><\/div>\n<div  style='height:50px' class='hr hr-invisible   avia-builder-el-8  el_after_av_social_share  el_before_av_comments_list '><span class='hr-inner ' ><span class='hr-inner-style'><\/span><\/span><\/div>\n<div  class='av-buildercomment  av-blog-meta-html-info-disabled av-blog-meta-tag-disabled  '><\/div>\n","protected":false},"excerpt":{"rendered":"","protected":false},"author":1,"featured_media":48106,"comment_status":"open","ping_status":"open","sticky":false,"template":"","format":"standard","meta":{"footnotes":""},"categories":[36],"tags":[],"class_list":["post-48105","post","type-post","status-publish","format-standard","has-post-thumbnail","hentry","category-policial"],"jetpack_featured_media_url":"https:\/\/radiorevelacionfm.cl\/wp-content\/uploads\/2024\/11\/diligencias-bidema-y-lacrim-caso-ballena-003-2_optimized-2.jpg","_links":{"self":[{"href":"https:\/\/radiorevelacionfm.cl\/index.php?rest_route=\/wp\/v2\/posts\/48105","targetHints":{"allow":["GET"]}}],"collection":[{"href":"https:\/\/radiorevelacionfm.cl\/index.php?rest_route=\/wp\/v2\/posts"}],"about":[{"href":"https:\/\/radiorevelacionfm.cl\/index.php?rest_route=\/wp\/v2\/types\/post"}],"author":[{"embeddable":true,"href":"https:\/\/radiorevelacionfm.cl\/index.php?rest_route=\/wp\/v2\/users\/1"}],"replies":[{"embeddable":true,"href":"https:\/\/radiorevelacionfm.cl\/index.php?rest_route=%2Fwp%2Fv2%2Fcomments&post=48105"}],"version-history":[{"count":1,"href":"https:\/\/radiorevelacionfm.cl\/index.php?rest_route=\/wp\/v2\/posts\/48105\/revisions"}],"predecessor-version":[{"id":48107,"href":"https:\/\/radiorevelacionfm.cl\/index.php?rest_route=\/wp\/v2\/posts\/48105\/revisions\/48107"}],"wp:featuredmedia":[{"embeddable":true,"href":"https:\/\/radiorevelacionfm.cl\/index.php?rest_route=\/wp\/v2\/media\/48106"}],"wp:attachment":[{"href":"https:\/\/radiorevelacionfm.cl\/index.php?rest_route=%2Fwp%2Fv2%2Fmedia&parent=48105"}],"wp:term":[{"taxonomy":"category","embeddable":true,"href":"https:\/\/radiorevelacionfm.cl\/index.php?rest_route=%2Fwp%2Fv2%2Fcategories&post=48105"},{"taxonomy":"post_tag","embeddable":true,"href":"https:\/\/radiorevelacionfm.cl\/index.php?rest_route=%2Fwp%2Fv2%2Ftags&post=48105"}],"curies":[{"name":"wp","href":"https:\/\/api.w.org\/{rel}","templated":true}]}}