{"id":48102,"date":"2024-11-20T12:41:24","date_gmt":"2024-11-20T15:41:24","guid":{"rendered":"https:\/\/radiorevelacionfm.cl\/?p=48102"},"modified":"2024-11-20T12:41:24","modified_gmt":"2024-11-20T15:41:24","slug":"ciep-participa-en-la-cop16-con-una-ponencia-sobre-el-equilibrio-entre-ciencia-turismo-y-desarrollo-regional","status":"publish","type":"post","link":"https:\/\/radiorevelacionfm.cl\/?p=48102","title":{"rendered":"CIEP participa en la COP16 con una ponencia sobre el equilibrio entre ciencia, turismo y desarrollo regional"},"content":{"rendered":"<div class=\"flex_column av_one_full  flex_column_div av-zero-column-padding first  avia-builder-el-0  el_before_av_one_full  avia-builder-el-first  \" style='border-radius:0px; '><div  class='avia-image-container  av-styling-    avia-builder-el-1  avia-builder-el-no-sibling  avia-align-center '  itemprop=\"image\" itemscope=\"itemscope\" itemtype=\"https:\/\/schema.org\/ImageObject\"  ><div class='avia-image-container-inner'><div class='avia-image-overlay-wrap'><img decoding=\"async\" class='wp-image-48103 avia-img-lazy-loading-not-48103 avia_image' src=\"https:\/\/radiorevelacionfm.cl\/wp-content\/uploads\/2024\/11\/Fabien-COP16-2-2-2.jpg\" alt='' title='Fabien COP16 2-2-2' height=\"600\" width=\"800\"  itemprop=\"thumbnailUrl\" srcset=\"https:\/\/radiorevelacionfm.cl\/wp-content\/uploads\/2024\/11\/Fabien-COP16-2-2-2.jpg 800w, https:\/\/radiorevelacionfm.cl\/wp-content\/uploads\/2024\/11\/Fabien-COP16-2-2-2-300x225.jpg 300w, https:\/\/radiorevelacionfm.cl\/wp-content\/uploads\/2024\/11\/Fabien-COP16-2-2-2-768x576.jpg 768w, https:\/\/radiorevelacionfm.cl\/wp-content\/uploads\/2024\/11\/Fabien-COP16-2-2-2-705x529.jpg 705w, https:\/\/radiorevelacionfm.cl\/wp-content\/uploads\/2024\/11\/Fabien-COP16-2-2-2-450x338.jpg 450w, https:\/\/radiorevelacionfm.cl\/wp-content\/uploads\/2024\/11\/Fabien-COP16-2-2-2-600x450.jpg 600w\" sizes=\"(max-width: 800px) 100vw, 800px\" \/><\/div><\/div><\/div><\/div><div class=\"flex_column av_one_full  flex_column_div av-zero-column-padding first  avia-builder-el-2  el_after_av_one_full  el_before_av_one_full  column-top-margin\" style='border-radius:0px; '><section class=\"av_textblock_section \"  itemscope=\"itemscope\" itemtype=\"https:\/\/schema.org\/BlogPosting\" itemprop=\"blogPost\" ><div class='avia_textblock  '   itemprop=\"text\" ><div style=\"text-align: center;\"><strong><span style=\"font-size: 18pt;\">CIEP participa en la COP16 con una ponencia sobre el equilibrio entre ciencia, turismo y desarrollo regional<\/span><\/strong><\/div>\n<div><\/div>\n<div id=\"gtx-trans\" style=\"position: absolute; left: -50px; top: 4.31534px;\">\n<div class=\"gtx-trans-icon\"><\/div>\n<\/div>\n<\/div><\/section><\/div><div class=\"flex_column av_one_full  flex_column_div av-zero-column-padding first  avia-builder-el-4  el_after_av_one_full  el_before_av_hr  column-top-margin\" style='border-radius:0px; '><section class=\"av_textblock_section \"  itemscope=\"itemscope\" itemtype=\"https:\/\/schema.org\/BlogPosting\" itemprop=\"blogPost\" ><div class='avia_textblock  '   itemprop=\"text\" ><p style=\"text-align: justify;\">Durante la celebraci\u00f3n de la COP16 en Cali, Colombia, el Dr. Fabien Bourlon, investigador del CIEP, ofreci\u00f3 una conferencia en el marco del conversatorio \u00abNaturaleza y Ciencia: hacia un turismo cient\u00edfico de naturaleza\u00bb, organizado por el Instituto Humboldt.<\/p>\n<p style=\"text-align: justify;\">El Centro de Investigaci\u00f3n en Ecosistemas de la Patagonia (CIEP), a trav\u00e9s de su \u00e1rea de investigaci\u00f3n en Turismo Cient\u00edfico, lleva m\u00e1s de 15 a\u00f1os dedicados al estudio y apoyo del desarrollo regional, con el objetivo de fortalecer la industria tur\u00edstica mediante contenido cient\u00edfico y principios de sustentabilidad. El principal investigador de esta l\u00ednea es el Dr. Fabien Bourlon, quien tambi\u00e9n lidera la Red Internacional de Turismo Cient\u00edfico. Recientemente, fue invitado a participar en la cumbre m\u00e1s relevante sobre cambio clim\u00e1tico, que se celebra anualmente desde 1995, para discutir nuevas estrategias y compromisos globales. En su presentaci\u00f3n tituladaExperiencias de articulaci\u00f3n entre ciencia, turismo y desarrollo regional, el Dr. Bourlon destac\u00f3 la relevancia de integrar la ciencia en la creaci\u00f3n de un modelo de turismo sostenible. \u00abLos cient\u00edficos somos conscientes de la necesidad de buscar alianzas entre actores del turismo y el sector de la ciencia, para proteger efectivamente la biodiversidad y a la vez apoyar el desarrollo de las regiones\u00bb, afirm\u00f3 el Dr. Bourlon durante su intervenci\u00f3n.<\/p>\n<p style=\"text-align: justify;\">La COP (Conferencia de las Partes) es el evento anual organizado por las Naciones Unidas en el marco de la Convenci\u00f3n Marco de las Naciones Unidas sobre el Cambio Clim\u00e1tico (CMNUCC), siendo el principal espacio de negociaci\u00f3n internacional sobre el cambio clim\u00e1tico. La edici\u00f3n de 2024, celebrada bajo el lema \u00abPaz con la Naturaleza\u00bb, se ha enfocado, seg\u00fan la organizaci\u00f3n, en buscar soluciones que mejoren \u00abla relaci\u00f3n que tenemos con el medio ambiente\u00bb. Para llevar a cabo dicha tarea, aseguran, se ha de construir un \u00abmodelo econ\u00f3mico que no priorice la extracci\u00f3n, sobreexplotaci\u00f3n y contaminaci\u00f3n de la naturaleza\u00bb.<\/p>\n<p style=\"text-align: justify;\">Bajo esta premisa, la ponencia del Dr. Bourlon\u00a0cobr\u00f3 especial relevancia puesto que, al incorporar la ciencia en el desarrollo de un modelo de turismo sustentable se pueden tomar decisiones basadas en datos y conocimientos s\u00f3lidos. Esto permite comprender c\u00f3mo afecta el turismo al medio ambiente, facilitando la implementaci\u00f3n de pr\u00e1cticas responsables que preserven la biodiversidad y utilicen de forma responsable los recursos naturales disponibles. Asimismo, utilizando la ciencia como base se pueden dise\u00f1ar estrategias tur\u00edsticas y generar una oferta de productos que asocien el descubrir un lugar, la educaci\u00f3n y actividades recreativas adaptadas a cada regi\u00f3n, respetando las caracter\u00edsticas naturales y sociales de cada lugar, configurando un futuro mejor para un desarrollo responsable de un destino con la integraci\u00f3n de conocimientos cient\u00edficos y ancestrales de las comunidades anfitrionas.<\/p>\n<\/div><\/section><\/div><div  style='height:50px' class='hr hr-invisible   avia-builder-el-6  el_after_av_one_full  el_before_av_social_share '><span class='hr-inner ' ><span class='hr-inner-style'><\/span><\/span><\/div><\/p>\n<div  class='av-social-sharing-box  avia-builder-el-7  el_after_av_hr  el_before_av_hr  '><div class='av-share-box'><h5 class='av-share-link-description av-no-toc '>Compartir esta noticia<\/h5><ul class='av-share-box-list noLightbox'><li class='av-share-link av-social-link-facebook' ><a target=\"_blank\" aria-label=\"Compartir en Facebook\" href='https:\/\/www.facebook.com\/sharer.php?u=https:\/\/radiorevelacionfm.cl\/?p=48102&#038;t=CIEP%20participa%20en%20la%20COP16%20con%20una%20ponencia%20sobre%20el%20equilibrio%20entre%20ciencia%2C%20turismo%20y%20desarrollo%20regional' aria-hidden='false' data-av_icon='\ue8f3' data-av_iconfont='entypo-fontello' title='' data-avia-related-tooltip='Compartir en Facebook' rel=\"noopener\"><span class='avia_hidden_link_text'>Compartir en Facebook<\/span><\/a><\/li><li class='av-share-link av-social-link-twitter' ><a target=\"_blank\" aria-label=\"Compartir en Twitter\" href='https:\/\/twitter.com\/share?text=CIEP%20participa%20en%20la%20COP16%20con%20una%20ponencia%20sobre%20el%20equilibrio%20entre%20ciencia%2C%20turismo%20y%20desarrollo%20regional&#038;url=https:\/\/radiorevelacionfm.cl\/?p=48102' aria-hidden='false' data-av_icon='\ue8f1' data-av_iconfont='entypo-fontello' title='' data-avia-related-tooltip='Compartir en Twitter' rel=\"noopener\"><span class='avia_hidden_link_text'>Compartir en Twitter<\/span><\/a><\/li><li class='av-share-link av-social-link-whatsapp' ><a target=\"_blank\" aria-label=\"Compartir en Whatsapp\" href='https:\/\/api.whatsapp.com\/send?text=https:\/\/radiorevelacionfm.cl\/?p=48102' aria-hidden='false' data-av_icon='\uf232' data-av_iconfont='entypo-fontello' title='' data-avia-related-tooltip='Compartir en Whatsapp' rel=\"noopener\"><span class='avia_hidden_link_text'>Compartir en Whatsapp<\/span><\/a><\/li><li class='av-share-link av-social-link-linkedin' ><a target=\"_blank\" aria-label=\"Compartir en LinkedIn\" href='https:\/\/linkedin.com\/shareArticle?mini=true&#038;title=CIEP%20participa%20en%20la%20COP16%20con%20una%20ponencia%20sobre%20el%20equilibrio%20entre%20ciencia%2C%20turismo%20y%20desarrollo%20regional&#038;url=https:\/\/radiorevelacionfm.cl\/?p=48102' aria-hidden='false' data-av_icon='\ue8fc' data-av_iconfont='entypo-fontello' title='' data-avia-related-tooltip='Compartir en LinkedIn' rel=\"noopener\"><span class='avia_hidden_link_text'>Compartir en LinkedIn<\/span><\/a><\/li><li class='av-share-link av-social-link-mail' ><a  aria-label=\"Compartir por correo\" href='mailto:?subject=CIEP%20participa%20en%20la%20COP16%20con%20una%20ponencia%20sobre%20el%20equilibrio%20entre%20ciencia%2C%20turismo%20y%20desarrollo%20regional&#038;body=https:\/\/radiorevelacionfm.cl\/?p=48102' aria-hidden='false' data-av_icon='\ue805' data-av_iconfont='entypo-fontello' title='' data-avia-related-tooltip='Compartir por correo'><span class='avia_hidden_link_text'>Compartir por correo<\/span><\/a><\/li><\/ul><\/div><\/div>\n<div  style='height:50px' class='hr hr-invisible   avia-builder-el-8  el_after_av_social_share  el_before_av_comments_list '><span class='hr-inner ' ><span class='hr-inner-style'><\/span><\/span><\/div>\n<div  class='av-buildercomment  av-blog-meta-html-info-disabled av-blog-meta-tag-disabled  '><\/div>\n","protected":false},"excerpt":{"rendered":"","protected":false},"author":1,"featured_media":48103,"comment_status":"open","ping_status":"open","sticky":false,"template":"","format":"standard","meta":{"footnotes":""},"categories":[38],"tags":[],"class_list":["post-48102","post","type-post","status-publish","format-standard","has-post-thumbnail","hentry","category-regional"],"jetpack_featured_media_url":"https:\/\/radiorevelacionfm.cl\/wp-content\/uploads\/2024\/11\/Fabien-COP16-2-2-2.jpg","_links":{"self":[{"href":"https:\/\/radiorevelacionfm.cl\/index.php?rest_route=\/wp\/v2\/posts\/48102","targetHints":{"allow":["GET"]}}],"collection":[{"href":"https:\/\/radiorevelacionfm.cl\/index.php?rest_route=\/wp\/v2\/posts"}],"about":[{"href":"https:\/\/radiorevelacionfm.cl\/index.php?rest_route=\/wp\/v2\/types\/post"}],"author":[{"embeddable":true,"href":"https:\/\/radiorevelacionfm.cl\/index.php?rest_route=\/wp\/v2\/users\/1"}],"replies":[{"embeddable":true,"href":"https:\/\/radiorevelacionfm.cl\/index.php?rest_route=%2Fwp%2Fv2%2Fcomments&post=48102"}],"version-history":[{"count":1,"href":"https:\/\/radiorevelacionfm.cl\/index.php?rest_route=\/wp\/v2\/posts\/48102\/revisions"}],"predecessor-version":[{"id":48104,"href":"https:\/\/radiorevelacionfm.cl\/index.php?rest_route=\/wp\/v2\/posts\/48102\/revisions\/48104"}],"wp:featuredmedia":[{"embeddable":true,"href":"https:\/\/radiorevelacionfm.cl\/index.php?rest_route=\/wp\/v2\/media\/48103"}],"wp:attachment":[{"href":"https:\/\/radiorevelacionfm.cl\/index.php?rest_route=%2Fwp%2Fv2%2Fmedia&parent=48102"}],"wp:term":[{"taxonomy":"category","embeddable":true,"href":"https:\/\/radiorevelacionfm.cl\/index.php?rest_route=%2Fwp%2Fv2%2Fcategories&post=48102"},{"taxonomy":"post_tag","embeddable":true,"href":"https:\/\/radiorevelacionfm.cl\/index.php?rest_route=%2Fwp%2Fv2%2Ftags&post=48102"}],"curies":[{"name":"wp","href":"https:\/\/api.w.org\/{rel}","templated":true}]}}