{"id":4810,"date":"2021-06-02T11:39:04","date_gmt":"2021-06-02T14:39:04","guid":{"rendered":"https:\/\/radiorevelacionfm.cl\/?p=4810"},"modified":"2021-06-02T11:39:04","modified_gmt":"2021-06-02T14:39:04","slug":"fondo-de-medios-permitira-que-radio-de-villa-la-tapera-renueve-sus-equipos","status":"publish","type":"post","link":"https:\/\/radiorevelacionfm.cl\/?p=4810","title":{"rendered":"Fondo de Medios permitir\u00e1 que radio de Villa La Tapera renueve sus equipos"},"content":{"rendered":"<div class=\"flex_column av_one_full  flex_column_div av-zero-column-padding first  avia-builder-el-0  el_before_av_one_full  avia-builder-el-first  \" style='border-radius:0px; '><div  class='avia-image-container  av-styling-    avia-builder-el-1  avia-builder-el-no-sibling  avia-align-center '  itemprop=\"image\" itemscope=\"itemscope\" itemtype=\"https:\/\/schema.org\/ImageObject\"  ><div class='avia-image-container-inner'><div class='avia-image-overlay-wrap'><img decoding=\"async\" class='wp-image-4811 avia-img-lazy-loading-not-4811 avia_image' src=\"https:\/\/radiorevelacionfm.cl\/wp-content\/uploads\/2021\/06\/Radio-Tapera-1-1-1.jpeg\" alt='' title='Radio Tapera 1 (1) (1)' height=\"600\" width=\"929\"  itemprop=\"thumbnailUrl\" srcset=\"https:\/\/radiorevelacionfm.cl\/wp-content\/uploads\/2021\/06\/Radio-Tapera-1-1-1.jpeg 929w, https:\/\/radiorevelacionfm.cl\/wp-content\/uploads\/2021\/06\/Radio-Tapera-1-1-1-300x194.jpeg 300w, https:\/\/radiorevelacionfm.cl\/wp-content\/uploads\/2021\/06\/Radio-Tapera-1-1-1-768x496.jpeg 768w, https:\/\/radiorevelacionfm.cl\/wp-content\/uploads\/2021\/06\/Radio-Tapera-1-1-1-705x455.jpeg 705w, https:\/\/radiorevelacionfm.cl\/wp-content\/uploads\/2021\/06\/Radio-Tapera-1-1-1-600x388.jpeg 600w\" sizes=\"(max-width: 929px) 100vw, 929px\" \/><\/div><\/div><\/div><\/div><div class=\"flex_column av_one_full  flex_column_div av-zero-column-padding first  avia-builder-el-2  el_after_av_one_full  el_before_av_one_full  column-top-margin\" style='border-radius:0px; '><section class=\"av_textblock_section \"  itemscope=\"itemscope\" itemtype=\"https:\/\/schema.org\/BlogPosting\" itemprop=\"blogPost\" ><div class='avia_textblock  '   itemprop=\"text\" ><p style=\"text-align: center;\"><span style=\"font-size: 18pt;\"><strong>Fondo de Medios permitir\u00e1 que radio de Villa La Tapera renueve sus equipos\u00a0<\/strong><\/span><\/p>\n<div id=\"gtx-trans\" style=\"position: absolute; left: -50px; top: 4.31534px;\">\n<div class=\"gtx-trans-icon\"><\/div>\n<\/div>\n<\/div><\/section><\/div><div class=\"flex_column av_one_full  flex_column_div av-zero-column-padding first  avia-builder-el-4  el_after_av_one_full  el_before_av_hr  column-top-margin\" style='border-radius:0px; '><section class=\"av_textblock_section \"  itemscope=\"itemscope\" itemtype=\"https:\/\/schema.org\/BlogPosting\" itemprop=\"blogPost\" ><div class='avia_textblock  '   itemprop=\"text\" ><p style=\"text-align: justify;\">En un trabajo descentralizador, como ha sido la gesti\u00f3n del Alcalde Nelson Opazo L\u00f3pez, el equipo profesional y t\u00e9cnico de la Municipalidad de Lago Verde elabor\u00f3 un proyecto tendiente a renovar los equipos de radio \u201cla Voz de la Tapera\u201d, que permiten entregar una programaci\u00f3n variada junto al trabajo que a diario desarrollan Andrea Neserke y Carolina Flores, locutoras de esta casa radial.<\/p>\n<p style=\"text-align: justify;\">La iniciativa fue postulada al Fondo de Medios del Gobierno Regional de Ays\u00e9n y ya est\u00e1 aprobada. Lo que fue ampliamente valorado por el jefe comunal.<\/p>\n<p style=\"text-align: justify;\">\u201cEn esta oportunidad nos hemos adjudicado a trav\u00e9s del Fondo de Medios un proyecto para la radio de Villa La Tapera. Felicitar a nuestro equipo, agradecer al Consejo Regional por su apoyo en esa materia a una comuna como la nuestra. Por cierto felicitar tanto a Andrea como a Carolina, quienes laboran en el d\u00eda a d\u00eda, en funciones de poder conectar y comunicar a nuestra gente en torno a los temas de inter\u00e9s. As\u00ed es que, muy contento por esta adjudicaci\u00f3n que en los pr\u00f3ximos d\u00edas significar\u00e1 material este proyecto\u201d, coment\u00f3 el Alcalde Nelson Opazo.<\/p>\n<p style=\"text-align: justify;\">Una de las locutoras de la radio \u201cLa Voz de la Tapera\u201d, Andrea Neserke, dio a conocer su alegr\u00eda por el significado que tiene cambiar equipos y mejorar la tecnolog\u00eda, ya que, ello va en directo beneficio de los auditores y permiten un mejor desempe\u00f1o en la emisora.<\/p>\n<p style=\"text-align: justify;\">\u201cPara nosotras como locutoras de radio La Voz de la Tapera, la adjudicaci\u00f3n de este proyecto a trav\u00e9s del Fondo de Medios fue una muy buena noticia que llega en el mejor momento. Agradecer al Municipio, quienes fueron los encargados de la formulaci\u00f3n de este proyecto que va a permitir una mejora considerable en nuestra emisora. Tambi\u00e9n, esto va en directo beneficio de nuestros auditores, ya que, por supuesto que tenemos que estar m\u00e1s informados que nunca de todo lo que est\u00e1 pasando a nivel local, a nivel comunal y regional. As\u00ed es que, estamos muy contentas con la adjudicaci\u00f3n de este proyecto\u201d.<\/p>\n<p style=\"text-align: justify;\">La radio municipal de Villa La Tapera, es un medio de comunicaci\u00f3n que mantiene durante gran parte del d\u00eda una programaci\u00f3n local, con programas miscel\u00e1neos, m\u00fasica para todas las edades, avisos y noticias gracias a la \u201cRed del Sol\u201d, que de lunes a viernes encabeza radio Fm del Sol de Ma\u00f1ihuales.<\/p>\n<\/div><\/section><\/div><div  style='height:50px' class='hr hr-invisible   avia-builder-el-6  el_after_av_one_full  el_before_av_social_share '><span class='hr-inner ' ><span class='hr-inner-style'><\/span><\/span><\/div><\/p>\n<div  class='av-social-sharing-box  avia-builder-el-7  el_after_av_hr  el_before_av_hr  '><div class='av-share-box'><h5 class='av-share-link-description av-no-toc '>Compartir esta noticia<\/h5><ul class='av-share-box-list noLightbox'><li class='av-share-link av-social-link-facebook' ><a target=\"_blank\" aria-label=\"Compartir en Facebook\" href='https:\/\/www.facebook.com\/sharer.php?u=https:\/\/radiorevelacionfm.cl\/?p=4810&#038;t=Fondo%20de%20Medios%20permitir%C3%A1%20que%20radio%20de%20Villa%20La%20Tapera%20renueve%20sus%20equipos' aria-hidden='false' data-av_icon='\ue8f3' data-av_iconfont='entypo-fontello' title='' data-avia-related-tooltip='Compartir en Facebook' rel=\"noopener\"><span class='avia_hidden_link_text'>Compartir en Facebook<\/span><\/a><\/li><li class='av-share-link av-social-link-twitter' ><a target=\"_blank\" aria-label=\"Compartir en Twitter\" href='https:\/\/twitter.com\/share?text=Fondo%20de%20Medios%20permitir%C3%A1%20que%20radio%20de%20Villa%20La%20Tapera%20renueve%20sus%20equipos&#038;url=https:\/\/radiorevelacionfm.cl\/?p=4810' aria-hidden='false' data-av_icon='\ue8f1' data-av_iconfont='entypo-fontello' title='' data-avia-related-tooltip='Compartir en Twitter' rel=\"noopener\"><span class='avia_hidden_link_text'>Compartir en Twitter<\/span><\/a><\/li><li class='av-share-link av-social-link-whatsapp' ><a target=\"_blank\" aria-label=\"Compartir en Whatsapp\" href='https:\/\/api.whatsapp.com\/send?text=https:\/\/radiorevelacionfm.cl\/?p=4810' aria-hidden='false' data-av_icon='\uf232' data-av_iconfont='entypo-fontello' title='' data-avia-related-tooltip='Compartir en Whatsapp' rel=\"noopener\"><span class='avia_hidden_link_text'>Compartir en Whatsapp<\/span><\/a><\/li><li class='av-share-link av-social-link-linkedin' ><a target=\"_blank\" aria-label=\"Compartir en LinkedIn\" href='https:\/\/linkedin.com\/shareArticle?mini=true&#038;title=Fondo%20de%20Medios%20permitir%C3%A1%20que%20radio%20de%20Villa%20La%20Tapera%20renueve%20sus%20equipos&#038;url=https:\/\/radiorevelacionfm.cl\/?p=4810' aria-hidden='false' data-av_icon='\ue8fc' data-av_iconfont='entypo-fontello' title='' data-avia-related-tooltip='Compartir en LinkedIn' rel=\"noopener\"><span class='avia_hidden_link_text'>Compartir en LinkedIn<\/span><\/a><\/li><li class='av-share-link av-social-link-mail' ><a  aria-label=\"Compartir por correo\" href='mailto:?subject=Fondo%20de%20Medios%20permitir%C3%A1%20que%20radio%20de%20Villa%20La%20Tapera%20renueve%20sus%20equipos&#038;body=https:\/\/radiorevelacionfm.cl\/?p=4810' aria-hidden='false' data-av_icon='\ue805' data-av_iconfont='entypo-fontello' title='' data-avia-related-tooltip='Compartir por correo'><span class='avia_hidden_link_text'>Compartir por correo<\/span><\/a><\/li><\/ul><\/div><\/div>\n<div  style='height:50px' class='hr hr-invisible   avia-builder-el-8  el_after_av_social_share  el_before_av_comments_list '><span class='hr-inner ' ><span class='hr-inner-style'><\/span><\/span><\/div>\n<div  class='av-buildercomment  av-blog-meta-html-info-disabled av-blog-meta-tag-disabled  '><\/div>\n","protected":false},"excerpt":{"rendered":"","protected":false},"author":1,"featured_media":4811,"comment_status":"open","ping_status":"open","sticky":false,"template":"","format":"standard","meta":{"footnotes":""},"categories":[38],"tags":[],"class_list":["post-4810","post","type-post","status-publish","format-standard","has-post-thumbnail","hentry","category-regional"],"jetpack_featured_media_url":"https:\/\/radiorevelacionfm.cl\/wp-content\/uploads\/2021\/06\/Radio-Tapera-1-1-1.jpeg","_links":{"self":[{"href":"https:\/\/radiorevelacionfm.cl\/index.php?rest_route=\/wp\/v2\/posts\/4810","targetHints":{"allow":["GET"]}}],"collection":[{"href":"https:\/\/radiorevelacionfm.cl\/index.php?rest_route=\/wp\/v2\/posts"}],"about":[{"href":"https:\/\/radiorevelacionfm.cl\/index.php?rest_route=\/wp\/v2\/types\/post"}],"author":[{"embeddable":true,"href":"https:\/\/radiorevelacionfm.cl\/index.php?rest_route=\/wp\/v2\/users\/1"}],"replies":[{"embeddable":true,"href":"https:\/\/radiorevelacionfm.cl\/index.php?rest_route=%2Fwp%2Fv2%2Fcomments&post=4810"}],"version-history":[{"count":1,"href":"https:\/\/radiorevelacionfm.cl\/index.php?rest_route=\/wp\/v2\/posts\/4810\/revisions"}],"predecessor-version":[{"id":4812,"href":"https:\/\/radiorevelacionfm.cl\/index.php?rest_route=\/wp\/v2\/posts\/4810\/revisions\/4812"}],"wp:featuredmedia":[{"embeddable":true,"href":"https:\/\/radiorevelacionfm.cl\/index.php?rest_route=\/wp\/v2\/media\/4811"}],"wp:attachment":[{"href":"https:\/\/radiorevelacionfm.cl\/index.php?rest_route=%2Fwp%2Fv2%2Fmedia&parent=4810"}],"wp:term":[{"taxonomy":"category","embeddable":true,"href":"https:\/\/radiorevelacionfm.cl\/index.php?rest_route=%2Fwp%2Fv2%2Fcategories&post=4810"},{"taxonomy":"post_tag","embeddable":true,"href":"https:\/\/radiorevelacionfm.cl\/index.php?rest_route=%2Fwp%2Fv2%2Ftags&post=4810"}],"curies":[{"name":"wp","href":"https:\/\/api.w.org\/{rel}","templated":true}]}}