{"id":48099,"date":"2024-11-20T10:19:49","date_gmt":"2024-11-20T13:19:49","guid":{"rendered":"https:\/\/radiorevelacionfm.cl\/?p=48099"},"modified":"2024-11-20T10:19:49","modified_gmt":"2024-11-20T13:19:49","slug":"invitan-a-postular-a-mediador-a-penal-juvenil-acreditado-a-para-el-nuevo-servicio-de-reinsercion-social-juvenil","status":"publish","type":"post","link":"https:\/\/radiorevelacionfm.cl\/?p=48099","title":{"rendered":"Invitan a postular a mediador\/a penal juvenil acreditado\/a para el nuevo Servicio de Reinserci\u00f3n Social Juvenil"},"content":{"rendered":"<div class=\"flex_column av_one_full  flex_column_div av-zero-column-padding first  avia-builder-el-0  el_before_av_one_full  avia-builder-el-first  \" style='border-radius:0px; '><div  class='avia-image-container  av-styling-    avia-builder-el-1  avia-builder-el-no-sibling  avia-align-center '  itemprop=\"image\" itemscope=\"itemscope\" itemtype=\"https:\/\/schema.org\/ImageObject\"  ><div class='avia-image-container-inner'><div class='avia-image-overlay-wrap'><img decoding=\"async\" class='wp-image-48100 avia-img-lazy-loading-not-48100 avia_image' src=\"https:\/\/radiorevelacionfm.cl\/wp-content\/uploads\/2024\/11\/mediadores-2_optimized-2.jpg\" alt='' title='mediadores-2_optimized-2' height=\"860\" width=\"799\"  itemprop=\"thumbnailUrl\" srcset=\"https:\/\/radiorevelacionfm.cl\/wp-content\/uploads\/2024\/11\/mediadores-2_optimized-2.jpg 799w, https:\/\/radiorevelacionfm.cl\/wp-content\/uploads\/2024\/11\/mediadores-2_optimized-2-279x300.jpg 279w, https:\/\/radiorevelacionfm.cl\/wp-content\/uploads\/2024\/11\/mediadores-2_optimized-2-768x827.jpg 768w, https:\/\/radiorevelacionfm.cl\/wp-content\/uploads\/2024\/11\/mediadores-2_optimized-2-655x705.jpg 655w, https:\/\/radiorevelacionfm.cl\/wp-content\/uploads\/2024\/11\/mediadores-2_optimized-2-450x484.jpg 450w, https:\/\/radiorevelacionfm.cl\/wp-content\/uploads\/2024\/11\/mediadores-2_optimized-2-600x646.jpg 600w\" sizes=\"(max-width: 799px) 100vw, 799px\" \/><\/div><\/div><\/div><\/div><div class=\"flex_column av_one_full  flex_column_div av-zero-column-padding first  avia-builder-el-2  el_after_av_one_full  el_before_av_one_full  column-top-margin\" style='border-radius:0px; '><section class=\"av_textblock_section \"  itemscope=\"itemscope\" itemtype=\"https:\/\/schema.org\/BlogPosting\" itemprop=\"blogPost\" ><div class='avia_textblock  '   itemprop=\"text\" ><p style=\"text-align: center;\"><strong><span style=\"font-size: 18pt;\">Invitan a postular a mediador\/a penal juvenil acreditado\/a para el nuevo Servicio de Reinserci\u00f3n Social Juvenil<\/span><\/strong><\/p>\n<div id=\"gtx-trans\" style=\"position: absolute; left: -50px; top: 4.31534px;\">\n<div class=\"gtx-trans-icon\"><\/div>\n<\/div>\n<\/div><\/section><\/div><div class=\"flex_column av_one_full  flex_column_div av-zero-column-padding first  avia-builder-el-4  el_after_av_one_full  el_before_av_hr  column-top-margin\" style='border-radius:0px; '><section class=\"av_textblock_section \"  itemscope=\"itemscope\" itemtype=\"https:\/\/schema.org\/BlogPosting\" itemprop=\"blogPost\" ><div class='avia_textblock  '   itemprop=\"text\" ><p style=\"text-align: justify;\">Con la entrada en vigencia de la Ley N\u00b021.527, que crea el Servicio Nacional de Reinserci\u00f3n Social Juvenil y que inicia su implementaci\u00f3n en nuestra regi\u00f3n el 13 de enero de 2025, es que actualmente se encuentra abierto el proceso de postulaci\u00f3n para mediador\/a penal juvenil acreditado\/a en la macrozona sur, siendo una innovaci\u00f3n y complemento a la justicia procesal penal y favoreciendo la utilizaci\u00f3n de alternativas al juicio oral. \u200b<\/p>\n<p style=\"text-align: justify;\">Dicha convocatoria se mantendr\u00e1 abierta hasta el 6 de diciembre pr\u00f3ximo, y busca acreditar a personas naturales que quieran colaborar, ejecutando el programa de Mediaci\u00f3n Penal Juvenil y el componente de mediaci\u00f3n del programa Servicios en Beneficio a la Comunidad y Reparaci\u00f3n del Da\u00f1o.<\/p>\n<p style=\"text-align: justify;\">El seremi de Justicia y Derechos Humanos Samuel Navarro Castro explic\u00f3 que \u201chay una convocatoria abierta para la inscripci\u00f3n de mediadores para el nuevo servicio de reinserci\u00f3n social juvenil cuya labor fundamentalmente va a estar abocada a este aspecto que cambia la ley que se refiere a la mediaci\u00f3n penal en el \u00e1mbito de la justicia juvenil, la idea es que puedan participar aquellas personas que cumplan con los requisitos que exige el Consejo de Est\u00e1ndares y Acreditaci\u00f3n que tambi\u00e9n tiene la nueva institucionalidad y esta apertura de postulaciones estar\u00e1 abierta hasta el pr\u00f3ximo 6 de diciembre, no olvidar que la nueva institucionalidad comienza el 13 de enero en toda la macrozona sur desde el Maule hasta Magallanes, ahora los interesado pueden hacer consultas en el enlace <a href=\"http:\/\/www.xn--reinsercinjuvenil-oyb.gob.cl\/\">www.reinserci\u00f3njuvenil.gob.cl<\/a>, la convocatoria es para personas naturales y esperamos que puedan tener \u00e9xito en esta postulaci\u00f3n a esta importante funci\u00f3n en el marco del nuevo servicio de reinserci\u00f3n social juvenil\u201d.<\/p>\n<p style=\"text-align: justify;\">Ahora, dentro de los requisitos para postular figuran: t\u00edtulo profesional de una carrera universitaria de a lo menos ocho semestres de duraci\u00f3n, reconocida por el Estado; acreditar formaci\u00f3n especializada en mediaci\u00f3n; acreditar formaci\u00f3n en materias de infancia, adolescencia, victimolog\u00eda, proceso penal juvenil y\/o justicia restaurativa; no haber sido condenada\/o por crimen o simple delito, por maltrato constitutivo de violencia intrafamiliar; no encontrarse afecta\/o a las incompatibilidades e inhabilidades indicadas en el art\u00edculo 36 de la Ley N\u00b021.527; cumplir con los est\u00e1ndares para personas naturales aprobados mediante Resoluci\u00f3n Exenta N\u00b0039\/2023 del Servicio Nacional de Reinserci\u00f3n Social Juvenil.<\/p>\n<p style=\"text-align: justify;\">Finalmente, se\u00f1alar que los mediadores p\u00fablicos deber\u00e1n cumplir con los requisitos legales para ser contratados y con los est\u00e1ndares para personas naturales que son aprobados por el Consejo de Est\u00e1ndares y Acreditaci\u00f3n (CEA). Dicha acreditaci\u00f3n tiene una vigencia de tres a\u00f1os, renovable por igual periodo, siempre que se mantenga el cumplimiento de los est\u00e1ndares definidos para tal efecto. Quienes lo deseen y cumplan con lo dispuesto por ley, podr\u00e1n solicitar su reacreditaci\u00f3n.<\/p>\n<\/div><\/section><\/div><div  style='height:50px' class='hr hr-invisible   avia-builder-el-6  el_after_av_one_full  el_before_av_social_share '><span class='hr-inner ' ><span class='hr-inner-style'><\/span><\/span><\/div><\/p>\n<div  class='av-social-sharing-box  avia-builder-el-7  el_after_av_hr  el_before_av_hr  '><div class='av-share-box'><h5 class='av-share-link-description av-no-toc '>Compartir esta noticia<\/h5><ul class='av-share-box-list noLightbox'><li class='av-share-link av-social-link-facebook' ><a target=\"_blank\" aria-label=\"Compartir en Facebook\" href='https:\/\/www.facebook.com\/sharer.php?u=https:\/\/radiorevelacionfm.cl\/?p=48099&#038;t=Invitan%20a%20postular%20a%20mediador%2Fa%20penal%20juvenil%20acreditado%2Fa%20para%20el%20nuevo%20Servicio%20de%20Reinserci%C3%B3n%20Social%20Juvenil' aria-hidden='false' data-av_icon='\ue8f3' data-av_iconfont='entypo-fontello' title='' data-avia-related-tooltip='Compartir en Facebook' rel=\"noopener\"><span class='avia_hidden_link_text'>Compartir en Facebook<\/span><\/a><\/li><li class='av-share-link av-social-link-twitter' ><a target=\"_blank\" aria-label=\"Compartir en Twitter\" href='https:\/\/twitter.com\/share?text=Invitan%20a%20postular%20a%20mediador%2Fa%20penal%20juvenil%20acreditado%2Fa%20para%20el%20nuevo%20Servicio%20de%20Reinserci%C3%B3n%20Social%20Juvenil&#038;url=https:\/\/radiorevelacionfm.cl\/?p=48099' aria-hidden='false' data-av_icon='\ue8f1' data-av_iconfont='entypo-fontello' title='' data-avia-related-tooltip='Compartir en Twitter' rel=\"noopener\"><span class='avia_hidden_link_text'>Compartir en Twitter<\/span><\/a><\/li><li class='av-share-link av-social-link-whatsapp' ><a target=\"_blank\" aria-label=\"Compartir en Whatsapp\" href='https:\/\/api.whatsapp.com\/send?text=https:\/\/radiorevelacionfm.cl\/?p=48099' aria-hidden='false' data-av_icon='\uf232' data-av_iconfont='entypo-fontello' title='' data-avia-related-tooltip='Compartir en Whatsapp' rel=\"noopener\"><span class='avia_hidden_link_text'>Compartir en Whatsapp<\/span><\/a><\/li><li class='av-share-link av-social-link-linkedin' ><a target=\"_blank\" aria-label=\"Compartir en LinkedIn\" href='https:\/\/linkedin.com\/shareArticle?mini=true&#038;title=Invitan%20a%20postular%20a%20mediador%2Fa%20penal%20juvenil%20acreditado%2Fa%20para%20el%20nuevo%20Servicio%20de%20Reinserci%C3%B3n%20Social%20Juvenil&#038;url=https:\/\/radiorevelacionfm.cl\/?p=48099' aria-hidden='false' data-av_icon='\ue8fc' data-av_iconfont='entypo-fontello' title='' data-avia-related-tooltip='Compartir en LinkedIn' rel=\"noopener\"><span class='avia_hidden_link_text'>Compartir en LinkedIn<\/span><\/a><\/li><li class='av-share-link av-social-link-mail' ><a  aria-label=\"Compartir por correo\" href='mailto:?subject=Invitan%20a%20postular%20a%20mediador%2Fa%20penal%20juvenil%20acreditado%2Fa%20para%20el%20nuevo%20Servicio%20de%20Reinserci%C3%B3n%20Social%20Juvenil&#038;body=https:\/\/radiorevelacionfm.cl\/?p=48099' aria-hidden='false' data-av_icon='\ue805' data-av_iconfont='entypo-fontello' title='' data-avia-related-tooltip='Compartir por correo'><span class='avia_hidden_link_text'>Compartir por correo<\/span><\/a><\/li><\/ul><\/div><\/div>\n<div  style='height:50px' class='hr hr-invisible   avia-builder-el-8  el_after_av_social_share  el_before_av_comments_list '><span class='hr-inner ' ><span class='hr-inner-style'><\/span><\/span><\/div>\n<div  class='av-buildercomment  av-blog-meta-html-info-disabled av-blog-meta-tag-disabled  '><\/div>\n","protected":false},"excerpt":{"rendered":"","protected":false},"author":1,"featured_media":48100,"comment_status":"open","ping_status":"open","sticky":false,"template":"","format":"standard","meta":{"footnotes":""},"categories":[55],"tags":[],"class_list":["post-48099","post","type-post","status-publish","format-standard","has-post-thumbnail","hentry","category-justicia"],"jetpack_featured_media_url":"https:\/\/radiorevelacionfm.cl\/wp-content\/uploads\/2024\/11\/mediadores-2_optimized-2.jpg","_links":{"self":[{"href":"https:\/\/radiorevelacionfm.cl\/index.php?rest_route=\/wp\/v2\/posts\/48099","targetHints":{"allow":["GET"]}}],"collection":[{"href":"https:\/\/radiorevelacionfm.cl\/index.php?rest_route=\/wp\/v2\/posts"}],"about":[{"href":"https:\/\/radiorevelacionfm.cl\/index.php?rest_route=\/wp\/v2\/types\/post"}],"author":[{"embeddable":true,"href":"https:\/\/radiorevelacionfm.cl\/index.php?rest_route=\/wp\/v2\/users\/1"}],"replies":[{"embeddable":true,"href":"https:\/\/radiorevelacionfm.cl\/index.php?rest_route=%2Fwp%2Fv2%2Fcomments&post=48099"}],"version-history":[{"count":1,"href":"https:\/\/radiorevelacionfm.cl\/index.php?rest_route=\/wp\/v2\/posts\/48099\/revisions"}],"predecessor-version":[{"id":48101,"href":"https:\/\/radiorevelacionfm.cl\/index.php?rest_route=\/wp\/v2\/posts\/48099\/revisions\/48101"}],"wp:featuredmedia":[{"embeddable":true,"href":"https:\/\/radiorevelacionfm.cl\/index.php?rest_route=\/wp\/v2\/media\/48100"}],"wp:attachment":[{"href":"https:\/\/radiorevelacionfm.cl\/index.php?rest_route=%2Fwp%2Fv2%2Fmedia&parent=48099"}],"wp:term":[{"taxonomy":"category","embeddable":true,"href":"https:\/\/radiorevelacionfm.cl\/index.php?rest_route=%2Fwp%2Fv2%2Fcategories&post=48099"},{"taxonomy":"post_tag","embeddable":true,"href":"https:\/\/radiorevelacionfm.cl\/index.php?rest_route=%2Fwp%2Fv2%2Ftags&post=48099"}],"curies":[{"name":"wp","href":"https:\/\/api.w.org\/{rel}","templated":true}]}}