{"id":48093,"date":"2024-11-20T09:49:46","date_gmt":"2024-11-20T12:49:46","guid":{"rendered":"https:\/\/radiorevelacionfm.cl\/?p=48093"},"modified":"2024-11-20T09:49:46","modified_gmt":"2024-11-20T12:49:46","slug":"expertos-nacionales-y-regionales-se-reunen-para-actualizar-conocimientos-y-aunar-criterios-sobre-el-uso-racional-de-antimicrobianos","status":"publish","type":"post","link":"https:\/\/radiorevelacionfm.cl\/?p=48093","title":{"rendered":"Expertos nacionales y regionales se re\u00fanen para actualizar conocimientos y aunar criterios sobre el uso racional de antimicrobianos"},"content":{"rendered":"<div class=\"flex_column av_one_full  flex_column_div av-zero-column-padding first  avia-builder-el-0  el_before_av_one_full  avia-builder-el-first  \" style='border-radius:0px; '><div  class='avia-image-container  av-styling-    avia-builder-el-1  avia-builder-el-no-sibling  avia-align-center '  itemprop=\"image\" itemscope=\"itemscope\" itemtype=\"https:\/\/schema.org\/ImageObject\"  ><div class='avia-image-container-inner'><div class='avia-image-overlay-wrap'><img decoding=\"async\" class='wp-image-48094 avia-img-lazy-loading-not-48094 avia_image' src=\"https:\/\/radiorevelacionfm.cl\/wp-content\/uploads\/2024\/11\/Jornada-RAM-2024-1-2-2.jpeg\" alt='' title='Jornada RAM 2024 (1)-2-2' height=\"600\" width=\"800\"  itemprop=\"thumbnailUrl\" srcset=\"https:\/\/radiorevelacionfm.cl\/wp-content\/uploads\/2024\/11\/Jornada-RAM-2024-1-2-2.jpeg 800w, https:\/\/radiorevelacionfm.cl\/wp-content\/uploads\/2024\/11\/Jornada-RAM-2024-1-2-2-300x225.jpeg 300w, https:\/\/radiorevelacionfm.cl\/wp-content\/uploads\/2024\/11\/Jornada-RAM-2024-1-2-2-768x576.jpeg 768w, https:\/\/radiorevelacionfm.cl\/wp-content\/uploads\/2024\/11\/Jornada-RAM-2024-1-2-2-705x529.jpeg 705w, https:\/\/radiorevelacionfm.cl\/wp-content\/uploads\/2024\/11\/Jornada-RAM-2024-1-2-2-450x338.jpeg 450w, https:\/\/radiorevelacionfm.cl\/wp-content\/uploads\/2024\/11\/Jornada-RAM-2024-1-2-2-600x450.jpeg 600w\" sizes=\"(max-width: 800px) 100vw, 800px\" \/><\/div><\/div><\/div><\/div><div class=\"flex_column av_one_full  flex_column_div av-zero-column-padding first  avia-builder-el-2  el_after_av_one_full  el_before_av_one_full  column-top-margin\" style='border-radius:0px; '><section class=\"av_textblock_section \"  itemscope=\"itemscope\" itemtype=\"https:\/\/schema.org\/BlogPosting\" itemprop=\"blogPost\" ><div class='avia_textblock  '   itemprop=\"text\" ><p style=\"text-align: center;\"><strong><span style=\"font-size: 18pt;\">Expertos nacionales y regionales se re\u00fanen para actualizar conocimientos y aunar criterios sobre el uso racional de antimicrobianos<\/span><\/strong><\/p>\n<div id=\"gtx-trans\" style=\"position: absolute; left: -50px; top: 4.31534px;\">\n<div class=\"gtx-trans-icon\"><\/div>\n<\/div>\n<\/div><\/section><\/div><div class=\"flex_column av_one_full  flex_column_div av-zero-column-padding first  avia-builder-el-4  el_after_av_one_full  el_before_av_hr  column-top-margin\" style='border-radius:0px; '><section class=\"av_textblock_section \"  itemscope=\"itemscope\" itemtype=\"https:\/\/schema.org\/BlogPosting\" itemprop=\"blogPost\" ><div class='avia_textblock  '   itemprop=\"text\" ><p style=\"text-align: justify;\"><em>A nivel mundial, se calcula que entre un 30- 40% de estos medicamentos son prescritos innecesariamente, por lo que es fundamental concientizar a la comunidad sobre su uso en personas, animales y plantas.<\/em><\/p>\n<p style=\"text-align: justify;\">Los antimicrobianos \u2015 antibi\u00f3ticos, antiv\u00edricos, antif\u00fangicos y antiparasitarios\u2014 son medicamentos que se utilizan para prevenir y tratar infecciones en los seres humanos, animales y plantas. Sin embargo, se calcula que entre un 30-40% de \u00e9stos son prescritos innecesariamente, provocando la denominada \u201cresistencia a los antimicrobianos (RAM)\u201d, que surge cuando las bacterias, virus, hongos y par\u00e1sitos cambian a lo largo del tiempo y dejan de responder a los medicamentos.<\/p>\n<p style=\"text-align: justify;\">Es en este contexto y en el marco de la Semana Mundial de la Concientizaci\u00f3n sobre la Resistencia a los Antimicrobianos 2024, que la Seremi de Salud Ays\u00e9n organiz\u00f3 el seminario \u201cUso racional de antimicrobianos y resistencia a los antimicrobianos con enfoque intersectorial\u201d, instancia donde profesionales tanto de la salud humana como animal se reunieron durante dos d\u00edas para abordar tem\u00e1ticas y estrategias que permitan afrontar este tema desde el enfoque de UNA Salud, que procura equilibrar y optimizar de manera sostenible la salud de las personas, animales y ecosistemas.<\/p>\n<p style=\"text-align: justify;\">\u201cEsta tem\u00e1tica que es una prioridad para el sector de salud. Lo que buscamos, es poder instalar escenarios y herramientas que permitan seguir limitando el uso indebido o inadecuado de antimicrobianos, evitando la aparici\u00f3n de nuevos agentes o enfermedades que en el futuro presenten resistencia a estos f\u00e1rmacos. Es importante hablar sobre el uso responsable de los medicamentos, porque est\u00e1n a disposici\u00f3n de todas las personas\u201d, precis\u00f3 la Seremi de Salud Ays\u00e9n, Carmen Monsalve.<\/p>\n<p style=\"text-align: justify;\">La autoridad sanitaria destac\u00f3 que junto con este seminario, que reuni\u00f3 a expertos nacionales y regionales en la materia, adem\u00e1s de profesionales del sector salud, del agro y la acuicultura, durante el mes de noviembre tambi\u00e9n se llev\u00f3 a cabo la \u201cCarpa Farmac\u00e9utica\u201d, iniciativa organizada por la Seremi de Salud con apoyo del Colegio de Qu\u00edmicos Farmac\u00e9uticos y Bioqu\u00edmicos, quienes difundieron el buen uso de los medicamentos y aclararon dudas a la comunidad en las ciudades de Coyhaique y Puerto Ays\u00e9n. \u201cEstas han sido instancias justamente para poder hablar sobre el uso responsable de los f\u00e1rmacos y particularmente de los antibi\u00f3ticos\u201d, agreg\u00f3.<\/p>\n<p style=\"text-align: justify;\"><strong>ANTIBI\u00d3TICOS EN HUMANOS<\/strong><\/p>\n<p style=\"text-align: justify;\">Una de las expositoras del seminario fue la Francisca \u00c1lvarez Rojas, PhD \u00a9 y asistente de investigaci\u00f3n del laboratorio Bacteriophage and Foodborn Pathogen (BaFop) de la Pontificia Universidad Cat\u00f3lica de Chile, quien se refiri\u00f3 a los alcances de la resistencia antimicrobiana y c\u00f3mo enfrentarla.<\/p>\n<p style=\"text-align: justify;\">\u201cEs importante que el personal de la salud tengan en consideraci\u00f3n los agentes etiol\u00f3gicos que causan la enfermedad al momento de querer prescribir un medicamento para que \u00e9ste posteriormente sea funcional y podamos tener opciones como sociedad para enfrentar estos problemas\u201d, indic\u00f3.<\/p>\n<p style=\"text-align: justify;\">La investigadora agreg\u00f3 que, en lo que respecta al uso de antimicrobianos, \u201clo esencial es comprar medicamentos -sobre todo antibi\u00f3ticos- en lugares establecidos, no hacerlo ni en ferias libres ni en la calle. Tambi\u00e9n debemos evitar incumplir el tratamiento dictado por el m\u00e9dico, es decir, si nos sentimos bien el d\u00eda 3, no dejarlo, sino seguir hasta terminar el tratamiento para que \u00e9ste sea realmente efectivo y no generemos microdosis de antibi\u00f3tico en nuestro cuerpo, para as\u00ed no producir bacterias resistentes. Por \u00faltimo, cuidarse de los contagios de pat\u00f3genos, lavar bien los vegetales que tambi\u00e9n tienen carga bacteriana\u201d.<\/p>\n<p style=\"text-align: justify;\"><strong>ANTIBI\u00d3TICOS Y SALMONICULTURA<\/strong><\/p>\n<p style=\"text-align: justify;\">Una de las problem\u00e1ticas emergentes en torno a la resistencia de antimicrobianos, es el uso de antibi\u00f3ticos en la industria del salm\u00f3n. Es por eso, que dentro de este seminario fueron invitados profesionales relacionados a la salmonicultura, para abordar esta tem\u00e1tica de alto impacto en Ays\u00e9n, cuya producci\u00f3n de salm\u00f3nidos alcanza el 49,3% de la producci\u00f3n nacional.<\/p>\n<p style=\"text-align: justify;\">\u201cEn la industria del salm\u00f3n hay muchos mitos. S\u00ed se utilizan antimicrobianos, porque los animales se enferman al igual que el ser humano o una mascota. Sin embargo, el producto que nosotros consumimos no tiene antibi\u00f3ticos, ya que existe un per\u00edodo de carencia que se tiene que cumplir en los animales, y hay un estricto control y muestreo de estos productos tanto por la autoridad competente (Sernapesca) como por las empresas productoras\u201d, se\u00f1al\u00f3 Marcela Lara, m\u00e9dico veterinario y asesora t\u00e9cnica Consejo del Salm\u00f3n.<\/p>\n<p style=\"text-align: justify;\">La asesora t\u00e9cnica del Consejo del Salm\u00f3n, hizo hincapi\u00e9 en que la compra de salmones en lugares establecidos es clave para asegurar la trazabilidad de los productos, \u201cestos lugares cumplen con los est\u00e1ndares que piden los consumidores\u201d, dijo.<\/p>\n<\/div><\/section><\/div><div  style='height:50px' class='hr hr-invisible   avia-builder-el-6  el_after_av_one_full  el_before_av_social_share '><span class='hr-inner ' ><span class='hr-inner-style'><\/span><\/span><\/div><\/p>\n<div  class='av-social-sharing-box  avia-builder-el-7  el_after_av_hr  el_before_av_hr  '><div class='av-share-box'><h5 class='av-share-link-description av-no-toc '>Compartir esta noticia<\/h5><ul class='av-share-box-list noLightbox'><li class='av-share-link av-social-link-facebook' ><a target=\"_blank\" aria-label=\"Compartir en Facebook\" href='https:\/\/www.facebook.com\/sharer.php?u=https:\/\/radiorevelacionfm.cl\/?p=48093&#038;t=Expertos%20nacionales%20y%20regionales%20se%20re%C3%BAnen%20para%20actualizar%20conocimientos%20y%20aunar%20criterios%20sobre%20el%20uso%20racional%20de%20antimicrobianos' aria-hidden='false' data-av_icon='\ue8f3' data-av_iconfont='entypo-fontello' title='' data-avia-related-tooltip='Compartir en Facebook' rel=\"noopener\"><span class='avia_hidden_link_text'>Compartir en Facebook<\/span><\/a><\/li><li class='av-share-link av-social-link-twitter' ><a target=\"_blank\" aria-label=\"Compartir en Twitter\" href='https:\/\/twitter.com\/share?text=Expertos%20nacionales%20y%20regionales%20se%20re%C3%BAnen%20para%20actualizar%20conocimientos%20y%20aunar%20criterios%20sobre%20el%20uso%20racional%20de%20antimicrobianos&#038;url=https:\/\/radiorevelacionfm.cl\/?p=48093' aria-hidden='false' data-av_icon='\ue8f1' data-av_iconfont='entypo-fontello' title='' data-avia-related-tooltip='Compartir en Twitter' rel=\"noopener\"><span class='avia_hidden_link_text'>Compartir en Twitter<\/span><\/a><\/li><li class='av-share-link av-social-link-whatsapp' ><a target=\"_blank\" aria-label=\"Compartir en Whatsapp\" href='https:\/\/api.whatsapp.com\/send?text=https:\/\/radiorevelacionfm.cl\/?p=48093' aria-hidden='false' data-av_icon='\uf232' data-av_iconfont='entypo-fontello' title='' data-avia-related-tooltip='Compartir en Whatsapp' rel=\"noopener\"><span class='avia_hidden_link_text'>Compartir en Whatsapp<\/span><\/a><\/li><li class='av-share-link av-social-link-linkedin' ><a target=\"_blank\" aria-label=\"Compartir en LinkedIn\" href='https:\/\/linkedin.com\/shareArticle?mini=true&#038;title=Expertos%20nacionales%20y%20regionales%20se%20re%C3%BAnen%20para%20actualizar%20conocimientos%20y%20aunar%20criterios%20sobre%20el%20uso%20racional%20de%20antimicrobianos&#038;url=https:\/\/radiorevelacionfm.cl\/?p=48093' aria-hidden='false' data-av_icon='\ue8fc' data-av_iconfont='entypo-fontello' title='' data-avia-related-tooltip='Compartir en LinkedIn' rel=\"noopener\"><span class='avia_hidden_link_text'>Compartir en LinkedIn<\/span><\/a><\/li><li class='av-share-link av-social-link-mail' ><a  aria-label=\"Compartir por correo\" href='mailto:?subject=Expertos%20nacionales%20y%20regionales%20se%20re%C3%BAnen%20para%20actualizar%20conocimientos%20y%20aunar%20criterios%20sobre%20el%20uso%20racional%20de%20antimicrobianos&#038;body=https:\/\/radiorevelacionfm.cl\/?p=48093' aria-hidden='false' data-av_icon='\ue805' data-av_iconfont='entypo-fontello' title='' data-avia-related-tooltip='Compartir por correo'><span class='avia_hidden_link_text'>Compartir por correo<\/span><\/a><\/li><\/ul><\/div><\/div>\n<div  style='height:50px' class='hr hr-invisible   avia-builder-el-8  el_after_av_social_share  el_before_av_comments_list '><span class='hr-inner ' ><span class='hr-inner-style'><\/span><\/span><\/div>\n<div  class='av-buildercomment  av-blog-meta-html-info-disabled av-blog-meta-tag-disabled  '><\/div>\n","protected":false},"excerpt":{"rendered":"","protected":false},"author":1,"featured_media":48094,"comment_status":"open","ping_status":"open","sticky":false,"template":"","format":"standard","meta":{"footnotes":""},"categories":[46],"tags":[],"class_list":["post-48093","post","type-post","status-publish","format-standard","has-post-thumbnail","hentry","category-salud"],"jetpack_featured_media_url":"https:\/\/radiorevelacionfm.cl\/wp-content\/uploads\/2024\/11\/Jornada-RAM-2024-1-2-2.jpeg","_links":{"self":[{"href":"https:\/\/radiorevelacionfm.cl\/index.php?rest_route=\/wp\/v2\/posts\/48093","targetHints":{"allow":["GET"]}}],"collection":[{"href":"https:\/\/radiorevelacionfm.cl\/index.php?rest_route=\/wp\/v2\/posts"}],"about":[{"href":"https:\/\/radiorevelacionfm.cl\/index.php?rest_route=\/wp\/v2\/types\/post"}],"author":[{"embeddable":true,"href":"https:\/\/radiorevelacionfm.cl\/index.php?rest_route=\/wp\/v2\/users\/1"}],"replies":[{"embeddable":true,"href":"https:\/\/radiorevelacionfm.cl\/index.php?rest_route=%2Fwp%2Fv2%2Fcomments&post=48093"}],"version-history":[{"count":1,"href":"https:\/\/radiorevelacionfm.cl\/index.php?rest_route=\/wp\/v2\/posts\/48093\/revisions"}],"predecessor-version":[{"id":48095,"href":"https:\/\/radiorevelacionfm.cl\/index.php?rest_route=\/wp\/v2\/posts\/48093\/revisions\/48095"}],"wp:featuredmedia":[{"embeddable":true,"href":"https:\/\/radiorevelacionfm.cl\/index.php?rest_route=\/wp\/v2\/media\/48094"}],"wp:attachment":[{"href":"https:\/\/radiorevelacionfm.cl\/index.php?rest_route=%2Fwp%2Fv2%2Fmedia&parent=48093"}],"wp:term":[{"taxonomy":"category","embeddable":true,"href":"https:\/\/radiorevelacionfm.cl\/index.php?rest_route=%2Fwp%2Fv2%2Fcategories&post=48093"},{"taxonomy":"post_tag","embeddable":true,"href":"https:\/\/radiorevelacionfm.cl\/index.php?rest_route=%2Fwp%2Fv2%2Ftags&post=48093"}],"curies":[{"name":"wp","href":"https:\/\/api.w.org\/{rel}","templated":true}]}}