{"id":48090,"date":"2024-11-19T21:32:07","date_gmt":"2024-11-20T00:32:07","guid":{"rendered":"https:\/\/radiorevelacionfm.cl\/?p=48090"},"modified":"2024-11-19T21:32:07","modified_gmt":"2024-11-20T00:32:07","slug":"inauguran-pavimentacion-de-las-calles-jorge-ibar-y-ejercito-poniente-de-coyhaique","status":"publish","type":"post","link":"https:\/\/radiorevelacionfm.cl\/?p=48090","title":{"rendered":"Inauguran pavimentaci\u00f3n de las calles Jorge Ibar y Ej\u00e9rcito Poniente de Coyhaique"},"content":{"rendered":"<div class=\"flex_column av_one_full  flex_column_div av-zero-column-padding first  avia-builder-el-0  el_before_av_one_full  avia-builder-el-first  \" style='border-radius:0px; '><div  class='avia-image-container  av-styling-    avia-builder-el-1  avia-builder-el-no-sibling  avia-align-center '  itemprop=\"image\" itemscope=\"itemscope\" itemtype=\"https:\/\/schema.org\/ImageObject\"  ><div class='avia-image-container-inner'><div class='avia-image-overlay-wrap'><img decoding=\"async\" class='wp-image-48091 avia-img-lazy-loading-not-48091 avia_image' src=\"https:\/\/radiorevelacionfm.cl\/wp-content\/uploads\/2024\/11\/la-pavimentacion-de-las-calles-jorge-ibar-y-ejercito-poniente-trae-positivos-cambios-en-imagen-seguridad-y-desplazamientos-para-la-comunidad-2_optimized.jpg\" alt='' title='la-pavimentaci\u00f3n-de-las-calles-jorge-ibar-y-ejercito-poniente-trae-positivos-cambios-en-imagen,-seguridad-y-desplazamientos-para-la-comunidad-2_optimized' height=\"600\" width=\"900\"  itemprop=\"thumbnailUrl\" srcset=\"https:\/\/radiorevelacionfm.cl\/wp-content\/uploads\/2024\/11\/la-pavimentacion-de-las-calles-jorge-ibar-y-ejercito-poniente-trae-positivos-cambios-en-imagen-seguridad-y-desplazamientos-para-la-comunidad-2_optimized.jpg 900w, https:\/\/radiorevelacionfm.cl\/wp-content\/uploads\/2024\/11\/la-pavimentacion-de-las-calles-jorge-ibar-y-ejercito-poniente-trae-positivos-cambios-en-imagen-seguridad-y-desplazamientos-para-la-comunidad-2_optimized-300x200.jpg 300w, https:\/\/radiorevelacionfm.cl\/wp-content\/uploads\/2024\/11\/la-pavimentacion-de-las-calles-jorge-ibar-y-ejercito-poniente-trae-positivos-cambios-en-imagen-seguridad-y-desplazamientos-para-la-comunidad-2_optimized-768x512.jpg 768w, https:\/\/radiorevelacionfm.cl\/wp-content\/uploads\/2024\/11\/la-pavimentacion-de-las-calles-jorge-ibar-y-ejercito-poniente-trae-positivos-cambios-en-imagen-seguridad-y-desplazamientos-para-la-comunidad-2_optimized-705x470.jpg 705w, https:\/\/radiorevelacionfm.cl\/wp-content\/uploads\/2024\/11\/la-pavimentacion-de-las-calles-jorge-ibar-y-ejercito-poniente-trae-positivos-cambios-en-imagen-seguridad-y-desplazamientos-para-la-comunidad-2_optimized-450x300.jpg 450w, https:\/\/radiorevelacionfm.cl\/wp-content\/uploads\/2024\/11\/la-pavimentacion-de-las-calles-jorge-ibar-y-ejercito-poniente-trae-positivos-cambios-en-imagen-seguridad-y-desplazamientos-para-la-comunidad-2_optimized-600x400.jpg 600w\" sizes=\"(max-width: 900px) 100vw, 900px\" \/><\/div><\/div><\/div><\/div><div class=\"flex_column av_one_full  flex_column_div av-zero-column-padding first  avia-builder-el-2  el_after_av_one_full  el_before_av_one_full  column-top-margin\" style='border-radius:0px; '><section class=\"av_textblock_section \"  itemscope=\"itemscope\" itemtype=\"https:\/\/schema.org\/BlogPosting\" itemprop=\"blogPost\" ><div class='avia_textblock  '   itemprop=\"text\" ><p style=\"text-align: center;\"><strong><span style=\"font-size: 18pt;\">Inauguran pavimentaci\u00f3n de las calles Jorge Ibar y Ej\u00e9rcito Poniente de Coyhaique<\/span><\/strong><\/p>\n<div id=\"gtx-trans\" style=\"position: absolute; left: -50px; top: 4.31534px;\">\n<div class=\"gtx-trans-icon\"><\/div>\n<\/div>\n<\/div><\/section><\/div><div class=\"flex_column av_one_full  flex_column_div av-zero-column-padding first  avia-builder-el-4  el_after_av_one_full  el_before_av_hr  column-top-margin\" style='border-radius:0px; '><section class=\"av_textblock_section \"  itemscope=\"itemscope\" itemtype=\"https:\/\/schema.org\/BlogPosting\" itemprop=\"blogPost\" ><div class='avia_textblock  '   itemprop=\"text\" ><p style=\"text-align: justify;\">Como \u201cun gran aporte en los esfuerzos por mejorar el ordenamiento del tr\u00e1nsito y la calidad de vida de la comunidad\u201d, calificaron autoridades y vecinos la reciente inauguraci\u00f3n de las obras de pavimentaci\u00f3n de 420 metros lineales de las calles Jorge Ibar y Ej\u00e9rcito Poniente de Coyhaique, una de las \u00faltimas v\u00edas de ripio que quedaban en el sector centro de la ciudad.<\/p>\n<p style=\"text-align: justify;\">Las obras, solicitadas en m\u00faltiples ocasiones por los vecinos, se hicieron realidad durante el presente a\u00f1o con un proyecto formulado por la Seremi de Vivienda y financiado con un aporte superior a los 640 millones de pesos por el Gobierno Regional de Ays\u00e9n, a trav\u00e9s de la l\u00ednea de vialidad intermedia y en el marco del Convenio de Programaci\u00f3n existente entre dicha instituci\u00f3n y el Ministerio de Vivienda y Urbanismo (Minvu).<\/p>\n<p style=\"text-align: justify;\">Las autoridades, dirigentes y vecinos coincidieron en destacar que se trata de un proyecto postergado y muy necesario, sobre todo considerando que es un tramo estrat\u00e9gico de v\u00edas urbanas que sin duda facilitar\u00e1n enormemente el acceso hacia instituciones tan relevantes como el edifico Telet\u00f3n, el Hospital Regional, el estadio municipal, el Gobierno regional, el sector del Regimiento y la salida hacia el By Pass, donde circulan miles de ayseninos y visitantes durante el a\u00f1o.<\/p>\n<p style=\"text-align: justify;\">As\u00ed lo destac\u00f3 la Seremi de Vivienda, Paulina Ruz, recalcando que el Minvu no solo se enfoca en la entrega de soluciones habitacionales sino tambi\u00e9n a los espacios p\u00fablicos y obras de pavimentaci\u00f3n en todas las comunas. \u201cNo solamente representa una demanda sentida por la comunidad del sector centro de Coyhaique, sino que tambi\u00e9n es una v\u00eda arterial para quienes transitan hacia otras comunas, mejorando el acceso hacia lugares tan importantes como el Instituto Telet\u00f3n y el Hospital Regional. Desde el Ministerio de Vivienda y Urbanismo nos encontramos comprometidos con las familias no solamente en materia habitacional, donde tenemos un Plan de Emergencia que ya llega casi al 80%, sino que tambi\u00e9n hacia crear ciudades m\u00e1s justas a trav\u00e9s de proyectos urbanos que mejoran la accesibilidad de quienes transiten en ellas\u201d, precis\u00f3.<\/p>\n<p style=\"text-align: justify;\">En representaci\u00f3n de la comunidad, el vecino Jos\u00e9 S\u00e1ez Solar, indic\u00f3 que la pavimentaci\u00f3n de estas calles es un tremendo avance, porque por muchos a\u00f1os se mantuvo solo como una calle de ripio y en mal estado. \u201cPero esto, como se dijo, m\u00e1s que el pavimento que se construy\u00f3, es la funci\u00f3n que desempe\u00f1a en el acercamiento, la seguridad que otorga a las personas al concurrir a esta parte de la ciudad, la cual es muy concurrida porque tiene instituciones importantes. Entonces todo eso convoca a mucha gente a hacer diligencias en este sector, lo cual con los avances que se est\u00e1n haciendo facilita el desplazamiento de las personas, haci\u00e9ndolo m\u00e1s c\u00f3modo y tambi\u00e9n mucho m\u00e1s seguro\u201d, asegur\u00f3.<\/p>\n<p style=\"text-align: justify;\">En representaci\u00f3n del Gobierno Regional, instituci\u00f3n financiera del proyecto, la presidenta (s) del Consejo Regional, Paula Acu\u00f1a, valor\u00f3 el compromiso y el esfuerzo compartido para ejecutar y terminar la obra en los tiempos estipulados. \u201cEra un proyecto de larga data, un proyecto hist\u00f3rico para los vecinos y vecinas de este sector, y que qued\u00f3 en muy buenas condiciones, as\u00ed que tambi\u00e9n felicitar el trabajo de la Seremi Paulina Ruz, que siempre estuvo impulsando esta iniciativa en el Consejo Regional, y adem\u00e1s tambi\u00e9n que se llev\u00f3 a cabo sin problemas, dando una accesibilidad correcta para las personas en situaci\u00f3n de discapacidad que van al Instituto de la Telet\u00f3n, pero tambi\u00e9n para los deportistas que van al estadio. Este es un lugar estrat\u00e9gico de nuestra ciudad, as\u00ed que tambi\u00e9n felicitar que exista infraestructura acorde al crecimiento que est\u00e1 teniendo nuestra comuna\u201d, afirm\u00f3.<\/p>\n<p style=\"text-align: justify;\">Por otra parte, el Alcalde de Coyhaique, Carlos Gatica, expres\u00f3 tambi\u00e9n su satisfacci\u00f3n al ver ya en uso las nuevas pavimentaciones de calles y veredas, aportando dignidad y seguridad a los vecinos y dando pie a otros proyectos que pronto estar\u00e1n en marcha. \u201cNosotros como municipio hoy d\u00eda queremos avanzar en lo que significa la remodelaci\u00f3n de la Plaza Jorge Ibar, que es este espacio que ya lo estamos trabajando con los vecinos, y adem\u00e1s tambi\u00e9n el proyecto de mejoramiento de veredas, que la licitaci\u00f3n ya est\u00e1 en curso y esperamos adjudicarla durante el pr\u00f3ximo mes para comenzar la reestructuraci\u00f3n completa de las veredas del sector del centro de nuestra hermosa comuna de Coyhaique\u201d, anunci\u00f3.<\/p>\n<p style=\"text-align: justify;\">El proyecto de pavimentaci\u00f3n del \u00faltimo tramo de la calle Jorge Ibar y Ej\u00e9rcito Poniente fue ejecutado por la empresa de Crist\u00f3bal Galleguillos Estay, considerando calzadas y veredas de hormig\u00f3n desde el frontis del Hospital Regional hasta los empalmes con la calle Ej\u00e9rcito, incluyendo accesos y baldosas para accesibilidad universal, soleras, evacuaci\u00f3n de aguas lluvias y muros de contenci\u00f3n.<\/p>\n<\/div><\/section><\/div><div  style='height:50px' class='hr hr-invisible   avia-builder-el-6  el_after_av_one_full  el_before_av_social_share '><span class='hr-inner ' ><span class='hr-inner-style'><\/span><\/span><\/div><\/p>\n<div  class='av-social-sharing-box  avia-builder-el-7  el_after_av_hr  el_before_av_hr  '><div class='av-share-box'><h5 class='av-share-link-description av-no-toc '>Compartir esta noticia<\/h5><ul class='av-share-box-list noLightbox'><li class='av-share-link av-social-link-facebook' ><a target=\"_blank\" aria-label=\"Compartir en Facebook\" href='https:\/\/www.facebook.com\/sharer.php?u=https:\/\/radiorevelacionfm.cl\/?p=48090&#038;t=Inauguran%20pavimentaci%C3%B3n%20de%20las%20calles%20Jorge%20Ibar%20y%20Ej%C3%A9rcito%20Poniente%20de%20Coyhaique' aria-hidden='false' data-av_icon='\ue8f3' data-av_iconfont='entypo-fontello' title='' data-avia-related-tooltip='Compartir en Facebook' rel=\"noopener\"><span class='avia_hidden_link_text'>Compartir en Facebook<\/span><\/a><\/li><li class='av-share-link av-social-link-twitter' ><a target=\"_blank\" aria-label=\"Compartir en Twitter\" href='https:\/\/twitter.com\/share?text=Inauguran%20pavimentaci%C3%B3n%20de%20las%20calles%20Jorge%20Ibar%20y%20Ej%C3%A9rcito%20Poniente%20de%20Coyhaique&#038;url=https:\/\/radiorevelacionfm.cl\/?p=48090' aria-hidden='false' data-av_icon='\ue8f1' data-av_iconfont='entypo-fontello' title='' data-avia-related-tooltip='Compartir en Twitter' rel=\"noopener\"><span class='avia_hidden_link_text'>Compartir en Twitter<\/span><\/a><\/li><li class='av-share-link av-social-link-whatsapp' ><a target=\"_blank\" aria-label=\"Compartir en Whatsapp\" href='https:\/\/api.whatsapp.com\/send?text=https:\/\/radiorevelacionfm.cl\/?p=48090' aria-hidden='false' data-av_icon='\uf232' data-av_iconfont='entypo-fontello' title='' data-avia-related-tooltip='Compartir en Whatsapp' rel=\"noopener\"><span class='avia_hidden_link_text'>Compartir en Whatsapp<\/span><\/a><\/li><li class='av-share-link av-social-link-linkedin' ><a target=\"_blank\" aria-label=\"Compartir en LinkedIn\" href='https:\/\/linkedin.com\/shareArticle?mini=true&#038;title=Inauguran%20pavimentaci%C3%B3n%20de%20las%20calles%20Jorge%20Ibar%20y%20Ej%C3%A9rcito%20Poniente%20de%20Coyhaique&#038;url=https:\/\/radiorevelacionfm.cl\/?p=48090' aria-hidden='false' data-av_icon='\ue8fc' data-av_iconfont='entypo-fontello' title='' data-avia-related-tooltip='Compartir en LinkedIn' rel=\"noopener\"><span class='avia_hidden_link_text'>Compartir en LinkedIn<\/span><\/a><\/li><li class='av-share-link av-social-link-mail' ><a  aria-label=\"Compartir por correo\" href='mailto:?subject=Inauguran%20pavimentaci%C3%B3n%20de%20las%20calles%20Jorge%20Ibar%20y%20Ej%C3%A9rcito%20Poniente%20de%20Coyhaique&#038;body=https:\/\/radiorevelacionfm.cl\/?p=48090' aria-hidden='false' data-av_icon='\ue805' data-av_iconfont='entypo-fontello' title='' data-avia-related-tooltip='Compartir por correo'><span class='avia_hidden_link_text'>Compartir por correo<\/span><\/a><\/li><\/ul><\/div><\/div>\n<div  style='height:50px' class='hr hr-invisible   avia-builder-el-8  el_after_av_social_share  el_before_av_comments_list '><span class='hr-inner ' ><span class='hr-inner-style'><\/span><\/span><\/div>\n<div  class='av-buildercomment  av-blog-meta-html-info-disabled av-blog-meta-tag-disabled  '><\/div>\n","protected":false},"excerpt":{"rendered":"","protected":false},"author":1,"featured_media":48091,"comment_status":"open","ping_status":"open","sticky":false,"template":"","format":"standard","meta":{"footnotes":""},"categories":[38],"tags":[],"class_list":["post-48090","post","type-post","status-publish","format-standard","has-post-thumbnail","hentry","category-regional"],"jetpack_featured_media_url":"https:\/\/radiorevelacionfm.cl\/wp-content\/uploads\/2024\/11\/la-pavimentacion-de-las-calles-jorge-ibar-y-ejercito-poniente-trae-positivos-cambios-en-imagen-seguridad-y-desplazamientos-para-la-comunidad-2_optimized.jpg","_links":{"self":[{"href":"https:\/\/radiorevelacionfm.cl\/index.php?rest_route=\/wp\/v2\/posts\/48090","targetHints":{"allow":["GET"]}}],"collection":[{"href":"https:\/\/radiorevelacionfm.cl\/index.php?rest_route=\/wp\/v2\/posts"}],"about":[{"href":"https:\/\/radiorevelacionfm.cl\/index.php?rest_route=\/wp\/v2\/types\/post"}],"author":[{"embeddable":true,"href":"https:\/\/radiorevelacionfm.cl\/index.php?rest_route=\/wp\/v2\/users\/1"}],"replies":[{"embeddable":true,"href":"https:\/\/radiorevelacionfm.cl\/index.php?rest_route=%2Fwp%2Fv2%2Fcomments&post=48090"}],"version-history":[{"count":1,"href":"https:\/\/radiorevelacionfm.cl\/index.php?rest_route=\/wp\/v2\/posts\/48090\/revisions"}],"predecessor-version":[{"id":48092,"href":"https:\/\/radiorevelacionfm.cl\/index.php?rest_route=\/wp\/v2\/posts\/48090\/revisions\/48092"}],"wp:featuredmedia":[{"embeddable":true,"href":"https:\/\/radiorevelacionfm.cl\/index.php?rest_route=\/wp\/v2\/media\/48091"}],"wp:attachment":[{"href":"https:\/\/radiorevelacionfm.cl\/index.php?rest_route=%2Fwp%2Fv2%2Fmedia&parent=48090"}],"wp:term":[{"taxonomy":"category","embeddable":true,"href":"https:\/\/radiorevelacionfm.cl\/index.php?rest_route=%2Fwp%2Fv2%2Fcategories&post=48090"},{"taxonomy":"post_tag","embeddable":true,"href":"https:\/\/radiorevelacionfm.cl\/index.php?rest_route=%2Fwp%2Fv2%2Ftags&post=48090"}],"curies":[{"name":"wp","href":"https:\/\/api.w.org\/{rel}","templated":true}]}}