{"id":48087,"date":"2024-11-19T21:14:36","date_gmt":"2024-11-20T00:14:36","guid":{"rendered":"https:\/\/radiorevelacionfm.cl\/?p=48087"},"modified":"2024-11-19T21:14:36","modified_gmt":"2024-11-20T00:14:36","slug":"100-agentes-culturales-de-nueve-regiones-se-reunen-en-encuentro-macrozonal-patagonia-enlazando-culturas","status":"publish","type":"post","link":"https:\/\/radiorevelacionfm.cl\/?p=48087","title":{"rendered":"100 agentes culturales de nueve regiones se re\u00fanen en Encuentro Macrozonal Patagonia Enlazando Culturas"},"content":{"rendered":"<div class=\"flex_column av_one_full  flex_column_div av-zero-column-padding first  avia-builder-el-0  el_before_av_one_full  avia-builder-el-first  \" style='border-radius:0px; '><div  class='avia-image-container  av-styling-    avia-builder-el-1  avia-builder-el-no-sibling  avia-align-center '  itemprop=\"image\" itemscope=\"itemscope\" itemtype=\"https:\/\/schema.org\/ImageObject\"  ><div class='avia-image-container-inner'><div class='avia-image-overlay-wrap'><img decoding=\"async\" class='wp-image-48088 avia-img-lazy-loading-not-48088 avia_image' src=\"https:\/\/radiorevelacionfm.cl\/wp-content\/uploads\/2024\/11\/macrozonal1-2-2.jpg\" alt='' title='macrozonal1-2-2' height=\"600\" width=\"900\"  itemprop=\"thumbnailUrl\" srcset=\"https:\/\/radiorevelacionfm.cl\/wp-content\/uploads\/2024\/11\/macrozonal1-2-2.jpg 900w, https:\/\/radiorevelacionfm.cl\/wp-content\/uploads\/2024\/11\/macrozonal1-2-2-300x200.jpg 300w, https:\/\/radiorevelacionfm.cl\/wp-content\/uploads\/2024\/11\/macrozonal1-2-2-768x512.jpg 768w, https:\/\/radiorevelacionfm.cl\/wp-content\/uploads\/2024\/11\/macrozonal1-2-2-705x470.jpg 705w, https:\/\/radiorevelacionfm.cl\/wp-content\/uploads\/2024\/11\/macrozonal1-2-2-450x300.jpg 450w, https:\/\/radiorevelacionfm.cl\/wp-content\/uploads\/2024\/11\/macrozonal1-2-2-600x400.jpg 600w\" sizes=\"(max-width: 900px) 100vw, 900px\" \/><\/div><\/div><\/div><\/div><div class=\"flex_column av_one_full  flex_column_div av-zero-column-padding first  avia-builder-el-2  el_after_av_one_full  el_before_av_one_full  column-top-margin\" style='border-radius:0px; '><section class=\"av_textblock_section \"  itemscope=\"itemscope\" itemtype=\"https:\/\/schema.org\/BlogPosting\" itemprop=\"blogPost\" ><div class='avia_textblock  '   itemprop=\"text\" ><p style=\"text-align: center;\"><strong><span style=\"font-size: 18pt;\">100 agentes culturales de nueve regiones se re\u00fanen en Encuentro Macrozonal Patagonia Enlazando Culturas<\/span><\/strong><\/p>\n<div id=\"gtx-trans\" style=\"position: absolute; left: -50px; top: 4.31534px;\">\n<div class=\"gtx-trans-icon\"><\/div>\n<\/div>\n<\/div><\/section><\/div><div class=\"flex_column av_one_full  flex_column_div av-zero-column-padding first  avia-builder-el-4  el_after_av_one_full  el_before_av_hr  column-top-margin\" style='border-radius:0px; '><section class=\"av_textblock_section \"  itemscope=\"itemscope\" itemtype=\"https:\/\/schema.org\/BlogPosting\" itemprop=\"blogPost\" ><div class='avia_textblock  '   itemprop=\"text\" ><div>\n<p class=\"Predeterminado\" style=\"text-align: justify;\"><span class=\"Ninguno\"><span lang=\"ES-TRAD\">La Seremi de Culturas Aysen est\u00e1 llevando a cabo el I Encuentro Macrozonal Patagonia Enlazando Culturas en el Museo Regional de Ays\u00e9n, instancia de trabajo entre agentes culturales que se reunir\u00e1n durante dos jornadas para intercambiar experiencias que ocurren en zonas extremas del pa\u00eds, tal como nuestra regi\u00f3n.<\/span><\/span><\/p>\n<\/div>\n<div style=\"text-align: justify;\">\n<p class=\"Predeterminado\">Artistas, artesanos, artesanas, cultores, gestores, gestoras y agentes culturales de Arica y Parinacota, Tarapac\u00e1, Atacama, Maule, Los R\u00edos, Los Lagos, Ays\u00e9n, Magallanes y Ant\u00e1rtica Chilena, y Regi\u00f3n Metropolitana est\u00e1n conociendo innovadoras experiencias de cultura comunitaria que provienen de las zonas de m\u00e1s dif\u00edcil acceso al desarrollo art\u00edstico cultural.<\/p>\n<\/div>\n<div style=\"text-align: justify;\">\n<p class=\"Predeterminado\"><span class=\"Ninguno\"><span lang=\"ES-TRAD\">Tras la presentaci\u00f3n art\u00edstica del conjunto de baile folcl\u00f3rico Fog\u00f3n del Sur, <\/span><\/span><span class=\"Ninguno\"><span lang=\"ES-TRAD\">Rosario Zschoche, jefa de la secci\u00f3n de Territorio Cultural del Departamento de Ciudadan\u00eda Cultural del Ministerio de las Culturas, moder\u00f3 <\/span><\/span><span class=\"Ninguno\"><span lang=\"ES-TRAD\">una mesa de conversaci\u00f3n acerca de la asociatividad en los extremos del territorio.<\/span><\/span><\/p>\n<\/div>\n<div style=\"text-align: justify;\">\n<p class=\"Predeterminado\">Para el seremi de Cultura Ays\u00e9n, Felipe Quiroz, Enlazando Culturas es \u201cun espacio que viene a celebrar un encuentro entre las regiones de la zona norte y de la zona sur del pa\u00eds para pensar, dialogar y construir pol\u00edtica p\u00fablica con perspectiva territorial y con sentido territorial. Estamos contentos como Secretar\u00eda Regional Ministerial de generar este tipo de instancias que va a culminar con la Feria de las Culturas en su quinta versi\u00f3n, que adem\u00e1s congrega artesanos y artesanas; y creadores y creadoras de las 10 comunas nuestras, adem\u00e1s de las regiones invitadas\u201d.<\/p>\n<\/div>\n<div style=\"text-align: justify;\">\n<p class=\"Predeterminado\">Desde el extremo norte del pa\u00eds, Colchane, la artesana Adriana Mamani, representante de los pueblos originarios, piensa que \u201cesto ha sido muy bueno. Estoy muy emocionada con tanta experiencia recibida. Yo soy una artesana aimara, yo trabajo en lana, alpaca, como tambi\u00e9n artesan\u00eda. He recibido mucha experiencia de distintos lugares y me gust\u00f3 mucho este encuentro. Me siento feliz\u201d.<\/p>\n<\/div>\n<div style=\"text-align: justify;\">\n<p class=\"Predeterminado\"><span class=\"Ninguno\"><span lang=\"ES-TRAD\">La seremi de Culturas Tarapac\u00e1, <\/span><\/span><span lang=\"ES-TRAD\">Rosemary Acu\u00f1a,<\/span><span class=\"Ninguno\"><span lang=\"ES-TRAD\"> viaj\u00f3 desde Iquique para estar presente: \u201cLas regiones somos muy diversas en muchos sentidos, pero hay cosas que siempre tenemos en com\u00fan y y conocer las experiencias de otros gestores culturales, de otras trabajadoras, y del trabajo en otras seremis de las distintas regiones tambi\u00e9n nos hace pensar que podemos aplicar cosas a nuestro territorio que nos pueden servir y viceversa\u201d.<\/span><\/span><\/p>\n<\/div>\n<div style=\"text-align: justify;\">\n<p class=\"Predeterminado\">\n<\/div>\n<div style=\"text-align: justify;\">\n<p class=\"Predeterminado\">El I Encuentro Macrozonal es la antesala de la V versi\u00f3n de la Feria de las Culturas Ays\u00e9n que se inicia este jueves en la Plaza Pentagonal.<\/p>\n<\/div>\n<div style=\"text-align: justify;\">\n<p class=\"Predeterminado\">El Primer Encuentro Macrozonal de Ays\u00e9n es posible gracias a los programas Red Cultura y de Fortalecimiento de la Identidad Cultural Regional de la Seremi de Culturas Ays\u00e9n.<\/p>\n<\/div>\n<div>\n<p class=\"Predeterminado\" style=\"text-align: justify;\">\n<\/div>\n<\/div><\/section><\/div><div  style='height:50px' class='hr hr-invisible   avia-builder-el-6  el_after_av_one_full  el_before_av_social_share '><span class='hr-inner ' ><span class='hr-inner-style'><\/span><\/span><\/div><\/p>\n<div  class='av-social-sharing-box  avia-builder-el-7  el_after_av_hr  el_before_av_hr  '><div class='av-share-box'><h5 class='av-share-link-description av-no-toc '>Compartir esta noticia<\/h5><ul class='av-share-box-list noLightbox'><li class='av-share-link av-social-link-facebook' ><a target=\"_blank\" aria-label=\"Compartir en Facebook\" href='https:\/\/www.facebook.com\/sharer.php?u=https:\/\/radiorevelacionfm.cl\/?p=48087&#038;t=100%20agentes%20culturales%20de%20nueve%20regiones%20se%20re%C3%BAnen%20en%20Encuentro%20Macrozonal%20Patagonia%20Enlazando%20Culturas' aria-hidden='false' data-av_icon='\ue8f3' data-av_iconfont='entypo-fontello' title='' data-avia-related-tooltip='Compartir en Facebook' rel=\"noopener\"><span class='avia_hidden_link_text'>Compartir en Facebook<\/span><\/a><\/li><li class='av-share-link av-social-link-twitter' ><a target=\"_blank\" aria-label=\"Compartir en Twitter\" href='https:\/\/twitter.com\/share?text=100%20agentes%20culturales%20de%20nueve%20regiones%20se%20re%C3%BAnen%20en%20Encuentro%20Macrozonal%20Patagonia%20Enlazando%20Culturas&#038;url=https:\/\/radiorevelacionfm.cl\/?p=48087' aria-hidden='false' data-av_icon='\ue8f1' data-av_iconfont='entypo-fontello' title='' data-avia-related-tooltip='Compartir en Twitter' rel=\"noopener\"><span class='avia_hidden_link_text'>Compartir en Twitter<\/span><\/a><\/li><li class='av-share-link av-social-link-whatsapp' ><a target=\"_blank\" aria-label=\"Compartir en Whatsapp\" href='https:\/\/api.whatsapp.com\/send?text=https:\/\/radiorevelacionfm.cl\/?p=48087' aria-hidden='false' data-av_icon='\uf232' data-av_iconfont='entypo-fontello' title='' data-avia-related-tooltip='Compartir en Whatsapp' rel=\"noopener\"><span class='avia_hidden_link_text'>Compartir en Whatsapp<\/span><\/a><\/li><li class='av-share-link av-social-link-linkedin' ><a target=\"_blank\" aria-label=\"Compartir en LinkedIn\" href='https:\/\/linkedin.com\/shareArticle?mini=true&#038;title=100%20agentes%20culturales%20de%20nueve%20regiones%20se%20re%C3%BAnen%20en%20Encuentro%20Macrozonal%20Patagonia%20Enlazando%20Culturas&#038;url=https:\/\/radiorevelacionfm.cl\/?p=48087' aria-hidden='false' data-av_icon='\ue8fc' data-av_iconfont='entypo-fontello' title='' data-avia-related-tooltip='Compartir en LinkedIn' rel=\"noopener\"><span class='avia_hidden_link_text'>Compartir en LinkedIn<\/span><\/a><\/li><li class='av-share-link av-social-link-mail' ><a  aria-label=\"Compartir por correo\" href='mailto:?subject=100%20agentes%20culturales%20de%20nueve%20regiones%20se%20re%C3%BAnen%20en%20Encuentro%20Macrozonal%20Patagonia%20Enlazando%20Culturas&#038;body=https:\/\/radiorevelacionfm.cl\/?p=48087' aria-hidden='false' data-av_icon='\ue805' data-av_iconfont='entypo-fontello' title='' data-avia-related-tooltip='Compartir por correo'><span class='avia_hidden_link_text'>Compartir por correo<\/span><\/a><\/li><\/ul><\/div><\/div>\n<div  style='height:50px' class='hr hr-invisible   avia-builder-el-8  el_after_av_social_share  el_before_av_comments_list '><span class='hr-inner ' ><span class='hr-inner-style'><\/span><\/span><\/div>\n<div  class='av-buildercomment  av-blog-meta-html-info-disabled av-blog-meta-tag-disabled  '><\/div>\n","protected":false},"excerpt":{"rendered":"","protected":false},"author":1,"featured_media":48088,"comment_status":"open","ping_status":"open","sticky":false,"template":"","format":"standard","meta":{"footnotes":""},"categories":[52],"tags":[],"class_list":["post-48087","post","type-post","status-publish","format-standard","has-post-thumbnail","hentry","category-cultura"],"jetpack_featured_media_url":"https:\/\/radiorevelacionfm.cl\/wp-content\/uploads\/2024\/11\/macrozonal1-2-2.jpg","_links":{"self":[{"href":"https:\/\/radiorevelacionfm.cl\/index.php?rest_route=\/wp\/v2\/posts\/48087","targetHints":{"allow":["GET"]}}],"collection":[{"href":"https:\/\/radiorevelacionfm.cl\/index.php?rest_route=\/wp\/v2\/posts"}],"about":[{"href":"https:\/\/radiorevelacionfm.cl\/index.php?rest_route=\/wp\/v2\/types\/post"}],"author":[{"embeddable":true,"href":"https:\/\/radiorevelacionfm.cl\/index.php?rest_route=\/wp\/v2\/users\/1"}],"replies":[{"embeddable":true,"href":"https:\/\/radiorevelacionfm.cl\/index.php?rest_route=%2Fwp%2Fv2%2Fcomments&post=48087"}],"version-history":[{"count":1,"href":"https:\/\/radiorevelacionfm.cl\/index.php?rest_route=\/wp\/v2\/posts\/48087\/revisions"}],"predecessor-version":[{"id":48089,"href":"https:\/\/radiorevelacionfm.cl\/index.php?rest_route=\/wp\/v2\/posts\/48087\/revisions\/48089"}],"wp:featuredmedia":[{"embeddable":true,"href":"https:\/\/radiorevelacionfm.cl\/index.php?rest_route=\/wp\/v2\/media\/48088"}],"wp:attachment":[{"href":"https:\/\/radiorevelacionfm.cl\/index.php?rest_route=%2Fwp%2Fv2%2Fmedia&parent=48087"}],"wp:term":[{"taxonomy":"category","embeddable":true,"href":"https:\/\/radiorevelacionfm.cl\/index.php?rest_route=%2Fwp%2Fv2%2Fcategories&post=48087"},{"taxonomy":"post_tag","embeddable":true,"href":"https:\/\/radiorevelacionfm.cl\/index.php?rest_route=%2Fwp%2Fv2%2Ftags&post=48087"}],"curies":[{"name":"wp","href":"https:\/\/api.w.org\/{rel}","templated":true}]}}