{"id":48084,"date":"2024-11-19T20:53:36","date_gmt":"2024-11-19T23:53:36","guid":{"rendered":"https:\/\/radiorevelacionfm.cl\/?p=48084"},"modified":"2024-11-19T20:53:36","modified_gmt":"2024-11-19T23:53:36","slug":"indap-abre-concurso-de-caminos-intraprediales-para-la-agricultura-familiar-campesina-en-aysen","status":"publish","type":"post","link":"https:\/\/radiorevelacionfm.cl\/?p=48084","title":{"rendered":"Indap abre concurso de caminos intraprediales para la agricultura familiar campesina en Ays\u00e9n"},"content":{"rendered":"<div class=\"flex_column av_one_full  flex_column_div av-zero-column-padding first  avia-builder-el-0  el_before_av_one_full  avia-builder-el-first  \" style='border-radius:0px; '><div  class='avia-image-container  av-styling-    avia-builder-el-1  avia-builder-el-no-sibling  avia-align-center '  itemprop=\"image\" itemscope=\"itemscope\" itemtype=\"https:\/\/schema.org\/ImageObject\"  ><div class='avia-image-container-inner'><div class='avia-image-overlay-wrap'><img decoding=\"async\" class='wp-image-48085 avia-img-lazy-loading-not-48085 avia_image' src=\"https:\/\/radiorevelacionfm.cl\/wp-content\/uploads\/2024\/11\/1er-llamado-caminos-intraprediales-2-2_optimized-2.jpg\" alt='' title='1er-llamado-caminos-intraprediales-2-2_optimized-2' height=\"1000\" width=\"800\"  itemprop=\"thumbnailUrl\" srcset=\"https:\/\/radiorevelacionfm.cl\/wp-content\/uploads\/2024\/11\/1er-llamado-caminos-intraprediales-2-2_optimized-2.jpg 800w, https:\/\/radiorevelacionfm.cl\/wp-content\/uploads\/2024\/11\/1er-llamado-caminos-intraprediales-2-2_optimized-2-240x300.jpg 240w, https:\/\/radiorevelacionfm.cl\/wp-content\/uploads\/2024\/11\/1er-llamado-caminos-intraprediales-2-2_optimized-2-768x960.jpg 768w, https:\/\/radiorevelacionfm.cl\/wp-content\/uploads\/2024\/11\/1er-llamado-caminos-intraprediales-2-2_optimized-2-564x705.jpg 564w, https:\/\/radiorevelacionfm.cl\/wp-content\/uploads\/2024\/11\/1er-llamado-caminos-intraprediales-2-2_optimized-2-450x563.jpg 450w, https:\/\/radiorevelacionfm.cl\/wp-content\/uploads\/2024\/11\/1er-llamado-caminos-intraprediales-2-2_optimized-2-600x750.jpg 600w\" sizes=\"(max-width: 800px) 100vw, 800px\" \/><\/div><\/div><\/div><\/div><div class=\"flex_column av_one_full  flex_column_div av-zero-column-padding first  avia-builder-el-2  el_after_av_one_full  el_before_av_one_full  column-top-margin\" style='border-radius:0px; '><section class=\"av_textblock_section \"  itemscope=\"itemscope\" itemtype=\"https:\/\/schema.org\/BlogPosting\" itemprop=\"blogPost\" ><div class='avia_textblock  '   itemprop=\"text\" ><p style=\"text-align: center;\"><strong><span style=\"font-size: 18pt;\">Indap abre concurso de caminos intraprediales para la agricultura familiar campesina en Ays\u00e9n <\/span><\/strong><\/p>\n<div id=\"gtx-trans\" style=\"position: absolute; left: -50px; top: 4.31534px;\">\n<div class=\"gtx-trans-icon\"><\/div>\n<\/div>\n<\/div><\/section><\/div><div class=\"flex_column av_one_full  flex_column_div av-zero-column-padding first  avia-builder-el-4  el_after_av_one_full  el_before_av_hr  column-top-margin\" style='border-radius:0px; '><section class=\"av_textblock_section \"  itemscope=\"itemscope\" itemtype=\"https:\/\/schema.org\/BlogPosting\" itemprop=\"blogPost\" ><div class='avia_textblock  '   itemprop=\"text\" ><p style=\"text-align: justify;\">Con el objetivo de fortalecer la conectividad y la productividad de la agricultura familiar campesina en la Regi\u00f3n de Ays\u00e9n, se ha lanzado el primer concurso del programa \u201cConectividad F\u00edsica para la Agricultura Familiar Campesina\u00bb. Esta iniciativa, financiada a trav\u00e9s del Fondo Nacional de Desarrollo Regional (FNDR), cuenta con un presupuesto de $3.904.700.000, que permitir\u00e1 mejorar la infraestructura de caminos intraprediales, esenciales para el acceso y la conectividad de los peque\u00f1os agricultores. Las postulaciones estar\u00e1n abiertas desde el 12 de noviembre hasta el 12 de diciembre de 2024.<\/p>\n<p style=\"text-align: justify;\">La directora regional de INDAP Ays\u00e9n, Yessica Lagos C\u00e1rdenas, destac\u00f3 la importancia de este proyecto, subrayando que \u201cestos recursos permitir\u00e1n a nuestros agricultores y agricultoras mejorar los accesos a sus predios, facilitando su vida diaria y potenciando su productividad. Este tipo de iniciativas demuestra el compromiso que tenemos en INDAP y del Gobierno Regional y su Consejo de fortalecer el desarrollo rural en cada rinc\u00f3n de nuestra regi\u00f3n\u201d.<\/p>\n<p style=\"text-align: justify;\">El concurso tiene como objetivo principal aumentar la productividad y rentabilidad de las explotaciones silvoagropecuarias de los usuarios acreditados de INDAP en Ays\u00e9n. Entre sus objetivos espec\u00edficos se encuentran incrementar la superficie productiva mediante la construcci\u00f3n de accesos intraprediales, modernizar los procesos productivos, atraer inversi\u00f3n y tecnolog\u00eda predial, y mejorar la competitividad de las familias campesinas y sus comunidades en los \u00e1mbitos productivo, social y ambiental.<\/p>\n<p style=\"text-align: justify;\">Para participar en el concurso, los agricultores y agricultoras acreditados en INDAP que deseen mejorar el acceso a sus predios podr\u00e1n presentar sus proyectos en las Agencias de \u00c1rea o en la Direcci\u00f3n Regional de INDAP. Cada proyecto debe contar con el patrocinio de un consultor, y debe ser entregado en formato f\u00edsico y digital. El primer llamado cuenta con un presupuesto de $300.000.000\u00a0\u00a0est\u00e1 destinado a proyectos que optimicen el transporte de productos y fortalezcan la conexi\u00f3n con los mercados locales. Asimismo, las postulaciones al fondo pueden ser individuales o asociativas.<\/p>\n<p style=\"text-align: justify;\">Invitamos a la comunidad a participar en esta iniciativa, que busca mejorar la conectividad de los sectores rurales dentro de sus propios predios y facilitar el acceso a sectores que no han sido productivos debido al aislamiento, potenciando el desarrollo y la calidad de vida de las familias campesinas en Ays\u00e9n.<\/p>\n<\/div><\/section><\/div><div  style='height:50px' class='hr hr-invisible   avia-builder-el-6  el_after_av_one_full  el_before_av_social_share '><span class='hr-inner ' ><span class='hr-inner-style'><\/span><\/span><\/div><\/p>\n<div  class='av-social-sharing-box  avia-builder-el-7  el_after_av_hr  el_before_av_hr  '><div class='av-share-box'><h5 class='av-share-link-description av-no-toc '>Compartir esta noticia<\/h5><ul class='av-share-box-list noLightbox'><li class='av-share-link av-social-link-facebook' ><a target=\"_blank\" aria-label=\"Compartir en Facebook\" href='https:\/\/www.facebook.com\/sharer.php?u=https:\/\/radiorevelacionfm.cl\/?p=48084&#038;t=Indap%20abre%20concurso%20de%20caminos%20intraprediales%20para%20la%20agricultura%20familiar%20campesina%20en%20Ays%C3%A9n' aria-hidden='false' data-av_icon='\ue8f3' data-av_iconfont='entypo-fontello' title='' data-avia-related-tooltip='Compartir en Facebook' rel=\"noopener\"><span class='avia_hidden_link_text'>Compartir en Facebook<\/span><\/a><\/li><li class='av-share-link av-social-link-twitter' ><a target=\"_blank\" aria-label=\"Compartir en Twitter\" href='https:\/\/twitter.com\/share?text=Indap%20abre%20concurso%20de%20caminos%20intraprediales%20para%20la%20agricultura%20familiar%20campesina%20en%20Ays%C3%A9n&#038;url=https:\/\/radiorevelacionfm.cl\/?p=48084' aria-hidden='false' data-av_icon='\ue8f1' data-av_iconfont='entypo-fontello' title='' data-avia-related-tooltip='Compartir en Twitter' rel=\"noopener\"><span class='avia_hidden_link_text'>Compartir en Twitter<\/span><\/a><\/li><li class='av-share-link av-social-link-whatsapp' ><a target=\"_blank\" aria-label=\"Compartir en Whatsapp\" href='https:\/\/api.whatsapp.com\/send?text=https:\/\/radiorevelacionfm.cl\/?p=48084' aria-hidden='false' data-av_icon='\uf232' data-av_iconfont='entypo-fontello' title='' data-avia-related-tooltip='Compartir en Whatsapp' rel=\"noopener\"><span class='avia_hidden_link_text'>Compartir en Whatsapp<\/span><\/a><\/li><li class='av-share-link av-social-link-linkedin' ><a target=\"_blank\" aria-label=\"Compartir en LinkedIn\" href='https:\/\/linkedin.com\/shareArticle?mini=true&#038;title=Indap%20abre%20concurso%20de%20caminos%20intraprediales%20para%20la%20agricultura%20familiar%20campesina%20en%20Ays%C3%A9n&#038;url=https:\/\/radiorevelacionfm.cl\/?p=48084' aria-hidden='false' data-av_icon='\ue8fc' data-av_iconfont='entypo-fontello' title='' data-avia-related-tooltip='Compartir en LinkedIn' rel=\"noopener\"><span class='avia_hidden_link_text'>Compartir en LinkedIn<\/span><\/a><\/li><li class='av-share-link av-social-link-mail' ><a  aria-label=\"Compartir por correo\" href='mailto:?subject=Indap%20abre%20concurso%20de%20caminos%20intraprediales%20para%20la%20agricultura%20familiar%20campesina%20en%20Ays%C3%A9n&#038;body=https:\/\/radiorevelacionfm.cl\/?p=48084' aria-hidden='false' data-av_icon='\ue805' data-av_iconfont='entypo-fontello' title='' data-avia-related-tooltip='Compartir por correo'><span class='avia_hidden_link_text'>Compartir por correo<\/span><\/a><\/li><\/ul><\/div><\/div>\n<div  style='height:50px' class='hr hr-invisible   avia-builder-el-8  el_after_av_social_share  el_before_av_comments_list '><span class='hr-inner ' ><span class='hr-inner-style'><\/span><\/span><\/div>\n<div  class='av-buildercomment  av-blog-meta-html-info-disabled av-blog-meta-tag-disabled  '><\/div>\n","protected":false},"excerpt":{"rendered":"","protected":false},"author":1,"featured_media":48085,"comment_status":"open","ping_status":"open","sticky":false,"template":"","format":"standard","meta":{"footnotes":""},"categories":[58],"tags":[],"class_list":["post-48084","post","type-post","status-publish","format-standard","has-post-thumbnail","hentry","category-agricultura"],"jetpack_featured_media_url":"https:\/\/radiorevelacionfm.cl\/wp-content\/uploads\/2024\/11\/1er-llamado-caminos-intraprediales-2-2_optimized-2.jpg","_links":{"self":[{"href":"https:\/\/radiorevelacionfm.cl\/index.php?rest_route=\/wp\/v2\/posts\/48084","targetHints":{"allow":["GET"]}}],"collection":[{"href":"https:\/\/radiorevelacionfm.cl\/index.php?rest_route=\/wp\/v2\/posts"}],"about":[{"href":"https:\/\/radiorevelacionfm.cl\/index.php?rest_route=\/wp\/v2\/types\/post"}],"author":[{"embeddable":true,"href":"https:\/\/radiorevelacionfm.cl\/index.php?rest_route=\/wp\/v2\/users\/1"}],"replies":[{"embeddable":true,"href":"https:\/\/radiorevelacionfm.cl\/index.php?rest_route=%2Fwp%2Fv2%2Fcomments&post=48084"}],"version-history":[{"count":1,"href":"https:\/\/radiorevelacionfm.cl\/index.php?rest_route=\/wp\/v2\/posts\/48084\/revisions"}],"predecessor-version":[{"id":48086,"href":"https:\/\/radiorevelacionfm.cl\/index.php?rest_route=\/wp\/v2\/posts\/48084\/revisions\/48086"}],"wp:featuredmedia":[{"embeddable":true,"href":"https:\/\/radiorevelacionfm.cl\/index.php?rest_route=\/wp\/v2\/media\/48085"}],"wp:attachment":[{"href":"https:\/\/radiorevelacionfm.cl\/index.php?rest_route=%2Fwp%2Fv2%2Fmedia&parent=48084"}],"wp:term":[{"taxonomy":"category","embeddable":true,"href":"https:\/\/radiorevelacionfm.cl\/index.php?rest_route=%2Fwp%2Fv2%2Fcategories&post=48084"},{"taxonomy":"post_tag","embeddable":true,"href":"https:\/\/radiorevelacionfm.cl\/index.php?rest_route=%2Fwp%2Fv2%2Ftags&post=48084"}],"curies":[{"name":"wp","href":"https:\/\/api.w.org\/{rel}","templated":true}]}}