{"id":48081,"date":"2024-11-19T17:01:02","date_gmt":"2024-11-19T20:01:02","guid":{"rendered":"https:\/\/radiorevelacionfm.cl\/?p=48081"},"modified":"2024-11-19T17:01:02","modified_gmt":"2024-11-19T20:01:02","slug":"inician-obras-de-reposicion-del-sistema-de-calefaccion-central-de-la-escuela-de-cochrane","status":"publish","type":"post","link":"https:\/\/radiorevelacionfm.cl\/?p=48081","title":{"rendered":"Inician obras de reposici\u00f3n del sistema de calefacci\u00f3n central de la Escuela de Cochrane"},"content":{"rendered":"<div class=\"flex_column av_one_full  flex_column_div av-zero-column-padding first  avia-builder-el-0  el_before_av_one_full  avia-builder-el-first  \" style='border-radius:0px; '><div  class='avia-image-container  av-styling-    avia-builder-el-1  avia-builder-el-no-sibling  avia-align-center '  itemprop=\"image\" itemscope=\"itemscope\" itemtype=\"https:\/\/schema.org\/ImageObject\"  ><div class='avia-image-container-inner'><div class='avia-image-overlay-wrap'><img decoding=\"async\" class='wp-image-48082 avia-img-lazy-loading-not-48082 avia_image' src=\"https:\/\/radiorevelacionfm.cl\/wp-content\/uploads\/2024\/11\/obras-escuela-cochrane-2_optimized-2.jpg\" alt='' title='obras-escuela-cochrane-2_optimized-2' height=\"600\" width=\"1066\"  itemprop=\"thumbnailUrl\" srcset=\"https:\/\/radiorevelacionfm.cl\/wp-content\/uploads\/2024\/11\/obras-escuela-cochrane-2_optimized-2.jpg 1066w, https:\/\/radiorevelacionfm.cl\/wp-content\/uploads\/2024\/11\/obras-escuela-cochrane-2_optimized-2-300x169.jpg 300w, https:\/\/radiorevelacionfm.cl\/wp-content\/uploads\/2024\/11\/obras-escuela-cochrane-2_optimized-2-1030x580.jpg 1030w, https:\/\/radiorevelacionfm.cl\/wp-content\/uploads\/2024\/11\/obras-escuela-cochrane-2_optimized-2-768x432.jpg 768w, https:\/\/radiorevelacionfm.cl\/wp-content\/uploads\/2024\/11\/obras-escuela-cochrane-2_optimized-2-705x397.jpg 705w, https:\/\/radiorevelacionfm.cl\/wp-content\/uploads\/2024\/11\/obras-escuela-cochrane-2_optimized-2-450x253.jpg 450w, https:\/\/radiorevelacionfm.cl\/wp-content\/uploads\/2024\/11\/obras-escuela-cochrane-2_optimized-2-600x338.jpg 600w\" sizes=\"(max-width: 1066px) 100vw, 1066px\" \/><\/div><\/div><\/div><\/div><div class=\"flex_column av_one_full  flex_column_div av-zero-column-padding first  avia-builder-el-2  el_after_av_one_full  el_before_av_one_full  column-top-margin\" style='border-radius:0px; '><section class=\"av_textblock_section \"  itemscope=\"itemscope\" itemtype=\"https:\/\/schema.org\/BlogPosting\" itemprop=\"blogPost\" ><div class='avia_textblock  '   itemprop=\"text\" ><p style=\"text-align: center;\"><span style=\"font-size: 18pt;\"><b>Inician obras de reposici\u00f3n del sistema de calefacci\u00f3n central de la Escuela de Cochrane<\/b><\/span><\/p>\n<div id=\"gtx-trans\" style=\"position: absolute; left: -50px; top: 4.31534px;\">\n<div class=\"gtx-trans-icon\"><\/div>\n<\/div>\n<\/div><\/section><\/div><div class=\"flex_column av_one_full  flex_column_div av-zero-column-padding first  avia-builder-el-4  el_after_av_one_full  el_before_av_hr  column-top-margin\" style='border-radius:0px; '><section class=\"av_textblock_section \"  itemscope=\"itemscope\" itemtype=\"https:\/\/schema.org\/BlogPosting\" itemprop=\"blogPost\" ><div class='avia_textblock  '   itemprop=\"text\" ><p class=\"v1MsoNormal\" style=\"text-align: justify;\">En Cochrane <a href=\"https:\/\/www.facebook.com\/IsabelGarridoCasassa?__cft__%5b0%5d=AZWwbea8xLeQqHR7tNf2WI4J3Dyfs_OzMZzU8FZz_zRagPvZoGBjXryepfdWAcGzWj5f7EQi03YXZznvtVbaSshrB3Va8B4yG3PaRAJBrbuokDGeWCLKs7_PHy6Y7spSRAOczV4Gfae3qkvk58mwlBX7mJI1GBOjJw4XTcBQs6MbARXCawr1bQKfVWNh9N7gepU&amp;__tn__=-%5dK-R\" target=\"_blank\" rel=\"noopener noreferrer\">la<\/a> SEREMI de Educaci\u00f3n Isabel Garrido\u00a0 junto a la Delegada Presidencial Provincial de Capit\u00e1n Prat Marta Montiel, el Alcalde Jorge Calder\u00f3n y el Director Ejecutivo del <a href=\"https:\/\/www.facebook.com\/SLEPAysen?__cft__%5b0%5d=AZWwbea8xLeQqHR7tNf2WI4J3Dyfs_OzMZzU8FZz_zRagPvZoGBjXryepfdWAcGzWj5f7EQi03YXZznvtVbaSshrB3Va8B4yG3PaRAJBrbuokDGeWCLKs7_PHy6Y7spSRAOczV4Gfae3qkvk58mwlBX7mJI1GBOjJw4XTcBQs6MbARXCawr1bQKfVWNh9N7gepU&amp;__tn__=-%5dK-R\" target=\"_blank\" rel=\"noopener noreferrer\">Servicio Local de Educaci\u00f3n P\u00fablica Ays\u00e9n<\/a> Sebasti\u00e1n Gonz\u00e1lez dieron el vamos a las obras de reposici\u00f3n del sistema de calefacci\u00f3n central de la Escuela Teniente Hern\u00e1n Merino Correa, financiadas con fondos del Ministerio de Educaci\u00f3n y ejecutadas por la Municipalidad de Cochrane.<\/p>\n<p class=\"v1MsoNormal\" style=\"text-align: justify;\"><span lang=\"ES\">La inversi\u00f3n sectorial es de $395.866.078 pesos y la obra considera la reposici\u00f3n de todo el sistema de calefacci\u00f3n central. Entre las partidas principales se destacan el reemplazo de la actual caldera a le\u00f1a por un sistema dual que renovar\u00e1 la caldera actual e incluir\u00e1 dos calderas a gas y petr\u00f3leo, las cuales son menos contaminantes y m\u00e1s eficientes, actuando la caldera a petr\u00f3leo como respaldo del sistema a gas.<\/span><\/p>\n<p class=\"v1MsoNormal\" style=\"text-align: justify;\"><span lang=\"ES\">La intervenci\u00f3n del sistema dar\u00e1 soluci\u00f3n al d\u00e9ficit de cobertura actual. Adem\u00e1s, se considera la incorporaci\u00f3n de un sistema de climatizaci\u00f3n en recintos docentes). Para lo anterior, se considera la reposici\u00f3n de equipos de caldera, radiadores y canalizaci\u00f3n en general. Con este mejoramiento de infraestructura se ver\u00e1n favorecidos los casi 400 estudiantes del plantel, m\u00e1s las y los profesores y asistentes de la educaci\u00f3n.<\/span><\/p>\n<p class=\"v1MsoNormal\" style=\"text-align: justify;\">Este proyecto se inscribe en el marco del proceso de fortalecimiento de instalaci\u00f3n de los Servicios Locales de Educaci\u00f3n P\u00fablica que implement\u00f3 la Direcci\u00f3n de Educaci\u00f3n P\u00fablica DEP a trav\u00e9s de una nueva l\u00ednea de postulaci\u00f3n de \u201cAnticipaci\u00f3n\u201d, enfocada en los sostenedores que traspasaron el servicio educativo a los Servicios Locales 2024, con un marco presupuestario de $40 mil millones a nivel nacional.<\/p>\n<p class=\"v1MsoNormal\" style=\"text-align: justify;\"><span lang=\"ES\">La Seremi de Educaci\u00f3n Isabel Garrido destac\u00f3 que \u201cEn nuestra regi\u00f3n 9 de 10 municipios recogieron este llamado y se adjudicaron 22 proyectos adjudicados por un monto superior a los 6 mil millones de pesos, una cifra hist\u00f3rica y la municipalidad de Cochrane fue una de las primeras interesadas en presentar proyectos, y esta iniciativa obtiene casi la totalidad de recursos disponibles. Tenemos la confianza de que se ejecutar\u00e1 en el plazo establecido de 160 d\u00edas y que mejorar\u00e1 las condiciones de confort y bienestar de la Escuela Teniente Merino que es un requisito para el aprendizaje. El \u00a0mejoramiento de la infraestructura escolar es uno de los ejes del Plan de Reactivaci\u00f3n Educativa que impulsa el Gobierno del Presidente Gabriel Boric\u201d.<\/span><\/p>\n<p class=\"v1MsoNormal\" style=\"text-align: justify;\"><span lang=\"ES\">En esa misma l\u00ednea, el Alcalde de Cochrane Jorge Calder\u00f3n manifest\u00f3. \u201cHoy estamos muy contentos, ya que junto a diversas autoridades participamos del hito de entrega de terreno para un proyecto que nos permite reponer la caldera de la Escuela Hern\u00e1n Merino Correa, una obra que mejorar\u00e1 las condiciones de calefacci\u00f3n del establecimiento educacional y al mismo tiempo nos permite mejora la relaci\u00f3n con el ambiente ya que reemplazaremos la le\u00f1a y contaremos con calderas de petr\u00f3leo y gas que son mucho m\u00e1s amigables\u201d.<\/span><\/p>\n<p class=\"v1MsoNormal\" style=\"text-align: justify;\"><span lang=\"ES\">En tanto, el Director Ejecutivo del Slep Ays\u00e9n Sebasti\u00e1n Gonzalez coment\u00f3 que \u201cEl Alcalde de Cochrane ha tenido un compromiso muy grande con desarrollar este proyecto que permitir\u00e1 realizar el proceso de aprendizaje de ni\u00f1as y ni\u00f1os en mejores condiciones y ese compromiso lo destacamos porque como Servicio Local de Educaci\u00f3n P\u00fablica \u00a0queremos seguir trabajando con los municipios y que sigamos levantando proyectos. Lo que favorece a los ni\u00f1os favorece a toda la comuna y a la regi\u00f3n\u201d.<\/span><\/p>\n<\/div><\/section><\/div><div  style='height:50px' class='hr hr-invisible   avia-builder-el-6  el_after_av_one_full  el_before_av_social_share '><span class='hr-inner ' ><span class='hr-inner-style'><\/span><\/span><\/div><\/p>\n<div  class='av-social-sharing-box  avia-builder-el-7  el_after_av_hr  el_before_av_hr  '><div class='av-share-box'><h5 class='av-share-link-description av-no-toc '>Compartir esta noticia<\/h5><ul class='av-share-box-list noLightbox'><li class='av-share-link av-social-link-facebook' ><a target=\"_blank\" aria-label=\"Compartir en Facebook\" href='https:\/\/www.facebook.com\/sharer.php?u=https:\/\/radiorevelacionfm.cl\/?p=48081&#038;t=Inician%20obras%20de%20reposici%C3%B3n%20del%20sistema%20de%20calefacci%C3%B3n%20central%20de%20la%20Escuela%20de%20Cochrane' aria-hidden='false' data-av_icon='\ue8f3' data-av_iconfont='entypo-fontello' title='' data-avia-related-tooltip='Compartir en Facebook' rel=\"noopener\"><span class='avia_hidden_link_text'>Compartir en Facebook<\/span><\/a><\/li><li class='av-share-link av-social-link-twitter' ><a target=\"_blank\" aria-label=\"Compartir en Twitter\" href='https:\/\/twitter.com\/share?text=Inician%20obras%20de%20reposici%C3%B3n%20del%20sistema%20de%20calefacci%C3%B3n%20central%20de%20la%20Escuela%20de%20Cochrane&#038;url=https:\/\/radiorevelacionfm.cl\/?p=48081' aria-hidden='false' data-av_icon='\ue8f1' data-av_iconfont='entypo-fontello' title='' data-avia-related-tooltip='Compartir en Twitter' rel=\"noopener\"><span class='avia_hidden_link_text'>Compartir en Twitter<\/span><\/a><\/li><li class='av-share-link av-social-link-whatsapp' ><a target=\"_blank\" aria-label=\"Compartir en Whatsapp\" href='https:\/\/api.whatsapp.com\/send?text=https:\/\/radiorevelacionfm.cl\/?p=48081' aria-hidden='false' data-av_icon='\uf232' data-av_iconfont='entypo-fontello' title='' data-avia-related-tooltip='Compartir en Whatsapp' rel=\"noopener\"><span class='avia_hidden_link_text'>Compartir en Whatsapp<\/span><\/a><\/li><li class='av-share-link av-social-link-linkedin' ><a target=\"_blank\" aria-label=\"Compartir en LinkedIn\" href='https:\/\/linkedin.com\/shareArticle?mini=true&#038;title=Inician%20obras%20de%20reposici%C3%B3n%20del%20sistema%20de%20calefacci%C3%B3n%20central%20de%20la%20Escuela%20de%20Cochrane&#038;url=https:\/\/radiorevelacionfm.cl\/?p=48081' aria-hidden='false' data-av_icon='\ue8fc' data-av_iconfont='entypo-fontello' title='' data-avia-related-tooltip='Compartir en LinkedIn' rel=\"noopener\"><span class='avia_hidden_link_text'>Compartir en LinkedIn<\/span><\/a><\/li><li class='av-share-link av-social-link-mail' ><a  aria-label=\"Compartir por correo\" href='mailto:?subject=Inician%20obras%20de%20reposici%C3%B3n%20del%20sistema%20de%20calefacci%C3%B3n%20central%20de%20la%20Escuela%20de%20Cochrane&#038;body=https:\/\/radiorevelacionfm.cl\/?p=48081' aria-hidden='false' data-av_icon='\ue805' data-av_iconfont='entypo-fontello' title='' data-avia-related-tooltip='Compartir por correo'><span class='avia_hidden_link_text'>Compartir por correo<\/span><\/a><\/li><\/ul><\/div><\/div>\n<div  style='height:50px' class='hr hr-invisible   avia-builder-el-8  el_after_av_social_share  el_before_av_comments_list '><span class='hr-inner ' ><span class='hr-inner-style'><\/span><\/span><\/div>\n<div  class='av-buildercomment  av-blog-meta-html-info-disabled av-blog-meta-tag-disabled  '><\/div>\n<div class=\"flex_column av_one_full  flex_column_div av-zero-column-padding first  avia-builder-el-10  el_after_av_comments_list  el_before_av_one_full  \" style='border-radius:0px; '><div  class='avia-image-container  av-styling-    avia-builder-el-11  avia-builder-el-no-sibling  avia-align-center '  itemprop=\"image\" itemscope=\"itemscope\" itemtype=\"https:\/\/schema.org\/ImageObject\"  ><div class='avia-image-container-inner'><div class='avia-image-overlay-wrap'><img decoding=\"async\" class='wp-image-0 avia-img-lazy-loading-not-0 avia_image' src=\"http:\/\/radiorevelacionfm.cl\/wp-content\/uploads\/2020\/12\/7ee21_th2.jpg\" alt='' title=''   itemprop=\"thumbnailUrl\"  \/><\/div><\/div><\/div><\/div>\n<div class=\"flex_column av_one_full  flex_column_div av-zero-column-padding first  avia-builder-el-12  el_after_av_one_full  el_before_av_one_full  column-top-margin\" style='border-radius:0px; '><section class=\"av_textblock_section \"  itemscope=\"itemscope\" itemtype=\"https:\/\/schema.org\/BlogPosting\" itemprop=\"blogPost\" ><div class='avia_textblock  '   itemprop=\"text\" ><h2 class=\"title\" style=\"text-align: center;\">SENDA entrega equipos de Narcotest a Carabineros para aumentar controles de Tolerancia Cero<\/h2>\n<div id=\"gtx-trans\" style=\"position: absolute; left: -50px; top: 4.31534px;\">\n<div class=\"gtx-trans-icon\"><\/div>\n<\/div>\n<\/div><\/section><\/div>\n<div class=\"flex_column av_one_full  flex_column_div av-zero-column-padding first  avia-builder-el-14  el_after_av_one_full  el_before_av_hr  column-top-margin\" style='border-radius:0px; '><section class=\"av_textblock_section \"  itemscope=\"itemscope\" itemtype=\"https:\/\/schema.org\/BlogPosting\" itemprop=\"blogPost\" ><div class='avia_textblock  '   itemprop=\"text\" ><p style=\"text-align: justify;\"><span style=\"font-size: 14pt;\">El objetivo es aumentar la cobertura del Programa Tolerancia Cero y realizar controles en otras comunas de la Regi\u00f3n de Ays\u00e9n, junto con seguir generando conciencias en los conductores, con respecto a las consecuencias negativas asociadas a la conducci\u00f3n bajo los efectos de la droga.<\/span><\/p>\n<p style=\"text-align: justify;\"><span style=\"font-size: 14pt;\">Con la participaci\u00f3n de la Intendente Regional de Ays\u00e9n Sra. Geoconda Navarrete, este martes, en dependencias de su direcci\u00f3n regional, SENDA hizo entrega al nuevo Jefe de la XI Zona Ays\u00e9n de Carabineros de Chile, General Hugo Zenteno V\u00e1squez de dos equipos para detectar la presencia de Drogas il\u00edcitas en los conductores que circulen por la Regi\u00f3n de Ays\u00e9n, en el contexto del trabajo permanente del Programa Tolerancia Cero de SENDA que se ejecuta en colaboraci\u00f3n estrat\u00e9gica con Carabineros de Chile y con el prop\u00f3sito claro de fortalecer el trabajo territorial.<\/span><\/p>\n<p><span style=\"font-size: 14pt;\">En la ocasi\u00f3n la Directora Regional de SENDA Annie Katherine Hunter Guti\u00e9rrez manifest\u00f3 \u201cEsta entrega que SENDA hace a Carabineros de Chile, marca un segundo hito, de suma relevancia en el Programa Tolerancia Cero, bajo la direcci\u00f3n de nuestro Director Carlos Charme, quien plante\u00f3 como objetivo, al asumir su cargo, sumar a los hist\u00f3ricos test de alcohol, el control de otras drogas en los conductores. Es as\u00ed como al aparato Narcotest que el a\u00f1o 2019 lleg\u00f3 a la regi\u00f3n bajo administraci\u00f3n de SENDA Ays\u00e9n, hoy se suma dos aparatos que con mucha satisfacci\u00f3n entregamos hoy a Carabineros, con una inversi\u00f3n sectorial de m\u00e1s de $9.000.000\u201d.<\/span><\/p>\n<p><span style=\"font-size: 14pt;\">Por su parte, el Jefe de la XI zona de Carabineros de Ays\u00e9n, General Hugo Zenteno V\u00e1squez se\u00f1al\u00f3: \u201cEsto es una estrategia de una pol\u00edtica de seguridad, donde con estos equipos vamos a hacer nuestro trabajo de mejor forma para poder llevar los medios de prueba al Ministerio P\u00fablico. Todo equipo detector de alguna sustancia il\u00edcita, es esencial para nuestra funci\u00f3n policial. Nuestras estrategias operativas est\u00e1n enfocadas en los puntos m\u00e1s cr\u00edticos y en especial, llega esto, pr\u00f3ximo a las fiestas navide\u00f1as y de fin de a\u00f1o, donde vamos a tener un control m\u00e1s exhaustivo en la ruta para prevenir accidentes y tambi\u00e9n para que las personas est\u00e9n en paz y tranquilidad y no tengamos hechos que lamentar, estamos para brindar un servicio \u00f3ptimo y ese es el enfoque que queremos dar para el a\u00f1o 2021.\u201d<\/span><\/p>\n<p><span style=\"font-size: 14pt;\">A partir de la inversi\u00f3n sectorial de SENDA, Carabineros de Chile de la XI Zona Ays\u00e9n podr\u00e1 someter a cualquier conductor a un examen de saliva, a trav\u00e9s de un kit de prueba desechable, en forma independiente al dispositivo Tolerancia Cero de SENDA, abarcando un territorio mayor, contribuyendo con ello no solo a l control de conductores y fiscalizaci\u00f3n del cumplimiento de la Ley de Tr\u00e1nsito, sino tambi\u00e9n a la labor preventiva que desarrolla SENDA a trav\u00e9s de su programa.<\/span><\/p>\n<p><span style=\"font-size: 14pt;\">Cabe recordar que los Narcotest permiten detectar en terreno la presencia de 5 drogas en el cuerpo de los conductores; coca\u00edna, marihuana, opi\u00e1cidos, metanfetaminas y anfetaminas, hecho que constituye un delito al igual que la conducci\u00f3n en estado de ebriedad.<\/span><\/p>\n<\/div><\/section><\/div>\n<div  style='height:50px' class='hr hr-invisible   avia-builder-el-16  el_after_av_one_full  el_before_av_social_share '><span class='hr-inner ' ><span class='hr-inner-style'><\/span><\/span><\/div>\n<div  class='av-social-sharing-box  avia-builder-el-17  el_after_av_hr  el_before_av_hr  '><div class='av-share-box'><h5 class='av-share-link-description av-no-toc '>Compartir esta noticia<\/h5><ul class='av-share-box-list noLightbox'><li class='av-share-link av-social-link-facebook' ><a target=\"_blank\" aria-label=\"Compartir en Facebook\" href='https:\/\/www.facebook.com\/sharer.php?u=https:\/\/radiorevelacionfm.cl\/?p=48081&#038;t=Inician%20obras%20de%20reposici%C3%B3n%20del%20sistema%20de%20calefacci%C3%B3n%20central%20de%20la%20Escuela%20de%20Cochrane' aria-hidden='false' data-av_icon='\ue8f3' data-av_iconfont='entypo-fontello' title='' data-avia-related-tooltip='Compartir en Facebook' rel=\"noopener\"><span class='avia_hidden_link_text'>Compartir en Facebook<\/span><\/a><\/li><li class='av-share-link av-social-link-twitter' ><a target=\"_blank\" aria-label=\"Compartir en Twitter\" href='https:\/\/twitter.com\/share?text=Inician%20obras%20de%20reposici%C3%B3n%20del%20sistema%20de%20calefacci%C3%B3n%20central%20de%20la%20Escuela%20de%20Cochrane&#038;url=https:\/\/radiorevelacionfm.cl\/?p=48081' aria-hidden='false' data-av_icon='\ue8f1' data-av_iconfont='entypo-fontello' title='' data-avia-related-tooltip='Compartir en Twitter' rel=\"noopener\"><span class='avia_hidden_link_text'>Compartir en Twitter<\/span><\/a><\/li><li class='av-share-link av-social-link-whatsapp' ><a target=\"_blank\" aria-label=\"Compartir en Whatsapp\" href='https:\/\/api.whatsapp.com\/send?text=https:\/\/radiorevelacionfm.cl\/?p=48081' aria-hidden='false' data-av_icon='\uf232' data-av_iconfont='entypo-fontello' title='' data-avia-related-tooltip='Compartir en Whatsapp' rel=\"noopener\"><span class='avia_hidden_link_text'>Compartir en Whatsapp<\/span><\/a><\/li><li class='av-share-link av-social-link-linkedin' ><a target=\"_blank\" aria-label=\"Compartir en LinkedIn\" href='https:\/\/linkedin.com\/shareArticle?mini=true&#038;title=Inician%20obras%20de%20reposici%C3%B3n%20del%20sistema%20de%20calefacci%C3%B3n%20central%20de%20la%20Escuela%20de%20Cochrane&#038;url=https:\/\/radiorevelacionfm.cl\/?p=48081' aria-hidden='false' data-av_icon='\ue8fc' data-av_iconfont='entypo-fontello' title='' data-avia-related-tooltip='Compartir en LinkedIn' rel=\"noopener\"><span class='avia_hidden_link_text'>Compartir en LinkedIn<\/span><\/a><\/li><li class='av-share-link av-social-link-mail' ><a  aria-label=\"Compartir por correo\" href='mailto:?subject=Inician%20obras%20de%20reposici%C3%B3n%20del%20sistema%20de%20calefacci%C3%B3n%20central%20de%20la%20Escuela%20de%20Cochrane&#038;body=https:\/\/radiorevelacionfm.cl\/?p=48081' aria-hidden='false' data-av_icon='\ue805' data-av_iconfont='entypo-fontello' title='' data-avia-related-tooltip='Compartir por correo'><span class='avia_hidden_link_text'>Compartir por correo<\/span><\/a><\/li><\/ul><\/div><\/div>\n<div  style='height:50px' class='hr hr-invisible   avia-builder-el-18  el_after_av_social_share  el_before_av_comments_list '><span class='hr-inner ' ><span class='hr-inner-style'><\/span><\/span><\/div>\n<div  class='av-buildercomment  av-blog-meta-html-info-disabled av-blog-meta-tag-disabled  '><\/div>\n","protected":false},"excerpt":{"rendered":"","protected":false},"author":1,"featured_media":48082,"comment_status":"open","ping_status":"open","sticky":false,"template":"","format":"standard","meta":{"footnotes":""},"categories":[49],"tags":[],"class_list":["post-48081","post","type-post","status-publish","format-standard","has-post-thumbnail","hentry","category-educacion"],"jetpack_featured_media_url":"https:\/\/radiorevelacionfm.cl\/wp-content\/uploads\/2024\/11\/obras-escuela-cochrane-2_optimized-2.jpg","_links":{"self":[{"href":"https:\/\/radiorevelacionfm.cl\/index.php?rest_route=\/wp\/v2\/posts\/48081","targetHints":{"allow":["GET"]}}],"collection":[{"href":"https:\/\/radiorevelacionfm.cl\/index.php?rest_route=\/wp\/v2\/posts"}],"about":[{"href":"https:\/\/radiorevelacionfm.cl\/index.php?rest_route=\/wp\/v2\/types\/post"}],"author":[{"embeddable":true,"href":"https:\/\/radiorevelacionfm.cl\/index.php?rest_route=\/wp\/v2\/users\/1"}],"replies":[{"embeddable":true,"href":"https:\/\/radiorevelacionfm.cl\/index.php?rest_route=%2Fwp%2Fv2%2Fcomments&post=48081"}],"version-history":[{"count":1,"href":"https:\/\/radiorevelacionfm.cl\/index.php?rest_route=\/wp\/v2\/posts\/48081\/revisions"}],"predecessor-version":[{"id":48083,"href":"https:\/\/radiorevelacionfm.cl\/index.php?rest_route=\/wp\/v2\/posts\/48081\/revisions\/48083"}],"wp:featuredmedia":[{"embeddable":true,"href":"https:\/\/radiorevelacionfm.cl\/index.php?rest_route=\/wp\/v2\/media\/48082"}],"wp:attachment":[{"href":"https:\/\/radiorevelacionfm.cl\/index.php?rest_route=%2Fwp%2Fv2%2Fmedia&parent=48081"}],"wp:term":[{"taxonomy":"category","embeddable":true,"href":"https:\/\/radiorevelacionfm.cl\/index.php?rest_route=%2Fwp%2Fv2%2Fcategories&post=48081"},{"taxonomy":"post_tag","embeddable":true,"href":"https:\/\/radiorevelacionfm.cl\/index.php?rest_route=%2Fwp%2Fv2%2Ftags&post=48081"}],"curies":[{"name":"wp","href":"https:\/\/api.w.org\/{rel}","templated":true}]}}