{"id":4808,"date":"2021-06-02T12:05:05","date_gmt":"2021-06-02T15:05:05","guid":{"rendered":"https:\/\/radiorevelacionfm.cl\/?p=4808"},"modified":"2021-06-02T12:05:05","modified_gmt":"2021-06-02T15:05:05","slug":"dura-critica-realizo-la-senadora-ordenes-sobre-el-discurso-una-ultima-cuenta-publica-presidencial-sin-legado","status":"publish","type":"post","link":"https:\/\/radiorevelacionfm.cl\/?p=4808","title":{"rendered":"Dura cr\u00edtica realiz\u00f3 la Senadora \u00d3rdenes sobre el discurso \u201cUna \u00faltima Cuenta P\u00fablica Presidencial sin legado\u201d"},"content":{"rendered":"<div class=\"flex_column av_one_full  flex_column_div av-zero-column-padding first  avia-builder-el-0  el_before_av_one_full  avia-builder-el-first  \" style='border-radius:0px; '><div  class='avia-image-container  av-styling-    avia-builder-el-1  avia-builder-el-no-sibling  avia-align-center '  itemprop=\"image\" itemscope=\"itemscope\" itemtype=\"https:\/\/schema.org\/ImageObject\"  ><div class='avia-image-container-inner'><div class='avia-image-overlay-wrap'><img decoding=\"async\" class='wp-image-0 avia-img-lazy-loading-not-0 avia_image' src=\"https:\/\/radiorevelacionfm.cl\/wp-content\/uploads\/2021\/02\/Senadora-Ordenes-1.png\" alt='' title=''   itemprop=\"thumbnailUrl\"  \/><\/div><\/div><\/div><\/div><div class=\"flex_column av_one_full  flex_column_div av-zero-column-padding first  avia-builder-el-2  el_after_av_one_full  el_before_av_one_full  column-top-margin\" style='border-radius:0px; '><section class=\"av_textblock_section \"  itemscope=\"itemscope\" itemtype=\"https:\/\/schema.org\/BlogPosting\" itemprop=\"blogPost\" ><div class='avia_textblock  '   itemprop=\"text\" ><p style=\"text-align: center;\"><strong><span style=\"font-size: 18pt;\">Dura cr\u00edtica realiz\u00f3 la Senadora \u00d3rdenes sobre el discurso \u201cUna \u00faltima Cuenta P\u00fablica Presidencial sin legado\u201d<\/span><\/strong><\/p>\n<div id=\"gtx-trans\" style=\"position: absolute; left: -50px; top: 4.31534px;\">\n<div class=\"gtx-trans-icon\"><\/div>\n<\/div>\n<\/div><\/section><\/div><div class=\"flex_column av_one_full  flex_column_div av-zero-column-padding first  avia-builder-el-4  el_after_av_one_full  el_before_av_hr  column-top-margin\" style='border-radius:0px; '><section class=\"av_textblock_section \"  itemscope=\"itemscope\" itemtype=\"https:\/\/schema.org\/BlogPosting\" itemprop=\"blogPost\" ><div class='avia_textblock  '   itemprop=\"text\" ><p style=\"font-weight: 400; text-align: justify;\">Un an\u00e1lisis cr\u00edtico realiz\u00f3 la senadora por Ays\u00e9n, Ximena \u00d3rdenes Neira, sobre la \u00faltima Cuenta P\u00fablica del Presidente Sebasti\u00e1n Pi\u00f1era ante el Congreso Pleno, la que estuvo marcada por el sorpresivo anuncio de darle urgencia al Matrimonio Igualitario. \u201cMe parece bien el tema de matrimonio igualitario que se le d\u00e9 urgencia (\u2026) y espero tambi\u00e9n que el oficialismo sea coherente tambi\u00e9n con el anuncio del Presidente y podamos contar con los votos que se requieren para hacer del matrimonio igualitario una realidad.\u201d, adelant\u00f3.<\/p>\n<p style=\"font-weight: 400; text-align: justify;\">Con un estricto protocolo sanitario se llev\u00f3 a cabo la \u00faltima Cuenta P\u00fablica del Presidente Pi\u00f1era, tras el discurso, la senadora Ximena \u00d3rdenes analiz\u00f3 en detalle lo se\u00f1alado por el mandatario ante el Congreso Pleno y no dud\u00f3 en asegurar que fue \u201cun discurso sin autocr\u00edtica, alejado de la realidad, lo que se ha transformado en una costumbre de este Gobierno\u201d.<\/p>\n<p style=\"font-weight: 400; text-align: justify;\">En esta l\u00ednea, la parlamentaria por Ays\u00e9n fue enf\u00e1tica en aclarar: \u201cEl Gobierno del Presidente Sebasti\u00e1n Pi\u00f1era ha aparecido siempre alejado de la ciudadan\u00eda y no ha logrado sintonizar con lo que son las grandes demandas ciudadanas, cuando se atribuye logros como la ruta y el proceso constituyente en curso no hace menci\u00f3n de que esto es parte de la agenda del estallido social y cuando formaliza se hace, a trav\u00e9s de un gran acuerdo nacional, que nace del Congreso\u201d, explic\u00f3.<\/p>\n<p style=\"font-weight: 400; text-align: justify;\">Asimismo, la senadora \u00d3rdenes lament\u00f3 que el mandatario insistiera en llamar \u201cal di\u00e1logo\u201d, cuando \u2013a su juicio- todas las oportunidades que ha tenido para sentarse en una mesa con la oposici\u00f3n la ha desechado. \u201cEl Presidente Pi\u00f1era llama al di\u00e1logo en su cuenta al pa\u00eds, pero ha quedado en evidencia que ha sido \u00e9l y su gobierno quienes no han querido dialogar, no aceptan cr\u00edticas, ni visiones distintas. La pandemia les ha costado la vida a casi 30 mil chilenos y a\u00fan no cede\u201d, indic\u00f3.<\/p>\n<p style=\"font-weight: 400; text-align: justify;\">Otros de los aspectos que fue duramente criticado por la senadora Ximena \u00d3rdenes Neira, fue la menci\u00f3n en materia de derechos humanos, para la parlamentaria por Ays\u00e9n los dichos del mandatario tienen un alto grado de provocaci\u00f3n. \u201cTodas las organizaciones que el Presidente Pi\u00f1era mencion\u00f3 en su discurso constataron terribles violaciones a los derechos humanos. Ac\u00e1 la historia no tiene dos versiones, durante este gobierno se vivi\u00f3 la peor crisis de derechos humanos desde la dictadura y \u00e9l debe hacerse responsable\u201d, apunt\u00f3.<\/p>\n<p style=\"font-weight: 400; text-align: justify;\">Y agreg\u00f3: \u201cLos dichos del Presidente en esta materia solo provocan a la ciudadan\u00eda, pasa por alto los sendos informes de los organismos internacionales que establecieron la grave situaci\u00f3n que vivieron las chilenas y chilenos\u201d, puntualiz\u00f3.<\/p>\n<\/div><\/section><\/div><div  style='height:50px' class='hr hr-invisible   avia-builder-el-6  el_after_av_one_full  el_before_av_social_share '><span class='hr-inner ' ><span class='hr-inner-style'><\/span><\/span><\/div><\/p>\n<div  class='av-social-sharing-box  avia-builder-el-7  el_after_av_hr  el_before_av_hr  '><div class='av-share-box'><h5 class='av-share-link-description av-no-toc '>Compartir esta noticia<\/h5><ul class='av-share-box-list noLightbox'><li class='av-share-link av-social-link-facebook' ><a target=\"_blank\" aria-label=\"Compartir en Facebook\" href='https:\/\/www.facebook.com\/sharer.php?u=https:\/\/radiorevelacionfm.cl\/?p=4808&#038;t=Dura%20cr%C3%ADtica%20realiz%C3%B3%20la%20Senadora%20%C3%93rdenes%20sobre%20el%20discurso%20%E2%80%9CUna%20%C3%BAltima%20Cuenta%20P%C3%BAblica%20Presidencial%20sin%20legado%E2%80%9D' aria-hidden='false' data-av_icon='\ue8f3' data-av_iconfont='entypo-fontello' title='' data-avia-related-tooltip='Compartir en Facebook' rel=\"noopener\"><span class='avia_hidden_link_text'>Compartir en Facebook<\/span><\/a><\/li><li class='av-share-link av-social-link-twitter' ><a target=\"_blank\" aria-label=\"Compartir en Twitter\" href='https:\/\/twitter.com\/share?text=Dura%20cr%C3%ADtica%20realiz%C3%B3%20la%20Senadora%20%C3%93rdenes%20sobre%20el%20discurso%20%E2%80%9CUna%20%C3%BAltima%20Cuenta%20P%C3%BAblica%20Presidencial%20sin%20legado%E2%80%9D&#038;url=https:\/\/radiorevelacionfm.cl\/?p=4808' aria-hidden='false' data-av_icon='\ue8f1' data-av_iconfont='entypo-fontello' title='' data-avia-related-tooltip='Compartir en Twitter' rel=\"noopener\"><span class='avia_hidden_link_text'>Compartir en Twitter<\/span><\/a><\/li><li class='av-share-link av-social-link-whatsapp' ><a target=\"_blank\" aria-label=\"Compartir en Whatsapp\" href='https:\/\/api.whatsapp.com\/send?text=https:\/\/radiorevelacionfm.cl\/?p=4808' aria-hidden='false' data-av_icon='\uf232' data-av_iconfont='entypo-fontello' title='' data-avia-related-tooltip='Compartir en Whatsapp' rel=\"noopener\"><span class='avia_hidden_link_text'>Compartir en Whatsapp<\/span><\/a><\/li><li class='av-share-link av-social-link-linkedin' ><a target=\"_blank\" aria-label=\"Compartir en LinkedIn\" href='https:\/\/linkedin.com\/shareArticle?mini=true&#038;title=Dura%20cr%C3%ADtica%20realiz%C3%B3%20la%20Senadora%20%C3%93rdenes%20sobre%20el%20discurso%20%E2%80%9CUna%20%C3%BAltima%20Cuenta%20P%C3%BAblica%20Presidencial%20sin%20legado%E2%80%9D&#038;url=https:\/\/radiorevelacionfm.cl\/?p=4808' aria-hidden='false' data-av_icon='\ue8fc' data-av_iconfont='entypo-fontello' title='' data-avia-related-tooltip='Compartir en LinkedIn' rel=\"noopener\"><span class='avia_hidden_link_text'>Compartir en LinkedIn<\/span><\/a><\/li><li class='av-share-link av-social-link-mail' ><a  aria-label=\"Compartir por correo\" href='mailto:?subject=Dura%20cr%C3%ADtica%20realiz%C3%B3%20la%20Senadora%20%C3%93rdenes%20sobre%20el%20discurso%20%E2%80%9CUna%20%C3%BAltima%20Cuenta%20P%C3%BAblica%20Presidencial%20sin%20legado%E2%80%9D&#038;body=https:\/\/radiorevelacionfm.cl\/?p=4808' aria-hidden='false' data-av_icon='\ue805' data-av_iconfont='entypo-fontello' title='' data-avia-related-tooltip='Compartir por correo'><span class='avia_hidden_link_text'>Compartir por correo<\/span><\/a><\/li><\/ul><\/div><\/div>\n<div  style='height:50px' class='hr hr-invisible   avia-builder-el-8  el_after_av_social_share  el_before_av_comments_list '><span class='hr-inner ' ><span class='hr-inner-style'><\/span><\/span><\/div>\n<div  class='av-buildercomment  av-blog-meta-html-info-disabled av-blog-meta-tag-disabled  '><\/div>\n","protected":false},"excerpt":{"rendered":"","protected":false},"author":1,"featured_media":0,"comment_status":"open","ping_status":"open","sticky":false,"template":"","format":"standard","meta":{"footnotes":""},"categories":[35],"tags":[],"class_list":["post-4808","post","type-post","status-publish","format-standard","hentry","category-politica"],"jetpack_featured_media_url":"","_links":{"self":[{"href":"https:\/\/radiorevelacionfm.cl\/index.php?rest_route=\/wp\/v2\/posts\/4808","targetHints":{"allow":["GET"]}}],"collection":[{"href":"https:\/\/radiorevelacionfm.cl\/index.php?rest_route=\/wp\/v2\/posts"}],"about":[{"href":"https:\/\/radiorevelacionfm.cl\/index.php?rest_route=\/wp\/v2\/types\/post"}],"author":[{"embeddable":true,"href":"https:\/\/radiorevelacionfm.cl\/index.php?rest_route=\/wp\/v2\/users\/1"}],"replies":[{"embeddable":true,"href":"https:\/\/radiorevelacionfm.cl\/index.php?rest_route=%2Fwp%2Fv2%2Fcomments&post=4808"}],"version-history":[{"count":1,"href":"https:\/\/radiorevelacionfm.cl\/index.php?rest_route=\/wp\/v2\/posts\/4808\/revisions"}],"predecessor-version":[{"id":4809,"href":"https:\/\/radiorevelacionfm.cl\/index.php?rest_route=\/wp\/v2\/posts\/4808\/revisions\/4809"}],"wp:attachment":[{"href":"https:\/\/radiorevelacionfm.cl\/index.php?rest_route=%2Fwp%2Fv2%2Fmedia&parent=4808"}],"wp:term":[{"taxonomy":"category","embeddable":true,"href":"https:\/\/radiorevelacionfm.cl\/index.php?rest_route=%2Fwp%2Fv2%2Fcategories&post=4808"},{"taxonomy":"post_tag","embeddable":true,"href":"https:\/\/radiorevelacionfm.cl\/index.php?rest_route=%2Fwp%2Fv2%2Ftags&post=4808"}],"curies":[{"name":"wp","href":"https:\/\/api.w.org\/{rel}","templated":true}]}}