{"id":48078,"date":"2024-11-19T16:32:04","date_gmt":"2024-11-19T19:32:04","guid":{"rendered":"https:\/\/radiorevelacionfm.cl\/?p=48078"},"modified":"2024-11-19T16:32:04","modified_gmt":"2024-11-19T19:32:04","slug":"tour-operadores-brasilenos-quedan-cautivados-por-la-belleza-de-aysen","status":"publish","type":"post","link":"https:\/\/radiorevelacionfm.cl\/?p=48078","title":{"rendered":"Tour operadores brasile\u00f1os quedan cautivados por la belleza de Ays\u00e9n"},"content":{"rendered":"<div class=\"flex_column av_one_full  flex_column_div av-zero-column-padding first  avia-builder-el-0  el_before_av_one_full  avia-builder-el-first  \" style='border-radius:0px; '><div  class='avia-image-container  av-styling-    avia-builder-el-1  avia-builder-el-no-sibling  avia-align-center '  itemprop=\"image\" itemscope=\"itemscope\" itemtype=\"https:\/\/schema.org\/ImageObject\"  ><div class='avia-image-container-inner'><div class='avia-image-overlay-wrap'><img decoding=\"async\" class='wp-image-48079 avia-img-lazy-loading-not-48079 avia_image' src=\"https:\/\/radiorevelacionfm.cl\/wp-content\/uploads\/2024\/11\/Aysen-1-2-2.jpg\" alt='' title='Aysen 1-2-2' height=\"600\" width=\"800\"  itemprop=\"thumbnailUrl\" srcset=\"https:\/\/radiorevelacionfm.cl\/wp-content\/uploads\/2024\/11\/Aysen-1-2-2.jpg 800w, https:\/\/radiorevelacionfm.cl\/wp-content\/uploads\/2024\/11\/Aysen-1-2-2-300x225.jpg 300w, https:\/\/radiorevelacionfm.cl\/wp-content\/uploads\/2024\/11\/Aysen-1-2-2-768x576.jpg 768w, https:\/\/radiorevelacionfm.cl\/wp-content\/uploads\/2024\/11\/Aysen-1-2-2-705x529.jpg 705w, https:\/\/radiorevelacionfm.cl\/wp-content\/uploads\/2024\/11\/Aysen-1-2-2-450x338.jpg 450w, https:\/\/radiorevelacionfm.cl\/wp-content\/uploads\/2024\/11\/Aysen-1-2-2-600x450.jpg 600w\" sizes=\"(max-width: 800px) 100vw, 800px\" \/><\/div><\/div><\/div><\/div><div class=\"flex_column av_one_full  flex_column_div av-zero-column-padding first  avia-builder-el-2  el_after_av_one_full  el_before_av_one_full  column-top-margin\" style='border-radius:0px; '><section class=\"av_textblock_section \"  itemscope=\"itemscope\" itemtype=\"https:\/\/schema.org\/BlogPosting\" itemprop=\"blogPost\" ><div class='avia_textblock  '   itemprop=\"text\" ><p style=\"text-align: center;\"><strong><span style=\"font-size: 18pt;\">Tour operadores brasile\u00f1os quedan cautivados por la belleza de Ays\u00e9n<\/span><\/strong><\/p>\n<div id=\"gtx-trans\" style=\"position: absolute; left: -50px; top: 4.31534px;\">\n<div class=\"gtx-trans-icon\"><\/div>\n<\/div>\n<\/div><\/section><\/div><div class=\"flex_column av_one_full  flex_column_div av-zero-column-padding first  avia-builder-el-4  el_after_av_one_full  el_before_av_hr  column-top-margin\" style='border-radius:0px; '><section class=\"av_textblock_section \"  itemscope=\"itemscope\" itemtype=\"https:\/\/schema.org\/BlogPosting\" itemprop=\"blogPost\" ><div class='avia_textblock  '   itemprop=\"text\" ><p style=\"text-align: justify;\"><em>La iniciativa conjunta entre Sernatur y ProChile permiti\u00f3 un acercamiento entre operadores tur\u00edsticos regionales del destino Ays\u00e9n Patagonia y sus contrapartes brasile\u00f1as.<\/em><\/p>\n<p style=\"text-align: justify;\">Encantados con las bellezas naturales de Ays\u00e9n se mostraron los seis tour operadores brasile\u00f1os que estuvieron por casi una semana recorriendo diversas localidades de la regi\u00f3n, en una actividad que fue organizada en forma conjunta entre Sernatur y ProChile.<\/p>\n<p style=\"text-align: justify;\">Los tour operadores brasile\u00f1os participantes fueron Karina Braga de CVC; Vanessa Andreza Goncalvez de Viagenspromo; Neuma Cristina Santiago Vaz de Ambiental Turismo; Vera Luvia de Gois Viveiros Pedrosor de Interep, todos ellos de Sao Paulo; adem\u00e1s de Gabrielle Calil Monteiro de Pisa Trekking de Florian\u00e1polis y Reginaldo Lopes de Melo de FRT de la ciudad de Foz do Iguaz\u00fa.<\/p>\n<p style=\"text-align: justify;\">El FAM Tour (viaje de familiarizaci\u00f3n) Ays\u00e9n Patagonia consider\u00f3 recorridos por Coyhaique, Puerto Ays\u00e9n y Puerto Chacabuco, donde realizaron una excursi\u00f3n al recinto termal Ensenada P\u00e9rez, a la Laguna San Rafael y al Parque Aik\u00e9n, entre otros. Tambi\u00e9n participaron en un networking, con reuniones de negocios con representantes de empresas tur\u00edsticas regionales: Rolling Patagonia, Pared Sur, Patagonia Excursiones, Huemul Patagonia Tours, 100% Patagonia, Lober\u00edas del Sur, Huente Co, Travels Steps, Patagonia Nostrum y Patagonia Express.<\/p>\n<p style=\"text-align: justify;\">Claudio Montecinos, director regional de Sernatur Ays\u00e9n, valor\u00f3 los buenos resultados de esta actividad \u201cque se enmarca en una estrategia de promoci\u00f3n, con foco en el mercado de Brasil\u201d. A\u00f1adi\u00f3 que \u201cesperamos esta actividad tenga resultados concretos que puedan verse en las pr\u00f3ximas temporadas y que permitan aumentar el flujo de turistas de Brasil que llega hasta la regi\u00f3n\u201d.<\/p>\n<p style=\"text-align: justify;\">Para Jaime Poblete, director regional de ProChile en Ays\u00e9n explic\u00f3 que esta actividad cont\u00f3 con el apoyo de la Oficina Comercial de ProChile en Sao Paulo y que tambi\u00e9n se desarroll\u00f3 en forma paralela en Magallanes, \u201clo que nos permite promover nuestros destinos en un mercado tan relevante como es Brasil\u201d.<\/p>\n<p style=\"text-align: justify;\">Valor\u00f3 el trabajo conjunto con Sernatur para lograr conectar a empresas de turismo chilenas con sus similares brasile\u00f1as \u201cestas actividades permiten generar redes y con ellas negocios que favorezcan a ambas partes y tambi\u00e9n a toda la comunidad de Ays\u00e9n que tiene en el turismo una fuente importante de trabajo e ingresos\u201d.<\/p>\n<\/div><\/section><\/div><div  style='height:50px' class='hr hr-invisible   avia-builder-el-6  el_after_av_one_full  el_before_av_social_share '><span class='hr-inner ' ><span class='hr-inner-style'><\/span><\/span><\/div><\/p>\n<div  class='av-social-sharing-box  avia-builder-el-7  el_after_av_hr  el_before_av_hr  '><div class='av-share-box'><h5 class='av-share-link-description av-no-toc '>Compartir esta noticia<\/h5><ul class='av-share-box-list noLightbox'><li class='av-share-link av-social-link-facebook' ><a target=\"_blank\" aria-label=\"Compartir en Facebook\" href='https:\/\/www.facebook.com\/sharer.php?u=https:\/\/radiorevelacionfm.cl\/?p=48078&#038;t=Tour%20operadores%20brasile%C3%B1os%20quedan%20cautivados%20por%20la%20belleza%20de%20Ays%C3%A9n' aria-hidden='false' data-av_icon='\ue8f3' data-av_iconfont='entypo-fontello' title='' data-avia-related-tooltip='Compartir en Facebook' rel=\"noopener\"><span class='avia_hidden_link_text'>Compartir en Facebook<\/span><\/a><\/li><li class='av-share-link av-social-link-twitter' ><a target=\"_blank\" aria-label=\"Compartir en Twitter\" href='https:\/\/twitter.com\/share?text=Tour%20operadores%20brasile%C3%B1os%20quedan%20cautivados%20por%20la%20belleza%20de%20Ays%C3%A9n&#038;url=https:\/\/radiorevelacionfm.cl\/?p=48078' aria-hidden='false' data-av_icon='\ue8f1' data-av_iconfont='entypo-fontello' title='' data-avia-related-tooltip='Compartir en Twitter' rel=\"noopener\"><span class='avia_hidden_link_text'>Compartir en Twitter<\/span><\/a><\/li><li class='av-share-link av-social-link-whatsapp' ><a target=\"_blank\" aria-label=\"Compartir en Whatsapp\" href='https:\/\/api.whatsapp.com\/send?text=https:\/\/radiorevelacionfm.cl\/?p=48078' aria-hidden='false' data-av_icon='\uf232' data-av_iconfont='entypo-fontello' title='' data-avia-related-tooltip='Compartir en Whatsapp' rel=\"noopener\"><span class='avia_hidden_link_text'>Compartir en Whatsapp<\/span><\/a><\/li><li class='av-share-link av-social-link-linkedin' ><a target=\"_blank\" aria-label=\"Compartir en LinkedIn\" href='https:\/\/linkedin.com\/shareArticle?mini=true&#038;title=Tour%20operadores%20brasile%C3%B1os%20quedan%20cautivados%20por%20la%20belleza%20de%20Ays%C3%A9n&#038;url=https:\/\/radiorevelacionfm.cl\/?p=48078' aria-hidden='false' data-av_icon='\ue8fc' data-av_iconfont='entypo-fontello' title='' data-avia-related-tooltip='Compartir en LinkedIn' rel=\"noopener\"><span class='avia_hidden_link_text'>Compartir en LinkedIn<\/span><\/a><\/li><li class='av-share-link av-social-link-mail' ><a  aria-label=\"Compartir por correo\" href='mailto:?subject=Tour%20operadores%20brasile%C3%B1os%20quedan%20cautivados%20por%20la%20belleza%20de%20Ays%C3%A9n&#038;body=https:\/\/radiorevelacionfm.cl\/?p=48078' aria-hidden='false' data-av_icon='\ue805' data-av_iconfont='entypo-fontello' title='' data-avia-related-tooltip='Compartir por correo'><span class='avia_hidden_link_text'>Compartir por correo<\/span><\/a><\/li><\/ul><\/div><\/div>\n<div  style='height:50px' class='hr hr-invisible   avia-builder-el-8  el_after_av_social_share  el_before_av_comments_list '><span class='hr-inner ' ><span class='hr-inner-style'><\/span><\/span><\/div>\n<div  class='av-buildercomment  av-blog-meta-html-info-disabled av-blog-meta-tag-disabled  '><\/div>\n","protected":false},"excerpt":{"rendered":"","protected":false},"author":1,"featured_media":48079,"comment_status":"open","ping_status":"open","sticky":false,"template":"","format":"standard","meta":{"footnotes":""},"categories":[54],"tags":[],"class_list":["post-48078","post","type-post","status-publish","format-standard","has-post-thumbnail","hentry","category-turismo"],"jetpack_featured_media_url":"https:\/\/radiorevelacionfm.cl\/wp-content\/uploads\/2024\/11\/Aysen-1-2-2.jpg","_links":{"self":[{"href":"https:\/\/radiorevelacionfm.cl\/index.php?rest_route=\/wp\/v2\/posts\/48078","targetHints":{"allow":["GET"]}}],"collection":[{"href":"https:\/\/radiorevelacionfm.cl\/index.php?rest_route=\/wp\/v2\/posts"}],"about":[{"href":"https:\/\/radiorevelacionfm.cl\/index.php?rest_route=\/wp\/v2\/types\/post"}],"author":[{"embeddable":true,"href":"https:\/\/radiorevelacionfm.cl\/index.php?rest_route=\/wp\/v2\/users\/1"}],"replies":[{"embeddable":true,"href":"https:\/\/radiorevelacionfm.cl\/index.php?rest_route=%2Fwp%2Fv2%2Fcomments&post=48078"}],"version-history":[{"count":1,"href":"https:\/\/radiorevelacionfm.cl\/index.php?rest_route=\/wp\/v2\/posts\/48078\/revisions"}],"predecessor-version":[{"id":48080,"href":"https:\/\/radiorevelacionfm.cl\/index.php?rest_route=\/wp\/v2\/posts\/48078\/revisions\/48080"}],"wp:featuredmedia":[{"embeddable":true,"href":"https:\/\/radiorevelacionfm.cl\/index.php?rest_route=\/wp\/v2\/media\/48079"}],"wp:attachment":[{"href":"https:\/\/radiorevelacionfm.cl\/index.php?rest_route=%2Fwp%2Fv2%2Fmedia&parent=48078"}],"wp:term":[{"taxonomy":"category","embeddable":true,"href":"https:\/\/radiorevelacionfm.cl\/index.php?rest_route=%2Fwp%2Fv2%2Fcategories&post=48078"},{"taxonomy":"post_tag","embeddable":true,"href":"https:\/\/radiorevelacionfm.cl\/index.php?rest_route=%2Fwp%2Fv2%2Ftags&post=48078"}],"curies":[{"name":"wp","href":"https:\/\/api.w.org\/{rel}","templated":true}]}}