{"id":48071,"date":"2024-11-19T13:31:09","date_gmt":"2024-11-19T16:31:09","guid":{"rendered":"https:\/\/radiorevelacionfm.cl\/?p=48071"},"modified":"2024-11-19T13:31:09","modified_gmt":"2024-11-19T16:31:09","slug":"confirman-recursos-para-financiamiento-de-la-orquesta-de-camara-de-la-universidad-de-aysen","status":"publish","type":"post","link":"https:\/\/radiorevelacionfm.cl\/?p=48071","title":{"rendered":"Confirman recursos para financiamiento de la Orquesta de C\u00e1mara de la Universidad de Ays\u00e9n"},"content":{"rendered":"<div class=\"flex_column av_one_full  flex_column_div av-zero-column-padding first  avia-builder-el-0  el_before_av_one_full  avia-builder-el-first  \" style='border-radius:0px; '><div  class='avia-image-container  av-styling-    avia-builder-el-1  avia-builder-el-no-sibling  avia-align-center '  itemprop=\"image\" itemscope=\"itemscope\" itemtype=\"https:\/\/schema.org\/ImageObject\"  ><div class='avia-image-container-inner'><div class='avia-image-overlay-wrap'><img decoding=\"async\" class='wp-image-48072 avia-img-lazy-loading-not-48072 avia_image' src=\"https:\/\/radiorevelacionfm.cl\/wp-content\/uploads\/2024\/11\/FOTO-CON-MINISTRA-DE-CULTURA-2-2.jpg\" alt='' title='FOTO CON MINISTRA DE CULTURA-2-2' height=\"600\" width=\"1021\"  itemprop=\"thumbnailUrl\" srcset=\"https:\/\/radiorevelacionfm.cl\/wp-content\/uploads\/2024\/11\/FOTO-CON-MINISTRA-DE-CULTURA-2-2.jpg 1021w, https:\/\/radiorevelacionfm.cl\/wp-content\/uploads\/2024\/11\/FOTO-CON-MINISTRA-DE-CULTURA-2-2-300x176.jpg 300w, https:\/\/radiorevelacionfm.cl\/wp-content\/uploads\/2024\/11\/FOTO-CON-MINISTRA-DE-CULTURA-2-2-768x451.jpg 768w, https:\/\/radiorevelacionfm.cl\/wp-content\/uploads\/2024\/11\/FOTO-CON-MINISTRA-DE-CULTURA-2-2-705x414.jpg 705w, https:\/\/radiorevelacionfm.cl\/wp-content\/uploads\/2024\/11\/FOTO-CON-MINISTRA-DE-CULTURA-2-2-450x264.jpg 450w, https:\/\/radiorevelacionfm.cl\/wp-content\/uploads\/2024\/11\/FOTO-CON-MINISTRA-DE-CULTURA-2-2-600x353.jpg 600w\" sizes=\"(max-width: 1021px) 100vw, 1021px\" \/><\/div><\/div><\/div><\/div><div class=\"flex_column av_one_full  flex_column_div av-zero-column-padding first  avia-builder-el-2  el_after_av_one_full  el_before_av_one_full  column-top-margin\" style='border-radius:0px; '><section class=\"av_textblock_section \"  itemscope=\"itemscope\" itemtype=\"https:\/\/schema.org\/BlogPosting\" itemprop=\"blogPost\" ><div class='avia_textblock  '   itemprop=\"text\" ><p style=\"text-align: center;\"><strong><span style=\"font-size: 18pt;\">Confirman recursos para financiamiento de la Orquesta de C\u00e1mara de la Universidad de Ays\u00e9n<\/span><\/strong><\/p>\n<div id=\"gtx-trans\" style=\"position: absolute; left: -50px; top: 4.31534px;\">\n<div class=\"gtx-trans-icon\"><\/div>\n<\/div>\n<\/div><\/section><\/div><div class=\"flex_column av_one_full  flex_column_div av-zero-column-padding first  avia-builder-el-4  el_after_av_one_full  el_before_av_hr  column-top-margin\" style='border-radius:0px; '><section class=\"av_textblock_section \"  itemscope=\"itemscope\" itemtype=\"https:\/\/schema.org\/BlogPosting\" itemprop=\"blogPost\" ><div class='avia_textblock  '   itemprop=\"text\" ><p style=\"text-align: justify;\">En el marco de la discusi\u00f3n de la Ley de Presupuesto 2025, el diputado Miguel \u00c1ngel Calisto confirm\u00f3 la inclusi\u00f3n en la partida del Ministerio de las Culturas, Las Artes y el Patrimonio los recursos para el financiamiento de la Orquesta de C\u00e1mara de la Universidad de Ays\u00e9n, hecho que corrobor\u00f3 en reuni\u00f3n que sostuvo con la Ministra del ramo, Carolina Arredondo.<\/p>\n<p style=\"text-align: justify;\">Seg\u00fan el diputado Miguel \u00c1ngel Calisto, \u201ces una buena noticia lo que anuncia la Ministra de Cultura. Nosotros por supuesto que aprobamos el presupuesto en materia de cultura, vienen muchas novedades y sobre todo el tema de la orquesta para la Universidad de Ays\u00e9n, porque estamos convencidos que la m\u00fasica, el generar condiciones para el desarrollo musical son fundamentales para nuestros j\u00f3venes y genera una energ\u00eda de transformaci\u00f3n en nuestra regi\u00f3n\u201d.<\/p>\n<p style=\"text-align: justify;\">\u201cEsto era lo que nosotros esper\u00e1bamos y tambi\u00e9n esperamos que en el futuro se potencien otro tipo de iniciativas culturales, como por ejemplo los coros. Nosotros tenemos una red de coros en Ays\u00e9n muy importante, la red de Cantando por la Carretera Austral, que en alg\u00fan minuto fue l\u00edder a nivel nacional, se puede retomar y se pueda fortalecer, as\u00ed que vamos a invitar a la ministra que conozca esa iniciativa y que tambi\u00e9n nos pueda acompa\u00f1ar con financiamiento para este tipo de iniciativas culturales en nuestra Patagonia\u201d, afirm\u00f3.<\/p>\n<p style=\"text-align: justify;\">Por su parte, la Ministra de las Culturas, las Artes y el Patrimonio, Carolina Arredondo, asegur\u00f3 que \u201cel Proyecto de Ley de Presupuestos del Ministerio de las Culturas y las Artes del Patrimonio para el a\u00f1o 2025 crece, pero crece de manera estrat\u00e9gica, financiando iniciativas art\u00edstico-culturales y patrimoniales que est\u00e1n a lo largo de todo el pa\u00eds y, por supuesto, una de ellas es la Orquesta de C\u00e1mara de la Universidad de Ays\u00e9n que se incorpora dentro del programa de Orquestas Regionales Profesionales y que, por supuesto, esperamos que sea aprobado en la C\u00e1mara de Diputados y Diputadas.<\/p>\n<p style=\"text-align: justify;\">Finalmente, la Ministra asegur\u00f3 que \u201cpara eso, por supuesto, que es fundamental que nos apoyen los distintos parlamentarios para que, en este caso, la Orquesta de Ays\u00e9n se incorpore y tambi\u00e9n la de Copiap\u00f3 y puedan contar con estos recursos para su funcionamiento de manera anual\u201d.<\/p>\n<\/div><\/section><\/div><div  style='height:50px' class='hr hr-invisible   avia-builder-el-6  el_after_av_one_full  el_before_av_social_share '><span class='hr-inner ' ><span class='hr-inner-style'><\/span><\/span><\/div><\/p>\n<div  class='av-social-sharing-box  avia-builder-el-7  el_after_av_hr  el_before_av_hr  '><div class='av-share-box'><h5 class='av-share-link-description av-no-toc '>Compartir esta noticia<\/h5><ul class='av-share-box-list noLightbox'><li class='av-share-link av-social-link-facebook' ><a target=\"_blank\" aria-label=\"Compartir en Facebook\" href='https:\/\/www.facebook.com\/sharer.php?u=https:\/\/radiorevelacionfm.cl\/?p=48071&#038;t=Confirman%20recursos%20para%20financiamiento%20de%20la%20Orquesta%20de%20C%C3%A1mara%20de%20la%20Universidad%20de%20Ays%C3%A9n' aria-hidden='false' data-av_icon='\ue8f3' data-av_iconfont='entypo-fontello' title='' data-avia-related-tooltip='Compartir en Facebook' rel=\"noopener\"><span class='avia_hidden_link_text'>Compartir en Facebook<\/span><\/a><\/li><li class='av-share-link av-social-link-twitter' ><a target=\"_blank\" aria-label=\"Compartir en Twitter\" href='https:\/\/twitter.com\/share?text=Confirman%20recursos%20para%20financiamiento%20de%20la%20Orquesta%20de%20C%C3%A1mara%20de%20la%20Universidad%20de%20Ays%C3%A9n&#038;url=https:\/\/radiorevelacionfm.cl\/?p=48071' aria-hidden='false' data-av_icon='\ue8f1' data-av_iconfont='entypo-fontello' title='' data-avia-related-tooltip='Compartir en Twitter' rel=\"noopener\"><span class='avia_hidden_link_text'>Compartir en Twitter<\/span><\/a><\/li><li class='av-share-link av-social-link-whatsapp' ><a target=\"_blank\" aria-label=\"Compartir en Whatsapp\" href='https:\/\/api.whatsapp.com\/send?text=https:\/\/radiorevelacionfm.cl\/?p=48071' aria-hidden='false' data-av_icon='\uf232' data-av_iconfont='entypo-fontello' title='' data-avia-related-tooltip='Compartir en Whatsapp' rel=\"noopener\"><span class='avia_hidden_link_text'>Compartir en Whatsapp<\/span><\/a><\/li><li class='av-share-link av-social-link-linkedin' ><a target=\"_blank\" aria-label=\"Compartir en LinkedIn\" href='https:\/\/linkedin.com\/shareArticle?mini=true&#038;title=Confirman%20recursos%20para%20financiamiento%20de%20la%20Orquesta%20de%20C%C3%A1mara%20de%20la%20Universidad%20de%20Ays%C3%A9n&#038;url=https:\/\/radiorevelacionfm.cl\/?p=48071' aria-hidden='false' data-av_icon='\ue8fc' data-av_iconfont='entypo-fontello' title='' data-avia-related-tooltip='Compartir en LinkedIn' rel=\"noopener\"><span class='avia_hidden_link_text'>Compartir en LinkedIn<\/span><\/a><\/li><li class='av-share-link av-social-link-mail' ><a  aria-label=\"Compartir por correo\" href='mailto:?subject=Confirman%20recursos%20para%20financiamiento%20de%20la%20Orquesta%20de%20C%C3%A1mara%20de%20la%20Universidad%20de%20Ays%C3%A9n&#038;body=https:\/\/radiorevelacionfm.cl\/?p=48071' aria-hidden='false' data-av_icon='\ue805' data-av_iconfont='entypo-fontello' title='' data-avia-related-tooltip='Compartir por correo'><span class='avia_hidden_link_text'>Compartir por correo<\/span><\/a><\/li><\/ul><\/div><\/div>\n<div  style='height:50px' class='hr hr-invisible   avia-builder-el-8  el_after_av_social_share  el_before_av_comments_list '><span class='hr-inner ' ><span class='hr-inner-style'><\/span><\/span><\/div>\n<div  class='av-buildercomment  av-blog-meta-html-info-disabled av-blog-meta-tag-disabled  '><\/div>\n","protected":false},"excerpt":{"rendered":"","protected":false},"author":1,"featured_media":48072,"comment_status":"open","ping_status":"open","sticky":false,"template":"","format":"standard","meta":{"footnotes":""},"categories":[38],"tags":[],"class_list":["post-48071","post","type-post","status-publish","format-standard","has-post-thumbnail","hentry","category-regional"],"jetpack_featured_media_url":"https:\/\/radiorevelacionfm.cl\/wp-content\/uploads\/2024\/11\/FOTO-CON-MINISTRA-DE-CULTURA-2-2.jpg","_links":{"self":[{"href":"https:\/\/radiorevelacionfm.cl\/index.php?rest_route=\/wp\/v2\/posts\/48071","targetHints":{"allow":["GET"]}}],"collection":[{"href":"https:\/\/radiorevelacionfm.cl\/index.php?rest_route=\/wp\/v2\/posts"}],"about":[{"href":"https:\/\/radiorevelacionfm.cl\/index.php?rest_route=\/wp\/v2\/types\/post"}],"author":[{"embeddable":true,"href":"https:\/\/radiorevelacionfm.cl\/index.php?rest_route=\/wp\/v2\/users\/1"}],"replies":[{"embeddable":true,"href":"https:\/\/radiorevelacionfm.cl\/index.php?rest_route=%2Fwp%2Fv2%2Fcomments&post=48071"}],"version-history":[{"count":1,"href":"https:\/\/radiorevelacionfm.cl\/index.php?rest_route=\/wp\/v2\/posts\/48071\/revisions"}],"predecessor-version":[{"id":48073,"href":"https:\/\/radiorevelacionfm.cl\/index.php?rest_route=\/wp\/v2\/posts\/48071\/revisions\/48073"}],"wp:featuredmedia":[{"embeddable":true,"href":"https:\/\/radiorevelacionfm.cl\/index.php?rest_route=\/wp\/v2\/media\/48072"}],"wp:attachment":[{"href":"https:\/\/radiorevelacionfm.cl\/index.php?rest_route=%2Fwp%2Fv2%2Fmedia&parent=48071"}],"wp:term":[{"taxonomy":"category","embeddable":true,"href":"https:\/\/radiorevelacionfm.cl\/index.php?rest_route=%2Fwp%2Fv2%2Fcategories&post=48071"},{"taxonomy":"post_tag","embeddable":true,"href":"https:\/\/radiorevelacionfm.cl\/index.php?rest_route=%2Fwp%2Fv2%2Ftags&post=48071"}],"curies":[{"name":"wp","href":"https:\/\/api.w.org\/{rel}","templated":true}]}}