{"id":48065,"date":"2024-11-18T21:12:25","date_gmt":"2024-11-19T00:12:25","guid":{"rendered":"https:\/\/radiorevelacionfm.cl\/?p=48065"},"modified":"2024-11-18T21:12:25","modified_gmt":"2024-11-19T00:12:25","slug":"monitorean-investigacion-para-establecer-responsabilidades-y-posibles-sanciones-a-empresa-sanitaria-por-corte-de-suministro-de-agua-en-puerto-aysen","status":"publish","type":"post","link":"https:\/\/radiorevelacionfm.cl\/?p=48065","title":{"rendered":"Monitorean investigaci\u00f3n para establecer responsabilidades y posibles sanciones a empresa sanitaria por corte de suministro de agua en Puerto Ays\u00e9n"},"content":{"rendered":"<div class=\"flex_column av_one_full  flex_column_div av-zero-column-padding first  avia-builder-el-0  el_before_av_one_full  avia-builder-el-first  \" style='border-radius:0px; '><div  class='avia-image-container  av-styling-    avia-builder-el-1  avia-builder-el-no-sibling  avia-align-center '  itemprop=\"image\" itemscope=\"itemscope\" itemtype=\"https:\/\/schema.org\/ImageObject\"  ><div class='avia-image-container-inner'><div class='avia-image-overlay-wrap'><img decoding=\"async\" class='wp-image-48066 avia-img-lazy-loading-not-48066 avia_image' src=\"https:\/\/radiorevelacionfm.cl\/wp-content\/uploads\/2024\/11\/01-img_7651-2_optimized.jpg\" alt='' title='01-img_7651-2_optimized' height=\"600\" width=\"900\"  itemprop=\"thumbnailUrl\" srcset=\"https:\/\/radiorevelacionfm.cl\/wp-content\/uploads\/2024\/11\/01-img_7651-2_optimized.jpg 900w, https:\/\/radiorevelacionfm.cl\/wp-content\/uploads\/2024\/11\/01-img_7651-2_optimized-300x200.jpg 300w, https:\/\/radiorevelacionfm.cl\/wp-content\/uploads\/2024\/11\/01-img_7651-2_optimized-768x512.jpg 768w, https:\/\/radiorevelacionfm.cl\/wp-content\/uploads\/2024\/11\/01-img_7651-2_optimized-705x470.jpg 705w, https:\/\/radiorevelacionfm.cl\/wp-content\/uploads\/2024\/11\/01-img_7651-2_optimized-450x300.jpg 450w, https:\/\/radiorevelacionfm.cl\/wp-content\/uploads\/2024\/11\/01-img_7651-2_optimized-600x400.jpg 600w\" sizes=\"(max-width: 900px) 100vw, 900px\" \/><\/div><\/div><\/div><\/div><div class=\"flex_column av_one_full  flex_column_div av-zero-column-padding first  avia-builder-el-2  el_after_av_one_full  el_before_av_one_full  column-top-margin\" style='border-radius:0px; '><section class=\"av_textblock_section \"  itemscope=\"itemscope\" itemtype=\"https:\/\/schema.org\/BlogPosting\" itemprop=\"blogPost\" ><div class='avia_textblock  '   itemprop=\"text\" ><p style=\"text-align: center;\"><span style=\"font-size: 18pt;\"><strong>Monitorean investigaci\u00f3n para establecer responsabilidades y posibles sanciones a empresa sanitaria por corte de suministro de agua en Puerto Ays\u00e9n<\/strong><\/span><\/p>\n<div id=\"gtx-trans\" style=\"position: absolute; left: -50px; top: 4.31534px;\">\n<div class=\"gtx-trans-icon\"><\/div>\n<\/div>\n<\/div><\/section><\/div><div class=\"flex_column av_one_full  flex_column_div av-zero-column-padding first  avia-builder-el-4  el_after_av_one_full  el_before_av_hr  column-top-margin\" style='border-radius:0px; '><section class=\"av_textblock_section \"  itemscope=\"itemscope\" itemtype=\"https:\/\/schema.org\/BlogPosting\" itemprop=\"blogPost\" ><div class='avia_textblock  '   itemprop=\"text\" ><p style=\"text-align: justify;\"><em>Empresa Sanitaria deber\u00e1 responder por su planificaci\u00f3n, ejecuci\u00f3n y capacidad de respuesta ante reiterados cortes en el suministro de agua que perjudic\u00f3 a los vecinos y las vecinas, as\u00ed como tambi\u00e9n el normal funcionamiento de la ciudad, e informar las medidas que tomar\u00e1 para que en el futuro esta situaci\u00f3n no vuelva a repetirse.<\/em><\/p>\n<p style=\"text-align: justify;\">La Secretaria Regional Ministerial de Obras P\u00fablicas, Paloma Jara Vald\u00e9s, esta semana se reuni\u00f3 con el Jefe de la Oficina Regional de la Superintendencia de Servicios Sanitarios, Giovanni Queirolo con el objeto de apoyar a las y los vecinos afectados con corte masivo del agua potable durante varios d\u00edas ocurrido recientemente en la ciudad de Puerto Ays\u00e9n junto con \u00a0establecer responsabilidades de la empresa sanitaria, posibles sanciones y que en el futuro la empresa sanitaria materialice obras para prevenir que esta situaci\u00f3n se vuelva a repetir.<\/p>\n<p style=\"text-align: justify;\">Paloma Jara Vald\u00e9s sobre esta situaci\u00f3n que afect\u00f3 a 5 mil 700 familias aproximadamente, se\u00f1al\u00f3 que junto a la SISS se realizar\u00e1n todas las gestiones necesarias para que la empresa sanitaria transparente los motivos que condujeron a esta situaci\u00f3n, as\u00ed como tambi\u00e9n conocer las medidas que se van a tomar para que en el futuro no se generen cortes y\/o se\u00a0 minimice el impacto para las personas, con la interrupci\u00f3n del suministro, debido a la ejecuci\u00f3n de obras. \u201cPara nuestro gobierno es muy importante dar seguimiento a este caso, porque hubo una afectaci\u00f3n para muchos de los y las habitantes de la ciudad de Puerto Ays\u00e9n, por lo tanto nos hemos reunido con el representante de la Superintendencia de Servicios Sanitarios para evaluar c\u00f3mo va a seguir siendo el trato de este caso\u00a0 y as\u00ed poder dar tranquilidad a todos los vecinos y las vecinas de que estamos vinculados y preocupados de que su mal rato no haya sido en vano y que efectivamente podamos establecer responsabilidades\u201d, se\u00f1al\u00f3 la autoridad regional de Obras P\u00fablicas.<\/p>\n<p style=\"text-align: justify;\">Desde la Superintendencia de Servicios Sanitarios (SISS) se inform\u00f3 que se mantiene en desarrollo la investigaci\u00f3n en contra de la empresa Aguas Patagonia para determinar y evaluar, en todos sus aspectos, el actuar de la empresa concesionaria, tras la emergencia que afect\u00f3 con corte masivo de agua potable a los habitantes de Puerto Ays\u00e9n producto del desarrollo de obras de refuerzo y donde las reparaciones han fallado a lo menos en cuatro oportunidades, lo que gener\u00f3 que se tuviera que extender la interrupci\u00f3n del suministro.<\/p>\n<p style=\"text-align: justify;\">Al respecto, el Jefe de la Oficina Regional de la Superintendencia de Servicios Sanitarios, Giovanni Queirolo manifest\u00f3: \u201cEstamos en proceso de investigaci\u00f3n a\u00fan por las discontinuidades ocurridas en Puerto Ays\u00e9n. Oficiamos a la empresa para que nos remitan mayores antecedentes, de tal manera de poder evaluar efectivamente cu\u00e1les son las responsabilidades que le caben a la empresa sanitaria y en base a esto poder iniciar un proceso sancionatorio principalmente por haber afectado a la generalidad de la poblaci\u00f3n y por la calidad en la prestaci\u00f3n del servicio, por discontinuidad, por presi\u00f3n y por calidad del agua potable posterior a la reposici\u00f3n\u201d.<\/p>\n<\/div><\/section><\/div><div  style='height:50px' class='hr hr-invisible   avia-builder-el-6  el_after_av_one_full  el_before_av_social_share '><span class='hr-inner ' ><span class='hr-inner-style'><\/span><\/span><\/div><\/p>\n<div  class='av-social-sharing-box  avia-builder-el-7  el_after_av_hr  el_before_av_hr  '><div class='av-share-box'><h5 class='av-share-link-description av-no-toc '>Compartir esta noticia<\/h5><ul class='av-share-box-list noLightbox'><li class='av-share-link av-social-link-facebook' ><a target=\"_blank\" aria-label=\"Compartir en Facebook\" href='https:\/\/www.facebook.com\/sharer.php?u=https:\/\/radiorevelacionfm.cl\/?p=48065&#038;t=Monitorean%20investigaci%C3%B3n%20para%20establecer%20responsabilidades%20y%20posibles%20sanciones%20a%20empresa%20sanitaria%20por%20corte%20de%20suministro%20de%20agua%20en%20Puerto%20Ays%C3%A9n' aria-hidden='false' data-av_icon='\ue8f3' data-av_iconfont='entypo-fontello' title='' data-avia-related-tooltip='Compartir en Facebook' rel=\"noopener\"><span class='avia_hidden_link_text'>Compartir en Facebook<\/span><\/a><\/li><li class='av-share-link av-social-link-twitter' ><a target=\"_blank\" aria-label=\"Compartir en Twitter\" href='https:\/\/twitter.com\/share?text=Monitorean%20investigaci%C3%B3n%20para%20establecer%20responsabilidades%20y%20posibles%20sanciones%20a%20empresa%20sanitaria%20por%20corte%20de%20suministro%20de%20agua%20en%20Puerto%20Ays%C3%A9n&#038;url=https:\/\/radiorevelacionfm.cl\/?p=48065' aria-hidden='false' data-av_icon='\ue8f1' data-av_iconfont='entypo-fontello' title='' data-avia-related-tooltip='Compartir en Twitter' rel=\"noopener\"><span class='avia_hidden_link_text'>Compartir en Twitter<\/span><\/a><\/li><li class='av-share-link av-social-link-whatsapp' ><a target=\"_blank\" aria-label=\"Compartir en Whatsapp\" href='https:\/\/api.whatsapp.com\/send?text=https:\/\/radiorevelacionfm.cl\/?p=48065' aria-hidden='false' data-av_icon='\uf232' data-av_iconfont='entypo-fontello' title='' data-avia-related-tooltip='Compartir en Whatsapp' rel=\"noopener\"><span class='avia_hidden_link_text'>Compartir en Whatsapp<\/span><\/a><\/li><li class='av-share-link av-social-link-linkedin' ><a target=\"_blank\" aria-label=\"Compartir en LinkedIn\" href='https:\/\/linkedin.com\/shareArticle?mini=true&#038;title=Monitorean%20investigaci%C3%B3n%20para%20establecer%20responsabilidades%20y%20posibles%20sanciones%20a%20empresa%20sanitaria%20por%20corte%20de%20suministro%20de%20agua%20en%20Puerto%20Ays%C3%A9n&#038;url=https:\/\/radiorevelacionfm.cl\/?p=48065' aria-hidden='false' data-av_icon='\ue8fc' data-av_iconfont='entypo-fontello' title='' data-avia-related-tooltip='Compartir en LinkedIn' rel=\"noopener\"><span class='avia_hidden_link_text'>Compartir en LinkedIn<\/span><\/a><\/li><li class='av-share-link av-social-link-mail' ><a  aria-label=\"Compartir por correo\" href='mailto:?subject=Monitorean%20investigaci%C3%B3n%20para%20establecer%20responsabilidades%20y%20posibles%20sanciones%20a%20empresa%20sanitaria%20por%20corte%20de%20suministro%20de%20agua%20en%20Puerto%20Ays%C3%A9n&#038;body=https:\/\/radiorevelacionfm.cl\/?p=48065' aria-hidden='false' data-av_icon='\ue805' data-av_iconfont='entypo-fontello' title='' data-avia-related-tooltip='Compartir por correo'><span class='avia_hidden_link_text'>Compartir por correo<\/span><\/a><\/li><\/ul><\/div><\/div>\n<div  style='height:50px' class='hr hr-invisible   avia-builder-el-8  el_after_av_social_share  el_before_av_comments_list '><span class='hr-inner ' ><span class='hr-inner-style'><\/span><\/span><\/div>\n<div  class='av-buildercomment  av-blog-meta-html-info-disabled av-blog-meta-tag-disabled  '><\/div>\n","protected":false},"excerpt":{"rendered":"","protected":false},"author":1,"featured_media":48066,"comment_status":"open","ping_status":"open","sticky":false,"template":"","format":"standard","meta":{"footnotes":""},"categories":[38],"tags":[],"class_list":["post-48065","post","type-post","status-publish","format-standard","has-post-thumbnail","hentry","category-regional"],"jetpack_featured_media_url":"https:\/\/radiorevelacionfm.cl\/wp-content\/uploads\/2024\/11\/01-img_7651-2_optimized.jpg","_links":{"self":[{"href":"https:\/\/radiorevelacionfm.cl\/index.php?rest_route=\/wp\/v2\/posts\/48065","targetHints":{"allow":["GET"]}}],"collection":[{"href":"https:\/\/radiorevelacionfm.cl\/index.php?rest_route=\/wp\/v2\/posts"}],"about":[{"href":"https:\/\/radiorevelacionfm.cl\/index.php?rest_route=\/wp\/v2\/types\/post"}],"author":[{"embeddable":true,"href":"https:\/\/radiorevelacionfm.cl\/index.php?rest_route=\/wp\/v2\/users\/1"}],"replies":[{"embeddable":true,"href":"https:\/\/radiorevelacionfm.cl\/index.php?rest_route=%2Fwp%2Fv2%2Fcomments&post=48065"}],"version-history":[{"count":1,"href":"https:\/\/radiorevelacionfm.cl\/index.php?rest_route=\/wp\/v2\/posts\/48065\/revisions"}],"predecessor-version":[{"id":48067,"href":"https:\/\/radiorevelacionfm.cl\/index.php?rest_route=\/wp\/v2\/posts\/48065\/revisions\/48067"}],"wp:featuredmedia":[{"embeddable":true,"href":"https:\/\/radiorevelacionfm.cl\/index.php?rest_route=\/wp\/v2\/media\/48066"}],"wp:attachment":[{"href":"https:\/\/radiorevelacionfm.cl\/index.php?rest_route=%2Fwp%2Fv2%2Fmedia&parent=48065"}],"wp:term":[{"taxonomy":"category","embeddable":true,"href":"https:\/\/radiorevelacionfm.cl\/index.php?rest_route=%2Fwp%2Fv2%2Fcategories&post=48065"},{"taxonomy":"post_tag","embeddable":true,"href":"https:\/\/radiorevelacionfm.cl\/index.php?rest_route=%2Fwp%2Fv2%2Ftags&post=48065"}],"curies":[{"name":"wp","href":"https:\/\/api.w.org\/{rel}","templated":true}]}}