{"id":48062,"date":"2024-11-18T18:27:25","date_gmt":"2024-11-18T21:27:25","guid":{"rendered":"https:\/\/radiorevelacionfm.cl\/?p=48062"},"modified":"2024-11-18T18:27:25","modified_gmt":"2024-11-18T21:27:25","slug":"juventudes-de-puerto-aysen-y-coyhaique-finalizan-proceso-formativo-como-agentes-de-cambio","status":"publish","type":"post","link":"https:\/\/radiorevelacionfm.cl\/?p=48062","title":{"rendered":"Juventudes de Puerto Ays\u00e9n y Coyhaique finalizan proceso formativo como Agentes de Cambio"},"content":{"rendered":"<div class=\"flex_column av_one_full  flex_column_div av-zero-column-padding first  avia-builder-el-0  el_before_av_one_full  avia-builder-el-first  \" style='border-radius:0px; '><div  class='avia-image-container  av-styling-    avia-builder-el-1  avia-builder-el-no-sibling  avia-align-center '  itemprop=\"image\" itemscope=\"itemscope\" itemtype=\"https:\/\/schema.org\/ImageObject\"  ><div class='avia-image-container-inner'><div class='avia-image-overlay-wrap'><img decoding=\"async\" class='wp-image-48063 avia-img-lazy-loading-not-48063 avia_image' src=\"https:\/\/radiorevelacionfm.cl\/wp-content\/uploads\/2024\/11\/foto-1-coyhaique-2_optimized.jpg\" alt='' title='foto-1-coyhaique-2_optimized' height=\"602\" width=\"800\"  itemprop=\"thumbnailUrl\" srcset=\"https:\/\/radiorevelacionfm.cl\/wp-content\/uploads\/2024\/11\/foto-1-coyhaique-2_optimized.jpg 800w, https:\/\/radiorevelacionfm.cl\/wp-content\/uploads\/2024\/11\/foto-1-coyhaique-2_optimized-300x226.jpg 300w, https:\/\/radiorevelacionfm.cl\/wp-content\/uploads\/2024\/11\/foto-1-coyhaique-2_optimized-768x578.jpg 768w, https:\/\/radiorevelacionfm.cl\/wp-content\/uploads\/2024\/11\/foto-1-coyhaique-2_optimized-705x531.jpg 705w, https:\/\/radiorevelacionfm.cl\/wp-content\/uploads\/2024\/11\/foto-1-coyhaique-2_optimized-450x339.jpg 450w, https:\/\/radiorevelacionfm.cl\/wp-content\/uploads\/2024\/11\/foto-1-coyhaique-2_optimized-600x452.jpg 600w\" sizes=\"(max-width: 800px) 100vw, 800px\" \/><\/div><\/div><\/div><\/div><div class=\"flex_column av_one_full  flex_column_div av-zero-column-padding first  avia-builder-el-2  el_after_av_one_full  el_before_av_one_full  column-top-margin\" style='border-radius:0px; '><section class=\"av_textblock_section \"  itemscope=\"itemscope\" itemtype=\"https:\/\/schema.org\/BlogPosting\" itemprop=\"blogPost\" ><div class='avia_textblock  '   itemprop=\"text\" ><p style=\"text-align: center;\"><strong><span style=\"font-size: 18pt;\">Juventudes de Puerto Ays\u00e9n y Coyhaique finalizan proceso formativo como Agentes de Cambio<\/span><\/strong><\/p>\n<div id=\"gtx-trans\" style=\"position: absolute; left: -50px; top: 4.31534px;\">\n<div class=\"gtx-trans-icon\"><\/div>\n<\/div>\n<\/div><\/section><\/div><div class=\"flex_column av_one_full  flex_column_div av-zero-column-padding first  avia-builder-el-4  el_after_av_one_full  el_before_av_hr  column-top-margin\" style='border-radius:0px; '><section class=\"av_textblock_section \"  itemscope=\"itemscope\" itemtype=\"https:\/\/schema.org\/BlogPosting\" itemprop=\"blogPost\" ><div class='avia_textblock  '   itemprop=\"text\" ><p style=\"text-align: justify;\"><em>El Instituto Nacional de la Juventud junto a los municipios de las comunas de Coyhaique y Ays\u00e9n,\u00a0 trabajaron durante el a\u00f1o 2024 con las juventudes en el proceso formativo Agentes de Cambio.<\/em><\/p>\n<p style=\"text-align: justify;\">Esta iniciativa es parte del programa Compromiso Joven, impulsado por el Instituto Nacional de la Juventud y que \u00a0tuvo por objetivo\u00a0aumentar los niveles de participaci\u00f3n de las juventudes en acciones de desarrollo comunitario local, a trav\u00e9s del trabajo en conjunto con las distintas municipalidades, \u00a0fomentando las \u00a0habilidades y potenciando \u00a0los diferentes liderazgos de las juventudes en la regi\u00f3n de Ays\u00e9n.<\/p>\n<p style=\"text-align: justify;\">Para el director regional de INJUV Ays\u00e9n, Camilo Trivi\u00f1o Urtubia \u201creconocer a las juventudes como agentes de cambio es fundamental, porque ellas representan una fuente de energ\u00eda, creatividad y visi\u00f3n de futuro que puede transformar nuestra sociedad de manera profunda. En un mundo que enfrenta desaf\u00edos complejos como la crisis clim\u00e1tica, la desigualdad y la necesidad de una mayor cohesi\u00f3n social, las juventudes aportan nuevas perspectivas y soluciones innovadoras. Por eso, es crucial brindarles herramientas que fomenten su participaci\u00f3n activa y positiva, permiti\u00e9ndoles desarrollar habilidades y conocimientos que potencien su impacto en la sociedad. Al empoderar a las juventudes, no solo les damos un rol activo en su propio desarrollo, sino que tambi\u00e9n contribuimos a la construcci\u00f3n de un futuro m\u00e1s justo, inclusivo y sostenible para todos\u201d.<\/p>\n<p style=\"text-align: justify;\">Por su parte, el alcalde (s) de Ays\u00e9n, \u00d3scar Az\u00f3car, indic\u00f3 que \u201capostar por los j\u00f3venes siempre es positivo. As\u00ed que felices de contar con nuestra oficina municipal de Asuntos Juveniles y, a su vez, con un gran aliado como es \u00a0INJUV, para levantar iniciativas y con ello, prestarles la atenci\u00f3n necesaria a un grupo etario tan relevante en la sociedad, como son nuestros j\u00f3venes\u201d. A\u00f1adi\u00f3 que \u201cagradecemos a INJUV, a nuestras organizaciones, a las autoridades, pero especialmente a nuestros j\u00f3venes, quienes se han hecho parte de este desaf\u00edo, por lograr una comuna donde la juventud tiene voz, tiene aspiraciones y tiene anhelos. Y nosotros como administraci\u00f3n, muchos deseos de que \u00e9stos puedan ser cumplidos\u201d.<\/p>\n<p style=\"text-align: justify;\"><strong>J\u00f3venes agradecidos<\/strong><\/p>\n<p style=\"text-align: justify;\">\u201cDesde el comienzo percib\u00ed un gran inter\u00e9s y motivaci\u00f3n por parte de todo el equipo de INJUV \u00a0para guiarnos en este camino, las jornadas de trabajo nos permitieron compartir experiencias de vida, valores e ideas innovadoras en beneficio de Puerto Ays\u00e9n, ya que dentro del grupo se manifestaban las mismas ganas de impulsar el desarrollo de nuestra querida ciudad. Para m\u00ed fue muy esperanzador ver a m\u00e1s juventudes interesadas en el cambio positivo, fue una gran experiencia. Es muy importante que estas instancias no queden en el olvido, motivan a las y los j\u00f3venes, les entregan las herramientas y la seguridad para atreverse a crear y ser parte del cambio\u201d, indic\u00f3 Alexia Leal Valladares, joven de la comuna de Ays\u00e9n.<\/p>\n<p style=\"text-align: justify;\">En tanto, Viviana Barrientos Stone, joven de la comuna de Coyhaique, destac\u00f3 el trabajo de INJUV y se\u00f1al\u00f3 que \u201cfue una experiencia bastante buena, incluso fuera de eso INJUV siempre est\u00e1 haciendo apa\u00f1e a cualquier proyecto que se sugiera y eso es una gran ventaja, pues tanto el director como sus funcionarios tienen una mente amplia y toda la disposici\u00f3n para hacer las cosas en un buen ambiente y sacar provecho. Me gustar\u00eda que INJUV siga realizando este tipo de instancias, siento que es una gran propuesta para que se puedan realizar cosas diferentes en la regi\u00f3n, dando la oportunidad a muchos, no solo de participar, sino de tener una actividades entretenidas para distraerse\u201d.<\/p>\n<p style=\"text-align: justify;\">Finalmente Lorena Cuyul Vidal, joven de la comuna de Ays\u00e9n, \u00a0sostuvo que \u201crealmente la experiencia en Agentes de Cambio fue un peque\u00f1o inicio en nuestras vidas, las tutor\u00edas nos entregaron conocimientos valiosos que apreciamos profundamente. Desde ahora a en adelante, en base al conocimiento\u00a0 adquirido, por nuestra propia cuenta trabajaremos por lograr un bienestar social, enfocado en mi caso principalmente en las juventudes\u00a0 de mi comunidad. Con mis compa\u00f1eras y compa\u00f1eros de Puerto Ays\u00e9n hemos mantenido el contacto pese a que el programa ya finaliz\u00f3, despu\u00e9s de todo, sabemos que al unir nuestras ideas y fortalezas podremos trabajar mejor por un bien com\u00fan.<\/p>\n<\/div><\/section><\/div><div  style='height:50px' class='hr hr-invisible   avia-builder-el-6  el_after_av_one_full  el_before_av_social_share '><span class='hr-inner ' ><span class='hr-inner-style'><\/span><\/span><\/div><\/p>\n<div  class='av-social-sharing-box  avia-builder-el-7  el_after_av_hr  el_before_av_hr  '><div class='av-share-box'><h5 class='av-share-link-description av-no-toc '>Compartir esta noticia<\/h5><ul class='av-share-box-list noLightbox'><li class='av-share-link av-social-link-facebook' ><a target=\"_blank\" aria-label=\"Compartir en Facebook\" href='https:\/\/www.facebook.com\/sharer.php?u=https:\/\/radiorevelacionfm.cl\/?p=48062&#038;t=Juventudes%20de%20Puerto%20Ays%C3%A9n%20y%20Coyhaique%20finalizan%20proceso%20formativo%20como%20Agentes%20de%20Cambio' aria-hidden='false' data-av_icon='\ue8f3' data-av_iconfont='entypo-fontello' title='' data-avia-related-tooltip='Compartir en Facebook' rel=\"noopener\"><span class='avia_hidden_link_text'>Compartir en Facebook<\/span><\/a><\/li><li class='av-share-link av-social-link-twitter' ><a target=\"_blank\" aria-label=\"Compartir en Twitter\" href='https:\/\/twitter.com\/share?text=Juventudes%20de%20Puerto%20Ays%C3%A9n%20y%20Coyhaique%20finalizan%20proceso%20formativo%20como%20Agentes%20de%20Cambio&#038;url=https:\/\/radiorevelacionfm.cl\/?p=48062' aria-hidden='false' data-av_icon='\ue8f1' data-av_iconfont='entypo-fontello' title='' data-avia-related-tooltip='Compartir en Twitter' rel=\"noopener\"><span class='avia_hidden_link_text'>Compartir en Twitter<\/span><\/a><\/li><li class='av-share-link av-social-link-whatsapp' ><a target=\"_blank\" aria-label=\"Compartir en Whatsapp\" href='https:\/\/api.whatsapp.com\/send?text=https:\/\/radiorevelacionfm.cl\/?p=48062' aria-hidden='false' data-av_icon='\uf232' data-av_iconfont='entypo-fontello' title='' data-avia-related-tooltip='Compartir en Whatsapp' rel=\"noopener\"><span class='avia_hidden_link_text'>Compartir en Whatsapp<\/span><\/a><\/li><li class='av-share-link av-social-link-linkedin' ><a target=\"_blank\" aria-label=\"Compartir en LinkedIn\" href='https:\/\/linkedin.com\/shareArticle?mini=true&#038;title=Juventudes%20de%20Puerto%20Ays%C3%A9n%20y%20Coyhaique%20finalizan%20proceso%20formativo%20como%20Agentes%20de%20Cambio&#038;url=https:\/\/radiorevelacionfm.cl\/?p=48062' aria-hidden='false' data-av_icon='\ue8fc' data-av_iconfont='entypo-fontello' title='' data-avia-related-tooltip='Compartir en LinkedIn' rel=\"noopener\"><span class='avia_hidden_link_text'>Compartir en LinkedIn<\/span><\/a><\/li><li class='av-share-link av-social-link-mail' ><a  aria-label=\"Compartir por correo\" href='mailto:?subject=Juventudes%20de%20Puerto%20Ays%C3%A9n%20y%20Coyhaique%20finalizan%20proceso%20formativo%20como%20Agentes%20de%20Cambio&#038;body=https:\/\/radiorevelacionfm.cl\/?p=48062' aria-hidden='false' data-av_icon='\ue805' data-av_iconfont='entypo-fontello' title='' data-avia-related-tooltip='Compartir por correo'><span class='avia_hidden_link_text'>Compartir por correo<\/span><\/a><\/li><\/ul><\/div><\/div>\n<div  style='height:50px' class='hr hr-invisible   avia-builder-el-8  el_after_av_social_share  el_before_av_comments_list '><span class='hr-inner ' ><span class='hr-inner-style'><\/span><\/span><\/div>\n<div  class='av-buildercomment  av-blog-meta-html-info-disabled av-blog-meta-tag-disabled  '><\/div>\n","protected":false},"excerpt":{"rendered":"","protected":false},"author":1,"featured_media":48063,"comment_status":"open","ping_status":"open","sticky":false,"template":"","format":"standard","meta":{"footnotes":""},"categories":[38],"tags":[],"class_list":["post-48062","post","type-post","status-publish","format-standard","has-post-thumbnail","hentry","category-regional"],"jetpack_featured_media_url":"https:\/\/radiorevelacionfm.cl\/wp-content\/uploads\/2024\/11\/foto-1-coyhaique-2_optimized.jpg","_links":{"self":[{"href":"https:\/\/radiorevelacionfm.cl\/index.php?rest_route=\/wp\/v2\/posts\/48062","targetHints":{"allow":["GET"]}}],"collection":[{"href":"https:\/\/radiorevelacionfm.cl\/index.php?rest_route=\/wp\/v2\/posts"}],"about":[{"href":"https:\/\/radiorevelacionfm.cl\/index.php?rest_route=\/wp\/v2\/types\/post"}],"author":[{"embeddable":true,"href":"https:\/\/radiorevelacionfm.cl\/index.php?rest_route=\/wp\/v2\/users\/1"}],"replies":[{"embeddable":true,"href":"https:\/\/radiorevelacionfm.cl\/index.php?rest_route=%2Fwp%2Fv2%2Fcomments&post=48062"}],"version-history":[{"count":1,"href":"https:\/\/radiorevelacionfm.cl\/index.php?rest_route=\/wp\/v2\/posts\/48062\/revisions"}],"predecessor-version":[{"id":48064,"href":"https:\/\/radiorevelacionfm.cl\/index.php?rest_route=\/wp\/v2\/posts\/48062\/revisions\/48064"}],"wp:featuredmedia":[{"embeddable":true,"href":"https:\/\/radiorevelacionfm.cl\/index.php?rest_route=\/wp\/v2\/media\/48063"}],"wp:attachment":[{"href":"https:\/\/radiorevelacionfm.cl\/index.php?rest_route=%2Fwp%2Fv2%2Fmedia&parent=48062"}],"wp:term":[{"taxonomy":"category","embeddable":true,"href":"https:\/\/radiorevelacionfm.cl\/index.php?rest_route=%2Fwp%2Fv2%2Fcategories&post=48062"},{"taxonomy":"post_tag","embeddable":true,"href":"https:\/\/radiorevelacionfm.cl\/index.php?rest_route=%2Fwp%2Fv2%2Ftags&post=48062"}],"curies":[{"name":"wp","href":"https:\/\/api.w.org\/{rel}","templated":true}]}}