{"id":48059,"date":"2024-11-18T18:11:39","date_gmt":"2024-11-18T21:11:39","guid":{"rendered":"https:\/\/radiorevelacionfm.cl\/?p=48059"},"modified":"2024-11-18T18:11:39","modified_gmt":"2024-11-18T21:11:39","slug":"15-intersecciones-seran-intervenidas-en-puerto-aysen-para-mejorar-la-gestion-de-transito","status":"publish","type":"post","link":"https:\/\/radiorevelacionfm.cl\/?p=48059","title":{"rendered":"15 intersecciones ser\u00e1n intervenidas en Puerto Ays\u00e9n para mejorar la gesti\u00f3n de tr\u00e1nsito"},"content":{"rendered":"<div class=\"flex_column av_one_full  flex_column_div av-zero-column-padding first  avia-builder-el-0  el_before_av_one_full  avia-builder-el-first  \" style='border-radius:0px; '><div  class='avia-image-container  av-styling-    avia-builder-el-1  avia-builder-el-no-sibling  avia-align-center '  itemprop=\"image\" itemscope=\"itemscope\" itemtype=\"https:\/\/schema.org\/ImageObject\"  ><div class='avia-image-container-inner'><div class='avia-image-overlay-wrap'><img decoding=\"async\" class='wp-image-48060 avia-img-lazy-loading-not-48060 avia_image' src=\"https:\/\/radiorevelacionfm.cl\/wp-content\/uploads\/2024\/11\/dsc_0109-2-2_optimized.jpg\" alt='' title='dsc_0109-2-2_optimized' height=\"600\" width=\"903\"  itemprop=\"thumbnailUrl\" srcset=\"https:\/\/radiorevelacionfm.cl\/wp-content\/uploads\/2024\/11\/dsc_0109-2-2_optimized.jpg 903w, https:\/\/radiorevelacionfm.cl\/wp-content\/uploads\/2024\/11\/dsc_0109-2-2_optimized-300x199.jpg 300w, https:\/\/radiorevelacionfm.cl\/wp-content\/uploads\/2024\/11\/dsc_0109-2-2_optimized-768x510.jpg 768w, https:\/\/radiorevelacionfm.cl\/wp-content\/uploads\/2024\/11\/dsc_0109-2-2_optimized-705x468.jpg 705w, https:\/\/radiorevelacionfm.cl\/wp-content\/uploads\/2024\/11\/dsc_0109-2-2_optimized-450x299.jpg 450w, https:\/\/radiorevelacionfm.cl\/wp-content\/uploads\/2024\/11\/dsc_0109-2-2_optimized-600x399.jpg 600w\" sizes=\"(max-width: 903px) 100vw, 903px\" \/><\/div><\/div><\/div><\/div><div class=\"flex_column av_one_full  flex_column_div av-zero-column-padding first  avia-builder-el-2  el_after_av_one_full  el_before_av_one_full  column-top-margin\" style='border-radius:0px; '><section class=\"av_textblock_section \"  itemscope=\"itemscope\" itemtype=\"https:\/\/schema.org\/BlogPosting\" itemprop=\"blogPost\" ><div class='avia_textblock  '   itemprop=\"text\" ><p style=\"text-align: center;\"><strong><span style=\"font-size: 18pt;\">15 intersecciones ser\u00e1n intervenidas en Puerto Ays\u00e9n para mejorar la gesti\u00f3n de tr\u00e1nsito<\/span><\/strong><\/p>\n<div id=\"gtx-trans\" style=\"position: absolute; left: -50px; top: 4.31534px;\">\n<div class=\"gtx-trans-icon\"><\/div>\n<\/div>\n<\/div><\/section><\/div><div class=\"flex_column av_one_full  flex_column_div av-zero-column-padding first  avia-builder-el-4  el_after_av_one_full  el_before_av_hr  column-top-margin\" style='border-radius:0px; '><section class=\"av_textblock_section \"  itemscope=\"itemscope\" itemtype=\"https:\/\/schema.org\/BlogPosting\" itemprop=\"blogPost\" ><div class='avia_textblock  '   itemprop=\"text\" ><p style=\"text-align: justify;\"><em>Obras forman parte del proyecto \u201cPuntos Congestionados\u201d del Ministerio de Transportes y Telecomunicaciones (MTT) que se ejecutar\u00e1 junto a la Municipalidad de Ays\u00e9n.<\/em><\/p>\n<p style=\"text-align: justify;\">El Ministerio de Transportes y Telecomunicaciones a trav\u00e9s de su Programa de Vialidad y Transporte Urbano SECTRA financi\u00f3 el estudio \u00abAn\u00e1lisis de puntos congestionados comunas de Ays\u00e9n\u00bb en el cual se revisaron 15 intersecciones de la comuna de Ays\u00e9n. Fruto de este trabajo se elaboraron propuestas de intervenci\u00f3n que contemplan reparaci\u00f3n de calzadas, demarcaciones, ampliaci\u00f3n de pistas de viraje, entre otras. La Divisi\u00f3n de Transporte P\u00fablico Regional del MTT entreg\u00f3 un financiamiento de $400 millones para ejecutar estos trabajos en convenio con los municipios.<\/p>\n<p style=\"text-align: justify;\">Para dar inicio a estas obras, el seremiTT (s) Yoal D\u00edaz, concejales y profesionales del municipio de Ays\u00e9n concretaron la entrega de terrenos para la intervenci\u00f3n de puntos congestionados de la comuna, obras que partir\u00e1n en la intersecci\u00f3n de Carrera y Ruta 240, poco antes de llegar al Puente Presidente Ib\u00e1\u00f1ez.<\/p>\n<p style=\"text-align: justify;\">El seremi (s) mencion\u00f3 que este tipo de proyectos buscan abordar una problem\u00e1tica presente en las ciudades en crecimiento y que es necesario resolver para una mejor convivencia vial. \u201cHay 120 d\u00edas corridos para la ejecuci\u00f3n de este proyecto, que permite tambi\u00e9n mejorar las condiciones de la locomoci\u00f3n colectiva, de los distintos veh\u00edculos que transitan por ac\u00e1. Esta iniciativa que viene con fondos del MTT, en un esfuerzo que se hace en conjunto desde el gobierno del Presidente Gabriel Boric y en colaboraci\u00f3n con el municipio de Ays\u00e9n, y nos llena de esperanza porque permite avanzar en mejor gesti\u00f3n de los flujos vehiculares, y generar las condiciones para mejorar la calidad de vida\u201d, explic\u00f3 Yoal D\u00edaz.<\/p>\n<p style=\"text-align: justify;\">Desde el municipio, la concejala Tatiana Villarroel agreg\u00f3: \u201cPara nosotros es s\u00faper importante que se vaya trabajando, que se vayan inyectando recursos a los temas viales de nuestra ciudad. Somos una ciudad que ha ido creciendo, pero ha crecido en el parque automotriz, las calles son las mismas y es ah\u00ed donde hay que trabajar. Es muy importante tambi\u00e9n pedirle la comprensi\u00f3n a la comunidad, que tenga paciencia, porque si bien va a ser una obra que se va a intervenir de manera sectorizada, va a afectar en cierta manera el tr\u00e1nsito diario, pero a la larga va a traer beneficios\u201d.<\/p>\n<\/div><\/section><\/div><div  style='height:50px' class='hr hr-invisible   avia-builder-el-6  el_after_av_one_full  el_before_av_social_share '><span class='hr-inner ' ><span class='hr-inner-style'><\/span><\/span><\/div><\/p>\n<div  class='av-social-sharing-box  avia-builder-el-7  el_after_av_hr  el_before_av_hr  '><div class='av-share-box'><h5 class='av-share-link-description av-no-toc '>Compartir esta noticia<\/h5><ul class='av-share-box-list noLightbox'><li class='av-share-link av-social-link-facebook' ><a target=\"_blank\" aria-label=\"Compartir en Facebook\" href='https:\/\/www.facebook.com\/sharer.php?u=https:\/\/radiorevelacionfm.cl\/?p=48059&#038;t=15%20intersecciones%20ser%C3%A1n%20intervenidas%20en%20Puerto%20Ays%C3%A9n%20para%20mejorar%20la%20gesti%C3%B3n%20de%20tr%C3%A1nsito' aria-hidden='false' data-av_icon='\ue8f3' data-av_iconfont='entypo-fontello' title='' data-avia-related-tooltip='Compartir en Facebook' rel=\"noopener\"><span class='avia_hidden_link_text'>Compartir en Facebook<\/span><\/a><\/li><li class='av-share-link av-social-link-twitter' ><a target=\"_blank\" aria-label=\"Compartir en Twitter\" href='https:\/\/twitter.com\/share?text=15%20intersecciones%20ser%C3%A1n%20intervenidas%20en%20Puerto%20Ays%C3%A9n%20para%20mejorar%20la%20gesti%C3%B3n%20de%20tr%C3%A1nsito&#038;url=https:\/\/radiorevelacionfm.cl\/?p=48059' aria-hidden='false' data-av_icon='\ue8f1' data-av_iconfont='entypo-fontello' title='' data-avia-related-tooltip='Compartir en Twitter' rel=\"noopener\"><span class='avia_hidden_link_text'>Compartir en Twitter<\/span><\/a><\/li><li class='av-share-link av-social-link-whatsapp' ><a target=\"_blank\" aria-label=\"Compartir en Whatsapp\" href='https:\/\/api.whatsapp.com\/send?text=https:\/\/radiorevelacionfm.cl\/?p=48059' aria-hidden='false' data-av_icon='\uf232' data-av_iconfont='entypo-fontello' title='' data-avia-related-tooltip='Compartir en Whatsapp' rel=\"noopener\"><span class='avia_hidden_link_text'>Compartir en Whatsapp<\/span><\/a><\/li><li class='av-share-link av-social-link-linkedin' ><a target=\"_blank\" aria-label=\"Compartir en LinkedIn\" href='https:\/\/linkedin.com\/shareArticle?mini=true&#038;title=15%20intersecciones%20ser%C3%A1n%20intervenidas%20en%20Puerto%20Ays%C3%A9n%20para%20mejorar%20la%20gesti%C3%B3n%20de%20tr%C3%A1nsito&#038;url=https:\/\/radiorevelacionfm.cl\/?p=48059' aria-hidden='false' data-av_icon='\ue8fc' data-av_iconfont='entypo-fontello' title='' data-avia-related-tooltip='Compartir en LinkedIn' rel=\"noopener\"><span class='avia_hidden_link_text'>Compartir en LinkedIn<\/span><\/a><\/li><li class='av-share-link av-social-link-mail' ><a  aria-label=\"Compartir por correo\" href='mailto:?subject=15%20intersecciones%20ser%C3%A1n%20intervenidas%20en%20Puerto%20Ays%C3%A9n%20para%20mejorar%20la%20gesti%C3%B3n%20de%20tr%C3%A1nsito&#038;body=https:\/\/radiorevelacionfm.cl\/?p=48059' aria-hidden='false' data-av_icon='\ue805' data-av_iconfont='entypo-fontello' title='' data-avia-related-tooltip='Compartir por correo'><span class='avia_hidden_link_text'>Compartir por correo<\/span><\/a><\/li><\/ul><\/div><\/div>\n<div  style='height:50px' class='hr hr-invisible   avia-builder-el-8  el_after_av_social_share  el_before_av_comments_list '><span class='hr-inner ' ><span class='hr-inner-style'><\/span><\/span><\/div>\n<div  class='av-buildercomment  av-blog-meta-html-info-disabled av-blog-meta-tag-disabled  '><\/div>\n","protected":false},"excerpt":{"rendered":"","protected":false},"author":1,"featured_media":48060,"comment_status":"open","ping_status":"open","sticky":false,"template":"","format":"standard","meta":{"footnotes":""},"categories":[38],"tags":[],"class_list":["post-48059","post","type-post","status-publish","format-standard","has-post-thumbnail","hentry","category-regional"],"jetpack_featured_media_url":"https:\/\/radiorevelacionfm.cl\/wp-content\/uploads\/2024\/11\/dsc_0109-2-2_optimized.jpg","_links":{"self":[{"href":"https:\/\/radiorevelacionfm.cl\/index.php?rest_route=\/wp\/v2\/posts\/48059","targetHints":{"allow":["GET"]}}],"collection":[{"href":"https:\/\/radiorevelacionfm.cl\/index.php?rest_route=\/wp\/v2\/posts"}],"about":[{"href":"https:\/\/radiorevelacionfm.cl\/index.php?rest_route=\/wp\/v2\/types\/post"}],"author":[{"embeddable":true,"href":"https:\/\/radiorevelacionfm.cl\/index.php?rest_route=\/wp\/v2\/users\/1"}],"replies":[{"embeddable":true,"href":"https:\/\/radiorevelacionfm.cl\/index.php?rest_route=%2Fwp%2Fv2%2Fcomments&post=48059"}],"version-history":[{"count":1,"href":"https:\/\/radiorevelacionfm.cl\/index.php?rest_route=\/wp\/v2\/posts\/48059\/revisions"}],"predecessor-version":[{"id":48061,"href":"https:\/\/radiorevelacionfm.cl\/index.php?rest_route=\/wp\/v2\/posts\/48059\/revisions\/48061"}],"wp:featuredmedia":[{"embeddable":true,"href":"https:\/\/radiorevelacionfm.cl\/index.php?rest_route=\/wp\/v2\/media\/48060"}],"wp:attachment":[{"href":"https:\/\/radiorevelacionfm.cl\/index.php?rest_route=%2Fwp%2Fv2%2Fmedia&parent=48059"}],"wp:term":[{"taxonomy":"category","embeddable":true,"href":"https:\/\/radiorevelacionfm.cl\/index.php?rest_route=%2Fwp%2Fv2%2Fcategories&post=48059"},{"taxonomy":"post_tag","embeddable":true,"href":"https:\/\/radiorevelacionfm.cl\/index.php?rest_route=%2Fwp%2Fv2%2Ftags&post=48059"}],"curies":[{"name":"wp","href":"https:\/\/api.w.org\/{rel}","templated":true}]}}