{"id":48056,"date":"2024-11-18T17:54:06","date_gmt":"2024-11-18T20:54:06","guid":{"rendered":"https:\/\/radiorevelacionfm.cl\/?p=48056"},"modified":"2024-11-18T17:54:06","modified_gmt":"2024-11-18T20:54:06","slug":"22-y-23-de-noviembre-puerto-ibanez-realizara-lanzamiento-de-su-temporada-turistica-2024-25","status":"publish","type":"post","link":"https:\/\/radiorevelacionfm.cl\/?p=48056","title":{"rendered":"22 y 23 de noviembre: Puerto Ib\u00e1\u00f1ez realizar\u00e1 lanzamiento de su temporada tur\u00edstica 2024-25"},"content":{"rendered":"<div class=\"flex_column av_one_full  flex_column_div av-zero-column-padding first  avia-builder-el-0  el_before_av_one_full  avia-builder-el-first  \" style='border-radius:0px; '><div  class='avia-image-container  av-styling-    avia-builder-el-1  avia-builder-el-no-sibling  avia-align-center '  itemprop=\"image\" itemscope=\"itemscope\" itemtype=\"https:\/\/schema.org\/ImageObject\"  ><div class='avia-image-container-inner'><div class='avia-image-overlay-wrap'><img decoding=\"async\" class='wp-image-48057 avia-img-lazy-loading-not-48057 avia_image' src=\"https:\/\/radiorevelacionfm.cl\/wp-content\/uploads\/2024\/11\/lanzamientoturisticopuertoibanez-2-2_optimized-2.jpg\" alt='' title='lanzamientotur\u00edsticopuertoib\u00e1\u00f1ez-2-2_optimized-2' height=\"800\" width=\"800\"  itemprop=\"thumbnailUrl\" srcset=\"https:\/\/radiorevelacionfm.cl\/wp-content\/uploads\/2024\/11\/lanzamientoturisticopuertoibanez-2-2_optimized-2.jpg 800w, https:\/\/radiorevelacionfm.cl\/wp-content\/uploads\/2024\/11\/lanzamientoturisticopuertoibanez-2-2_optimized-2-300x300.jpg 300w, https:\/\/radiorevelacionfm.cl\/wp-content\/uploads\/2024\/11\/lanzamientoturisticopuertoibanez-2-2_optimized-2-80x80.jpg 80w, https:\/\/radiorevelacionfm.cl\/wp-content\/uploads\/2024\/11\/lanzamientoturisticopuertoibanez-2-2_optimized-2-768x768.jpg 768w, https:\/\/radiorevelacionfm.cl\/wp-content\/uploads\/2024\/11\/lanzamientoturisticopuertoibanez-2-2_optimized-2-36x36.jpg 36w, https:\/\/radiorevelacionfm.cl\/wp-content\/uploads\/2024\/11\/lanzamientoturisticopuertoibanez-2-2_optimized-2-180x180.jpg 180w, https:\/\/radiorevelacionfm.cl\/wp-content\/uploads\/2024\/11\/lanzamientoturisticopuertoibanez-2-2_optimized-2-705x705.jpg 705w, https:\/\/radiorevelacionfm.cl\/wp-content\/uploads\/2024\/11\/lanzamientoturisticopuertoibanez-2-2_optimized-2-120x120.jpg 120w, https:\/\/radiorevelacionfm.cl\/wp-content\/uploads\/2024\/11\/lanzamientoturisticopuertoibanez-2-2_optimized-2-450x450.jpg 450w, https:\/\/radiorevelacionfm.cl\/wp-content\/uploads\/2024\/11\/lanzamientoturisticopuertoibanez-2-2_optimized-2-600x600.jpg 600w, https:\/\/radiorevelacionfm.cl\/wp-content\/uploads\/2024\/11\/lanzamientoturisticopuertoibanez-2-2_optimized-2-100x100.jpg 100w\" sizes=\"(max-width: 800px) 100vw, 800px\" \/><\/div><\/div><\/div><\/div><div class=\"flex_column av_one_full  flex_column_div av-zero-column-padding first  avia-builder-el-2  el_after_av_one_full  el_before_av_one_full  column-top-margin\" style='border-radius:0px; '><section class=\"av_textblock_section \"  itemscope=\"itemscope\" itemtype=\"https:\/\/schema.org\/BlogPosting\" itemprop=\"blogPost\" ><div class='avia_textblock  '   itemprop=\"text\" ><p style=\"text-align: center;\"><strong><span style=\"font-size: 18pt;\">22 y 23 de noviembre: Puerto Ib\u00e1\u00f1ez realizar\u00e1 lanzamiento de su temporada tur\u00edstica 2024-25<\/span><\/strong><\/p>\n<div id=\"gtx-trans\" style=\"position: absolute; left: -50px; top: 4.31534px;\">\n<div class=\"gtx-trans-icon\"><\/div>\n<\/div>\n<\/div><\/section><\/div><div class=\"flex_column av_one_full  flex_column_div av-zero-column-padding first  avia-builder-el-4  el_after_av_one_full  el_before_av_hr  column-top-margin\" style='border-radius:0px; '><section class=\"av_textblock_section \"  itemscope=\"itemscope\" itemtype=\"https:\/\/schema.org\/BlogPosting\" itemprop=\"blogPost\" ><div class='avia_textblock  '   itemprop=\"text\" ><p style=\"text-align: justify;\">Puerto Ingeniero Ib\u00e1\u00f1ez se prepara para recibir a los visitantes con una serie de atractivos que incluyen una feria productiva, conversatorios, actividades al aire libre, camping y un show musical. El Lanzamiento de la Temporada Tur\u00edstica 2024-25 se celebrar\u00e1 el 22 y 23 de noviembre, prometiendo una experiencia \u00fanica que har\u00e1 honor a las tradiciones y sabores t\u00edpicos de la Patagonia.<\/p>\n<p style=\"text-align: justify;\">Durante la jornada inicial del viernes 22, los espectadores tendr\u00e1n la oportunidad de sumarse a un inspirador conversatorio sobre el patrimonio de nuestra regi\u00f3n, que contar\u00e1 con la presencia de voces regionales y el lanzamiento del libro \u00abRecolectoras de la cuenca del r\u00edo Ib\u00e1\u00f1ez\u00bb.<\/p>\n<p style=\"text-align: justify;\">La apertura oficial del Lanzamiento Tur\u00edstico, bajo financiamiento del Programa de Fortalecimiento Productivo del Gobierno Regional de Ays\u00e9n, ser\u00e1 a partir de las 11:00 am del s\u00e1bado 23, con una exposici\u00f3n de nuestras artesanas, emprendedores y productores locales.<\/p>\n<p style=\"text-align: justify;\">Paralelamente se podr\u00e1 participar de talleres de arte y manualidades, y disfrutar de m\u00fasica en vivo y una muestra gastron\u00f3mica. Adem\u00e1s, habr\u00e1 atracciones para ni\u00f1as y ni\u00f1os, y emocionantes aventuras para explorar la zona, que van desde trekkings hasta cabalgatas y escaladas.<\/p>\n<p style=\"text-align: justify;\">Este evento se enmarca en el Festival Comunitario de Cultura y Gastronom\u00eda de la localidad, que ha sido organizado por agrupaciones de artesanas y prestadores de servicios tur\u00edsticos de la localidad, contando con el apoyo de la Oficina de Fomento Productivo de la I. Municipalidad de R\u00edo Ib\u00e1\u00f1ez.<\/p>\n<p style=\"text-align: justify;\">Asimismo, instituciones como el Ministerio de Desarrollo Social y Familia, y la Fundaci\u00f3n Servicio Pa\u00eds han sumado su apoyo, destinando recursos que permiten llevar a cabo esta significativa celebraci\u00f3n para la comunidad de Puerto Ingeniero Ib\u00e1\u00f1ez, de cara a la nueva temporada estival 2024-25.<\/p>\n<\/div><\/section><\/div><div  style='height:50px' class='hr hr-invisible   avia-builder-el-6  el_after_av_one_full  el_before_av_social_share '><span class='hr-inner ' ><span class='hr-inner-style'><\/span><\/span><\/div><\/p>\n<div  class='av-social-sharing-box  avia-builder-el-7  el_after_av_hr  el_before_av_hr  '><div class='av-share-box'><h5 class='av-share-link-description av-no-toc '>Compartir esta noticia<\/h5><ul class='av-share-box-list noLightbox'><li class='av-share-link av-social-link-facebook' ><a target=\"_blank\" aria-label=\"Compartir en Facebook\" href='https:\/\/www.facebook.com\/sharer.php?u=https:\/\/radiorevelacionfm.cl\/?p=48056&#038;t=22%20y%2023%20de%20noviembre%3A%20Puerto%20Ib%C3%A1%C3%B1ez%20realizar%C3%A1%20lanzamiento%20de%20su%20temporada%20tur%C3%ADstica%202024-25' aria-hidden='false' data-av_icon='\ue8f3' data-av_iconfont='entypo-fontello' title='' data-avia-related-tooltip='Compartir en Facebook' rel=\"noopener\"><span class='avia_hidden_link_text'>Compartir en Facebook<\/span><\/a><\/li><li class='av-share-link av-social-link-twitter' ><a target=\"_blank\" aria-label=\"Compartir en Twitter\" href='https:\/\/twitter.com\/share?text=22%20y%2023%20de%20noviembre%3A%20Puerto%20Ib%C3%A1%C3%B1ez%20realizar%C3%A1%20lanzamiento%20de%20su%20temporada%20tur%C3%ADstica%202024-25&#038;url=https:\/\/radiorevelacionfm.cl\/?p=48056' aria-hidden='false' data-av_icon='\ue8f1' data-av_iconfont='entypo-fontello' title='' data-avia-related-tooltip='Compartir en Twitter' rel=\"noopener\"><span class='avia_hidden_link_text'>Compartir en Twitter<\/span><\/a><\/li><li class='av-share-link av-social-link-whatsapp' ><a target=\"_blank\" aria-label=\"Compartir en Whatsapp\" href='https:\/\/api.whatsapp.com\/send?text=https:\/\/radiorevelacionfm.cl\/?p=48056' aria-hidden='false' data-av_icon='\uf232' data-av_iconfont='entypo-fontello' title='' data-avia-related-tooltip='Compartir en Whatsapp' rel=\"noopener\"><span class='avia_hidden_link_text'>Compartir en Whatsapp<\/span><\/a><\/li><li class='av-share-link av-social-link-linkedin' ><a target=\"_blank\" aria-label=\"Compartir en LinkedIn\" href='https:\/\/linkedin.com\/shareArticle?mini=true&#038;title=22%20y%2023%20de%20noviembre%3A%20Puerto%20Ib%C3%A1%C3%B1ez%20realizar%C3%A1%20lanzamiento%20de%20su%20temporada%20tur%C3%ADstica%202024-25&#038;url=https:\/\/radiorevelacionfm.cl\/?p=48056' aria-hidden='false' data-av_icon='\ue8fc' data-av_iconfont='entypo-fontello' title='' data-avia-related-tooltip='Compartir en LinkedIn' rel=\"noopener\"><span class='avia_hidden_link_text'>Compartir en LinkedIn<\/span><\/a><\/li><li class='av-share-link av-social-link-mail' ><a  aria-label=\"Compartir por correo\" href='mailto:?subject=22%20y%2023%20de%20noviembre%3A%20Puerto%20Ib%C3%A1%C3%B1ez%20realizar%C3%A1%20lanzamiento%20de%20su%20temporada%20tur%C3%ADstica%202024-25&#038;body=https:\/\/radiorevelacionfm.cl\/?p=48056' aria-hidden='false' data-av_icon='\ue805' data-av_iconfont='entypo-fontello' title='' data-avia-related-tooltip='Compartir por correo'><span class='avia_hidden_link_text'>Compartir por correo<\/span><\/a><\/li><\/ul><\/div><\/div>\n<div  style='height:50px' class='hr hr-invisible   avia-builder-el-8  el_after_av_social_share  el_before_av_comments_list '><span class='hr-inner ' ><span class='hr-inner-style'><\/span><\/span><\/div>\n<div  class='av-buildercomment  av-blog-meta-html-info-disabled av-blog-meta-tag-disabled  '><\/div>\n","protected":false},"excerpt":{"rendered":"","protected":false},"author":1,"featured_media":48057,"comment_status":"open","ping_status":"open","sticky":false,"template":"","format":"standard","meta":{"footnotes":""},"categories":[54],"tags":[],"class_list":["post-48056","post","type-post","status-publish","format-standard","has-post-thumbnail","hentry","category-turismo"],"jetpack_featured_media_url":"https:\/\/radiorevelacionfm.cl\/wp-content\/uploads\/2024\/11\/lanzamientoturisticopuertoibanez-2-2_optimized-2.jpg","_links":{"self":[{"href":"https:\/\/radiorevelacionfm.cl\/index.php?rest_route=\/wp\/v2\/posts\/48056","targetHints":{"allow":["GET"]}}],"collection":[{"href":"https:\/\/radiorevelacionfm.cl\/index.php?rest_route=\/wp\/v2\/posts"}],"about":[{"href":"https:\/\/radiorevelacionfm.cl\/index.php?rest_route=\/wp\/v2\/types\/post"}],"author":[{"embeddable":true,"href":"https:\/\/radiorevelacionfm.cl\/index.php?rest_route=\/wp\/v2\/users\/1"}],"replies":[{"embeddable":true,"href":"https:\/\/radiorevelacionfm.cl\/index.php?rest_route=%2Fwp%2Fv2%2Fcomments&post=48056"}],"version-history":[{"count":1,"href":"https:\/\/radiorevelacionfm.cl\/index.php?rest_route=\/wp\/v2\/posts\/48056\/revisions"}],"predecessor-version":[{"id":48058,"href":"https:\/\/radiorevelacionfm.cl\/index.php?rest_route=\/wp\/v2\/posts\/48056\/revisions\/48058"}],"wp:featuredmedia":[{"embeddable":true,"href":"https:\/\/radiorevelacionfm.cl\/index.php?rest_route=\/wp\/v2\/media\/48057"}],"wp:attachment":[{"href":"https:\/\/radiorevelacionfm.cl\/index.php?rest_route=%2Fwp%2Fv2%2Fmedia&parent=48056"}],"wp:term":[{"taxonomy":"category","embeddable":true,"href":"https:\/\/radiorevelacionfm.cl\/index.php?rest_route=%2Fwp%2Fv2%2Fcategories&post=48056"},{"taxonomy":"post_tag","embeddable":true,"href":"https:\/\/radiorevelacionfm.cl\/index.php?rest_route=%2Fwp%2Fv2%2Ftags&post=48056"}],"curies":[{"name":"wp","href":"https:\/\/api.w.org\/{rel}","templated":true}]}}