{"id":48053,"date":"2024-11-18T15:24:52","date_gmt":"2024-11-18T18:24:52","guid":{"rendered":"https:\/\/radiorevelacionfm.cl\/?p=48053"},"modified":"2024-11-18T15:24:52","modified_gmt":"2024-11-18T18:24:52","slug":"exitosa-feria-bazar-de-prodemu-reune-a-usuarias-y-emprendedoras-de-la-comuna-de-aysen","status":"publish","type":"post","link":"https:\/\/radiorevelacionfm.cl\/?p=48053","title":{"rendered":"Exitosa Feria Bazar de Prodemu re\u00fane a usuarias y emprendedoras de la comuna de Ays\u00e9n"},"content":{"rendered":"<div class=\"flex_column av_one_full  flex_column_div av-zero-column-padding first  avia-builder-el-0  el_before_av_one_full  avia-builder-el-first  \" style='border-radius:0px; '><div  class='avia-image-container  av-styling-    avia-builder-el-1  avia-builder-el-no-sibling  avia-align-center '  itemprop=\"image\" itemscope=\"itemscope\" itemtype=\"https:\/\/schema.org\/ImageObject\"  ><div class='avia-image-container-inner'><div class='avia-image-overlay-wrap'><img decoding=\"async\" class='wp-image-48054 avia-img-lazy-loading-not-48054 avia_image' src=\"https:\/\/radiorevelacionfm.cl\/wp-content\/uploads\/2024\/11\/whatsapp-image-2024-11-18-at-12_optimized.27.09-2.jpeg\" alt='' title='whatsapp-image-2024-11-18-at-12_optimized.27.09-2' height=\"600\" width=\"800\"  itemprop=\"thumbnailUrl\" srcset=\"https:\/\/radiorevelacionfm.cl\/wp-content\/uploads\/2024\/11\/whatsapp-image-2024-11-18-at-12_optimized.27.09-2.jpeg 800w, https:\/\/radiorevelacionfm.cl\/wp-content\/uploads\/2024\/11\/whatsapp-image-2024-11-18-at-12_optimized.27.09-2-300x225.jpeg 300w, https:\/\/radiorevelacionfm.cl\/wp-content\/uploads\/2024\/11\/whatsapp-image-2024-11-18-at-12_optimized.27.09-2-768x576.jpeg 768w, https:\/\/radiorevelacionfm.cl\/wp-content\/uploads\/2024\/11\/whatsapp-image-2024-11-18-at-12_optimized.27.09-2-705x529.jpeg 705w, https:\/\/radiorevelacionfm.cl\/wp-content\/uploads\/2024\/11\/whatsapp-image-2024-11-18-at-12_optimized.27.09-2-450x338.jpeg 450w, https:\/\/radiorevelacionfm.cl\/wp-content\/uploads\/2024\/11\/whatsapp-image-2024-11-18-at-12_optimized.27.09-2-600x450.jpeg 600w\" sizes=\"(max-width: 800px) 100vw, 800px\" \/><\/div><\/div><\/div><\/div><div class=\"flex_column av_one_full  flex_column_div av-zero-column-padding first  avia-builder-el-2  el_after_av_one_full  el_before_av_one_full  column-top-margin\" style='border-radius:0px; '><section class=\"av_textblock_section \"  itemscope=\"itemscope\" itemtype=\"https:\/\/schema.org\/BlogPosting\" itemprop=\"blogPost\" ><div class='avia_textblock  '   itemprop=\"text\" ><p style=\"text-align: center;\"><strong><span style=\"font-size: 18pt;\">Exitosa Feria Bazar de Prodemu re\u00fane a usuarias y emprendedoras de la comuna de Ays\u00e9n<\/span><\/strong><\/p>\n<div id=\"gtx-trans\" style=\"position: absolute; left: -50px; top: 4.31534px;\">\n<div class=\"gtx-trans-icon\"><\/div>\n<\/div>\n<\/div><\/section><\/div><div class=\"flex_column av_one_full  flex_column_div av-zero-column-padding first  avia-builder-el-4  el_after_av_one_full  el_before_av_hr  column-top-margin\" style='border-radius:0px; '><section class=\"av_textblock_section \"  itemscope=\"itemscope\" itemtype=\"https:\/\/schema.org\/BlogPosting\" itemprop=\"blogPost\" ><div class='avia_textblock  '   itemprop=\"text\" ><p style=\"text-align: justify;\">En total 28 mujeres emprendedoras de Puerto Ays\u00e9n y alrededores, usuarias de Prodemu, se reunieron en esta Feria Bazar, vitrina comercial e instancia de encuentro, que congreg\u00f3 en su mayor\u00eda a participantes del \u201cTaller de Lideresas\u201d y \u201cJuntas Crecemos\u201d, programas que buscan desarrollar capacidades y entregar herramientas en las \u00e1reas de empoderamiento y autonom\u00eda econ\u00f3mica.<\/p>\n<p style=\"text-align: justify;\">Una instancia que cont\u00f3 con la participaci\u00f3n de diversas autoridades, entre ellas el Delegado Presidencial Provincial de Ays\u00e9n, Jorge D\u00edaz Guzm\u00e1n, la Seremi de la Mujer y la Equidad de G\u00e9nero, Isidora Gacit\u00faa Goles, la Directora Regional de SernamEG, Patricia Baeza Cabezas, entre otras autoridades, lo que agradeci\u00f3 la Directora Regional de Fundaci\u00f3n Prodemu, Ingrid Osorio Santana, indicando que: \u201cEstamos muy contentas de que nos hayan acompa\u00f1ado las autoridades, funcionarias y funcionario sectoriales, con quien tenemos un trabajo colaborativo que ha permitido fortalecer el acompa\u00f1amiento a las mujeres participantes de nuestros programas. Este trabajo sectorial que hemos desarrollado, es el resultado de las alianzas, el apoyo y la atenci\u00f3n que ponen los diversos servicios en generar oportunidades integrales para las mujeres de Ays\u00e9n, nutrir la oferta program\u00e1tica, adem\u00e1s resaltar que en esta ocasi\u00f3n pudimos convocar a diversas emprendedoras locales, as\u00ed como tambi\u00e9n agrupaciones hort\u00edcolas, con el prop\u00f3sito de poder entregar un espacio de comercializaci\u00f3n para sus productos\u201d, indic\u00f3.<\/p>\n<p style=\"text-align: justify;\">Artesan\u00edas, bisuter\u00eda, venta de plantas, hortalizas, productos gourmet, entre otros, fueron parte de los productos que ofrecieron las mujeres durante la Feria Bazar, lo que significativamente da cuenta de que adem\u00e1s de hacerse presente el impulso creativo, tambi\u00e9n existe un gran inter\u00e9s de las participantes en desarrollar sus emprendimientos, especialmente, cuando muchas de ellas cumplen m\u00faltiples roles, sobre todo en temas de cuidados.<\/p>\n<p style=\"text-align: justify;\">As\u00ed lo recalc\u00f3 la Seremi de la Mujer y la Equidad de G\u00e9nero, Isidora Gacit\u00faa Goles, quien\u00a0 coment\u00f3: \u201cNos enorgullece acompa\u00f1ar a las mujeres usuarias de Prodemu que se han reunido en esta instancia, entendemos que este es el resultado de un trabajo sostenido que ha realizado la instituci\u00f3n, donde se han fortalecido sus capacidades y se les ha impulsado a emprender y a desarrollar su autonom\u00eda econ\u00f3mica, lo que se hace fundamental y as\u00ed nos ha solicitado nuestra ministra Antonia Orellana Guarello, para poder prevenir y generar herramientas para cortar c\u00edrculos de violencia. En este contexto, es muy importante transmitirles que no est\u00e1n solas, que nuestro Gobierno del Presidente Gabriel Boric Font, est\u00e1 muy preocupado de no solo fortalecer propiciar estas actividades, sino tambi\u00e9n acompa\u00f1arlas\u00a0 a trav\u00e9s de todas las instancias que les permitan sentirse seguras, generar sus propios ingresos y generar redes de apoyo para compartir experiencias entre mujeres y juntas ir acortando las brechas de g\u00e9nero\u201d, sostuvo.<\/p>\n<p style=\"text-align: justify;\">Cabe destacar Fundaci\u00f3n Prodemu en la regi\u00f3n de Ays\u00e9n, durante este a\u00f1o 2024 ejecut\u00f3 una cobertura total de 2.152 mujeres, de las cuales 589 corresponden a la provincia de Ays\u00e9n, quienes participaron en diversas instancias formativas como, por ejemplo: en <strong>Puerto Ays\u00e9n<\/strong>: los talleres:\u201cJuntas Crecemos\u201d,\u201cEscuela de Lideresas\u201d y \u201c Taller Expresarte\u201d; en <strong>Puerto Chacabuco<\/strong>: \u201cTaller Empoderadas\u201d; en <strong>Villa Ma\u00f1ihuales<\/strong>: \u201cTaller Expresarte; en <strong>Puerto Aguirre<\/strong>: \u201cTaller Ecol\u00f3gicas\u201d; en <strong>Puerto Cisnes<\/strong>: \u201cTaller Mi cuerpo mi derecho\u201d, adem\u00e1s del desarrollo y ejecuci\u00f3n de Jornadas Informativas con alcance provincial.<\/p>\n<p style=\"text-align: justify;\"><strong>La cultura de la mano con el desarrollo de las mujeres<\/strong><\/p>\n<p style=\"text-align: justify;\">Por su parte, la Directora Regional de Prodemu, Ingrid Osorio Santana, destac\u00f3\u00a0 que en esta oportunidad la Feria Bazar cont\u00f3 con una nutrida programaci\u00f3n cultural y art\u00edstica, lo que \u00a0permite fortalecer e impulsar el acceso de las mujeres a la cultura. En este sentido, agradeci\u00f3 la presentaci\u00f3n del grupo Musical \u201cLas Chuc\u00e1s\u201d, el grupo \u201cDanza Armon\u00eda del colegio Kalem\u201d, el Taller de danza Tribal, a cargo de Tribu Noctem Tribal, la declamaci\u00f3n po\u00e9tica, denominada \u201c<em>Mi amado Puerto Ays\u00e9n\u201d, realizada por <\/em>Iveth Flores Arias, egresada Taller Lideresas y la demostraci\u00f3n participativa del oficio ceramista en torno, instancias que sin duda, vincul\u00f3 y complement\u00f3 dicha instancia con una mirada art\u00edstica sobre diversas historias y vivencias a la que se enfrentan las mujeres de nuestra regi\u00f3n.<\/p>\n<\/div><\/section><\/div><div  style='height:50px' class='hr hr-invisible   avia-builder-el-6  el_after_av_one_full  el_before_av_social_share '><span class='hr-inner ' ><span class='hr-inner-style'><\/span><\/span><\/div><\/p>\n<div  class='av-social-sharing-box  avia-builder-el-7  el_after_av_hr  el_before_av_hr  '><div class='av-share-box'><h5 class='av-share-link-description av-no-toc '>Compartir esta noticia<\/h5><ul class='av-share-box-list noLightbox'><li class='av-share-link av-social-link-facebook' ><a target=\"_blank\" aria-label=\"Compartir en Facebook\" href='https:\/\/www.facebook.com\/sharer.php?u=https:\/\/radiorevelacionfm.cl\/?p=48053&#038;t=Exitosa%20Feria%20Bazar%20de%20Prodemu%20re%C3%BAne%20a%20usuarias%20y%20emprendedoras%20de%20la%20comuna%20de%20Ays%C3%A9n' aria-hidden='false' data-av_icon='\ue8f3' data-av_iconfont='entypo-fontello' title='' data-avia-related-tooltip='Compartir en Facebook' rel=\"noopener\"><span class='avia_hidden_link_text'>Compartir en Facebook<\/span><\/a><\/li><li class='av-share-link av-social-link-twitter' ><a target=\"_blank\" aria-label=\"Compartir en Twitter\" href='https:\/\/twitter.com\/share?text=Exitosa%20Feria%20Bazar%20de%20Prodemu%20re%C3%BAne%20a%20usuarias%20y%20emprendedoras%20de%20la%20comuna%20de%20Ays%C3%A9n&#038;url=https:\/\/radiorevelacionfm.cl\/?p=48053' aria-hidden='false' data-av_icon='\ue8f1' data-av_iconfont='entypo-fontello' title='' data-avia-related-tooltip='Compartir en Twitter' rel=\"noopener\"><span class='avia_hidden_link_text'>Compartir en Twitter<\/span><\/a><\/li><li class='av-share-link av-social-link-whatsapp' ><a target=\"_blank\" aria-label=\"Compartir en Whatsapp\" href='https:\/\/api.whatsapp.com\/send?text=https:\/\/radiorevelacionfm.cl\/?p=48053' aria-hidden='false' data-av_icon='\uf232' data-av_iconfont='entypo-fontello' title='' data-avia-related-tooltip='Compartir en Whatsapp' rel=\"noopener\"><span class='avia_hidden_link_text'>Compartir en Whatsapp<\/span><\/a><\/li><li class='av-share-link av-social-link-linkedin' ><a target=\"_blank\" aria-label=\"Compartir en LinkedIn\" href='https:\/\/linkedin.com\/shareArticle?mini=true&#038;title=Exitosa%20Feria%20Bazar%20de%20Prodemu%20re%C3%BAne%20a%20usuarias%20y%20emprendedoras%20de%20la%20comuna%20de%20Ays%C3%A9n&#038;url=https:\/\/radiorevelacionfm.cl\/?p=48053' aria-hidden='false' data-av_icon='\ue8fc' data-av_iconfont='entypo-fontello' title='' data-avia-related-tooltip='Compartir en LinkedIn' rel=\"noopener\"><span class='avia_hidden_link_text'>Compartir en LinkedIn<\/span><\/a><\/li><li class='av-share-link av-social-link-mail' ><a  aria-label=\"Compartir por correo\" href='mailto:?subject=Exitosa%20Feria%20Bazar%20de%20Prodemu%20re%C3%BAne%20a%20usuarias%20y%20emprendedoras%20de%20la%20comuna%20de%20Ays%C3%A9n&#038;body=https:\/\/radiorevelacionfm.cl\/?p=48053' aria-hidden='false' data-av_icon='\ue805' data-av_iconfont='entypo-fontello' title='' data-avia-related-tooltip='Compartir por correo'><span class='avia_hidden_link_text'>Compartir por correo<\/span><\/a><\/li><\/ul><\/div><\/div>\n<div  style='height:50px' class='hr hr-invisible   avia-builder-el-8  el_after_av_social_share  el_before_av_comments_list '><span class='hr-inner ' ><span class='hr-inner-style'><\/span><\/span><\/div>\n<div  class='av-buildercomment  av-blog-meta-html-info-disabled av-blog-meta-tag-disabled  '><\/div>\n","protected":false},"excerpt":{"rendered":"","protected":false},"author":1,"featured_media":48054,"comment_status":"open","ping_status":"open","sticky":false,"template":"","format":"standard","meta":{"footnotes":""},"categories":[38],"tags":[],"class_list":["post-48053","post","type-post","status-publish","format-standard","has-post-thumbnail","hentry","category-regional"],"jetpack_featured_media_url":"https:\/\/radiorevelacionfm.cl\/wp-content\/uploads\/2024\/11\/whatsapp-image-2024-11-18-at-12_optimized.27.09-2.jpeg","_links":{"self":[{"href":"https:\/\/radiorevelacionfm.cl\/index.php?rest_route=\/wp\/v2\/posts\/48053","targetHints":{"allow":["GET"]}}],"collection":[{"href":"https:\/\/radiorevelacionfm.cl\/index.php?rest_route=\/wp\/v2\/posts"}],"about":[{"href":"https:\/\/radiorevelacionfm.cl\/index.php?rest_route=\/wp\/v2\/types\/post"}],"author":[{"embeddable":true,"href":"https:\/\/radiorevelacionfm.cl\/index.php?rest_route=\/wp\/v2\/users\/1"}],"replies":[{"embeddable":true,"href":"https:\/\/radiorevelacionfm.cl\/index.php?rest_route=%2Fwp%2Fv2%2Fcomments&post=48053"}],"version-history":[{"count":1,"href":"https:\/\/radiorevelacionfm.cl\/index.php?rest_route=\/wp\/v2\/posts\/48053\/revisions"}],"predecessor-version":[{"id":48055,"href":"https:\/\/radiorevelacionfm.cl\/index.php?rest_route=\/wp\/v2\/posts\/48053\/revisions\/48055"}],"wp:featuredmedia":[{"embeddable":true,"href":"https:\/\/radiorevelacionfm.cl\/index.php?rest_route=\/wp\/v2\/media\/48054"}],"wp:attachment":[{"href":"https:\/\/radiorevelacionfm.cl\/index.php?rest_route=%2Fwp%2Fv2%2Fmedia&parent=48053"}],"wp:term":[{"taxonomy":"category","embeddable":true,"href":"https:\/\/radiorevelacionfm.cl\/index.php?rest_route=%2Fwp%2Fv2%2Fcategories&post=48053"},{"taxonomy":"post_tag","embeddable":true,"href":"https:\/\/radiorevelacionfm.cl\/index.php?rest_route=%2Fwp%2Fv2%2Ftags&post=48053"}],"curies":[{"name":"wp","href":"https:\/\/api.w.org\/{rel}","templated":true}]}}