{"id":48047,"date":"2024-11-18T10:20:04","date_gmt":"2024-11-18T13:20:04","guid":{"rendered":"https:\/\/radiorevelacionfm.cl\/?p=48047"},"modified":"2024-11-18T10:20:04","modified_gmt":"2024-11-18T13:20:04","slug":"se-crearon-dos-nuevas-cooperativas-en-manihuales-de-turismo-y-agroalimentacion","status":"publish","type":"post","link":"https:\/\/radiorevelacionfm.cl\/?p=48047","title":{"rendered":"Se crearon dos nuevas cooperativas en Ma\u00f1ihuales de Turismo y Agroalimentaci\u00f3n"},"content":{"rendered":"<div class=\"flex_column av_one_full  flex_column_div av-zero-column-padding first  avia-builder-el-0  el_before_av_one_full  avia-builder-el-first  \" style='border-radius:0px; '><div  class='avia-image-container  av-styling-    avia-builder-el-1  avia-builder-el-no-sibling  avia-align-center '  itemprop=\"image\" itemscope=\"itemscope\" itemtype=\"https:\/\/schema.org\/ImageObject\"  ><div class='avia-image-container-inner'><div class='avia-image-overlay-wrap'><img decoding=\"async\" class='wp-image-48048 avia-img-lazy-loading-not-48048 avia_image' src=\"https:\/\/radiorevelacionfm.cl\/wp-content\/uploads\/2024\/11\/manihuales-2_optimized.jpeg\" alt='' title='manihuales-2_optimized' height=\"600\" width=\"800\"  itemprop=\"thumbnailUrl\" srcset=\"https:\/\/radiorevelacionfm.cl\/wp-content\/uploads\/2024\/11\/manihuales-2_optimized.jpeg 800w, https:\/\/radiorevelacionfm.cl\/wp-content\/uploads\/2024\/11\/manihuales-2_optimized-300x225.jpeg 300w, https:\/\/radiorevelacionfm.cl\/wp-content\/uploads\/2024\/11\/manihuales-2_optimized-768x576.jpeg 768w, https:\/\/radiorevelacionfm.cl\/wp-content\/uploads\/2024\/11\/manihuales-2_optimized-705x529.jpeg 705w, https:\/\/radiorevelacionfm.cl\/wp-content\/uploads\/2024\/11\/manihuales-2_optimized-450x338.jpeg 450w, https:\/\/radiorevelacionfm.cl\/wp-content\/uploads\/2024\/11\/manihuales-2_optimized-600x450.jpeg 600w\" sizes=\"(max-width: 800px) 100vw, 800px\" \/><\/div><\/div><\/div><\/div><div class=\"flex_column av_one_full  flex_column_div av-zero-column-padding first  avia-builder-el-2  el_after_av_one_full  el_before_av_one_full  column-top-margin\" style='border-radius:0px; '><section class=\"av_textblock_section \"  itemscope=\"itemscope\" itemtype=\"https:\/\/schema.org\/BlogPosting\" itemprop=\"blogPost\" ><div class='avia_textblock  '   itemprop=\"text\" ><p style=\"text-align: center;\"><strong><span style=\"font-size: 18pt;\">Se crearon dos nuevas cooperativas en Ma\u00f1ihuales de Turismo y Agroalimentaci\u00f3n<\/span><\/strong><\/p>\n<div id=\"gtx-trans\" style=\"position: absolute; left: -50px; top: 4.31534px;\">\n<div class=\"gtx-trans-icon\"><\/div>\n<\/div>\n<\/div><\/section><\/div><div class=\"flex_column av_one_full  flex_column_div av-zero-column-padding first  avia-builder-el-4  el_after_av_one_full  el_before_av_hr  column-top-margin\" style='border-radius:0px; '><section class=\"av_textblock_section \"  itemscope=\"itemscope\" itemtype=\"https:\/\/schema.org\/BlogPosting\" itemprop=\"blogPost\" ><div class='avia_textblock  '   itemprop=\"text\" ><div>\n<p class=\"CuerpoA\" style=\"text-align: justify;\"><em><span class=\"Ninguno\"><span lang=\"ES-TRAD\">En el evento de difusi\u00f3n \u201cMa\u00f1ihuales en Ruta, impulso Tur\u00edstico y Comercial 2024-2025\u201d, organizado por la Asociaci\u00f3<\/span><\/span>n <span class=\"Ninguno\"><span lang=\"ES-TRAD\">G<\/span><\/span><span class=\"Ninguno\"><span lang=\"PT\">remial de <\/span><\/span><span class=\"Ninguno\"><span lang=\"ES-TRAD\">Turismo y C<\/span><\/span><span class=\"Ninguno\"><span lang=\"IT\">omercio Villa Ma<\/span><\/span><span class=\"Ninguno\"><span lang=\"ES-TRAD\">\u00f1ihuales a trav\u00e9s del Barrio Comercial Ma\u00f1\u00edo Ruta 7 Tours\u00a0 demostr\u00f3 como la asociatividad funciona.<\/span><\/span><\/em><\/p>\n<p class=\"CuerpoA\" style=\"text-align: justify;\"><span class=\"Ninguno\"><span lang=\"ES-TRAD\">Con la presencia del Seremi de Econom\u00eda, Fomento y Turismo de Ays\u00e9n, Felipe Rojas Pizarro y la directora Regional de Sercotec, <\/span><\/span><span lang=\"IT\">Nelly Vargas Mansilla<\/span><span lang=\"ES-TRAD\"> junto a diversas autoridades locales se vivi\u00f3 una completa jornada en torno a resaltar los beneficios de la asociatividad y el cooperativismo en el desarrollo econ\u00f3mico y social de las comunidades como Ma\u00f1ihuales. La actividad dio a conocer los avances logrados por el Barrio Comercial Ruta 7 Tours, que en su segundo a\u00f1o de ejecuci\u00f3n como programa de Sercotec, se sit\u00faa como una plataforma efectiva para impulsar nuevos negocios y asociaciones.<\/span><\/p>\n<\/div>\n<div style=\"text-align: justify;\">\n<p class=\"Cuerpo\"><span lang=\"ES-TRAD\">Entre los resultados expuestos est\u00e1n la adquisici\u00f3n de equipamiento tecnol\u00f3gico como computador, Antena de internet Satelital, equipo telef\u00f3nico y la adquisici\u00f3n de una Nueva Carpa de Eventos de 12 mts2.Por otro lado la habilitaci\u00f3n de espacios, urbano &#8211; comerciales, donde sobresalen las dos <span class=\"Ninguno\">Estaciones <\/span><\/span><span class=\"Ninguno\"><span lang=\"DE\">Informativ<\/span><\/span><span class=\"Ninguno\"><span lang=\"ES-TRAD\">a<\/span><\/span><span lang=\"ES-TRAD\">s <span class=\"Ninguno\">Tecnol\u00f3gicas y la Oficina administrativa Modular que fueron inauguradas en esta ocasi\u00f3n.<\/span><\/span><\/p>\n<\/div>\n<div style=\"text-align: justify;\">\n<p class=\"Cuerpo\"><span lang=\"ES-TRAD\">La AG.Turismo Ma\u00f1ihuales tambi\u00e9n resalta la creaci\u00f3n de dos nuevas cooperativas conformadas este a\u00f1o 2024 por los \u00a0socios y socias de este Barrio Comercial: la Cooperativa de Servicios Tur\u00edsticos, Cultura y Patrimonio Ruta 7 Tours, y la Cooperativa Agroalimentaria, Gastron\u00f3mica y de Servicios\u00a0 Ma\u00f1ihuales Patagonia Sur, \u201cAgrosabores Nativo\u201d. La cooperativa de Turismo fue creada al alero del programa de fortalecimiento y creaci\u00f3n de Cooperativas de Sercotec, a trav\u00e9s del cual lograron la formalizaci\u00f3n, capacitaci\u00f3n e implementaci\u00f3n necesaria para ofrecer servicios de Rafting en el Rio Ma\u00f1ihuales. Por otra parte, la Cooperativa Agroalimentaria Agrosabores Nativo, fue creado con fondos del Programa Reactiva \u201cCooperativas para Ays\u00e9n\u201d del Gobierno Regional y su consejo. Esta cooperativa tiene una vocaci\u00f3n Gastron\u00f3mica enfocada al procesamiento y fabricaci\u00f3n de productos alimentarios basados en carnes locales, frutas y verduras, en la actividad esta cooperativa presento una muestra de sus primeros productos de Charcuter\u00eda artesanal basados en vacuno, cordero, jabal\u00ed y Ciervo, tales como longanizas, chorizo, salames entre otros. <\/span><\/p>\n<\/div>\n<div style=\"text-align: justify;\">\n<p class=\"Predeterminado\"><i><span lang=\"ES-TRAD\">\u201cEs muy relevante como Gobierno poder fortalecer y fomentar la asociatividad, y aqu\u00ed, particularmente en Ma\u00f1ihuales, vemos que hay una comunidad activa que participa en m\u00faltiples iniciativas de colaboraci\u00f3n entre sus miembros, para proyectar a la comunidad y para darle un sello a Ma\u00f1ihuales y dejar de ser un punto de paso, un destino para la regi\u00f3n de Ays\u00e9n\u201d,<\/span><\/i><span lang=\"ES-TRAD\"> destac\u00f3 el <span class=\"Ninguno\">Seremi de Econom\u00eda, Fomento y Turismo de Ays\u00e9n, Felipe Rojas Pizarro<\/span>.<\/span><\/p>\n<\/div>\n<div style=\"text-align: justify;\">\n<p class=\"Predeterminado\"><span lang=\"ES-TRAD\">Por su parte, Nelly Vargas Mansilla, directora Regional de Sercotec expres\u00f3 sentirse orgullosa al ver el trabajo colaborativo de los socios y socias de este Barrio: <span class=\"Ninguno\"><i>\u201c<\/i><\/span><i>Hoy queremos felicitar el compromiso de cada socia y socio, que hacen posible este resultado. Nos sentimos orgullos en poder trabajar y apoyar a las empresas que est\u00e1n presentes hoy y que son parte de nuestra econom\u00eda local. A trav\u00e9s de estas iniciativas se busca potenciar la econom\u00eda circular y el desarrollo econ\u00f3mico local en villa Ma\u00f1ihuales, as\u00ed que nos sentimos muy contentos por esta acci\u00f3n\u201d<\/i>, puntualiz\u00f3. <\/span><\/p>\n<\/div>\n<div style=\"text-align: justify;\">\n<p class=\"Predeterminado\"><span lang=\"ES-TRAD\">Mientras que Carolina G\u00f3mez, presidenta de la AG <span class=\"Ninguno\">Turismo y C<\/span><\/span><span class=\"Ninguno\"><span lang=\"IT\">omercio Villa Ma<\/span><\/span><span class=\"Ninguno\"><span lang=\"ES-TRAD\">\u00f1ihuales, <\/span><\/span><span lang=\"ES-TRAD\">resalt\u00f3 la importancia de este programa que los est\u00e1 impulsando a crecer de manera Asociativa. <i>\u201cEl programa de Barrios Comerciales de Sercotec lo que hace es guiar, convocar, formalizar, y fortalecer las redes de apoyo comercial y tur\u00edstico, y de esa manera ir creciendo en el trabajo asociativo, en las acciones que se puedan realizar de manera colaborativa entre cada uno de los emprendedores en sus distintas l\u00edneas, y hoy aprovechamos de hacer tambi\u00e9n el lanzamiento de la Temporada de Turismo, promover el Aniversario de Villa Ma\u00f1ihuales que para nosotros es importante y siempre tratamos de dejar nuestras actividades promocionales para noviembre porque todo suma en que Ma\u00f1ihuales aparezca como un lugar donde la gente puede venir, hacer familia y hacer turismo\u201d.<\/i><\/span><\/p>\n<\/div>\n<div>\n<p class=\"CuerpoA\" style=\"text-align: justify;\"><span lang=\"ES-TRAD\">\u00a0<\/span><\/p>\n<\/div>\n<\/div><\/section><\/div><div  style='height:50px' class='hr hr-invisible   avia-builder-el-6  el_after_av_one_full  el_before_av_social_share '><span class='hr-inner ' ><span class='hr-inner-style'><\/span><\/span><\/div><\/p>\n<div  class='av-social-sharing-box  avia-builder-el-7  el_after_av_hr  el_before_av_hr  '><div class='av-share-box'><h5 class='av-share-link-description av-no-toc '>Compartir esta noticia<\/h5><ul class='av-share-box-list noLightbox'><li class='av-share-link av-social-link-facebook' ><a target=\"_blank\" aria-label=\"Compartir en Facebook\" href='https:\/\/www.facebook.com\/sharer.php?u=https:\/\/radiorevelacionfm.cl\/?p=48047&#038;t=Se%20crearon%20dos%20nuevas%20cooperativas%20en%20Ma%C3%B1ihuales%20de%20Turismo%20y%20Agroalimentaci%C3%B3n' aria-hidden='false' data-av_icon='\ue8f3' data-av_iconfont='entypo-fontello' title='' data-avia-related-tooltip='Compartir en Facebook' rel=\"noopener\"><span class='avia_hidden_link_text'>Compartir en Facebook<\/span><\/a><\/li><li class='av-share-link av-social-link-twitter' ><a target=\"_blank\" aria-label=\"Compartir en Twitter\" href='https:\/\/twitter.com\/share?text=Se%20crearon%20dos%20nuevas%20cooperativas%20en%20Ma%C3%B1ihuales%20de%20Turismo%20y%20Agroalimentaci%C3%B3n&#038;url=https:\/\/radiorevelacionfm.cl\/?p=48047' aria-hidden='false' data-av_icon='\ue8f1' data-av_iconfont='entypo-fontello' title='' data-avia-related-tooltip='Compartir en Twitter' rel=\"noopener\"><span class='avia_hidden_link_text'>Compartir en Twitter<\/span><\/a><\/li><li class='av-share-link av-social-link-whatsapp' ><a target=\"_blank\" aria-label=\"Compartir en Whatsapp\" href='https:\/\/api.whatsapp.com\/send?text=https:\/\/radiorevelacionfm.cl\/?p=48047' aria-hidden='false' data-av_icon='\uf232' data-av_iconfont='entypo-fontello' title='' data-avia-related-tooltip='Compartir en Whatsapp' rel=\"noopener\"><span class='avia_hidden_link_text'>Compartir en Whatsapp<\/span><\/a><\/li><li class='av-share-link av-social-link-linkedin' ><a target=\"_blank\" aria-label=\"Compartir en LinkedIn\" href='https:\/\/linkedin.com\/shareArticle?mini=true&#038;title=Se%20crearon%20dos%20nuevas%20cooperativas%20en%20Ma%C3%B1ihuales%20de%20Turismo%20y%20Agroalimentaci%C3%B3n&#038;url=https:\/\/radiorevelacionfm.cl\/?p=48047' aria-hidden='false' data-av_icon='\ue8fc' data-av_iconfont='entypo-fontello' title='' data-avia-related-tooltip='Compartir en LinkedIn' rel=\"noopener\"><span class='avia_hidden_link_text'>Compartir en LinkedIn<\/span><\/a><\/li><li class='av-share-link av-social-link-mail' ><a  aria-label=\"Compartir por correo\" href='mailto:?subject=Se%20crearon%20dos%20nuevas%20cooperativas%20en%20Ma%C3%B1ihuales%20de%20Turismo%20y%20Agroalimentaci%C3%B3n&#038;body=https:\/\/radiorevelacionfm.cl\/?p=48047' aria-hidden='false' data-av_icon='\ue805' data-av_iconfont='entypo-fontello' title='' data-avia-related-tooltip='Compartir por correo'><span class='avia_hidden_link_text'>Compartir por correo<\/span><\/a><\/li><\/ul><\/div><\/div>\n<div  style='height:50px' class='hr hr-invisible   avia-builder-el-8  el_after_av_social_share  el_before_av_comments_list '><span class='hr-inner ' ><span class='hr-inner-style'><\/span><\/span><\/div>\n<div  class='av-buildercomment  av-blog-meta-html-info-disabled av-blog-meta-tag-disabled  '><\/div>\n","protected":false},"excerpt":{"rendered":"","protected":false},"author":1,"featured_media":48048,"comment_status":"open","ping_status":"open","sticky":false,"template":"","format":"standard","meta":{"footnotes":""},"categories":[38],"tags":[],"class_list":["post-48047","post","type-post","status-publish","format-standard","has-post-thumbnail","hentry","category-regional"],"jetpack_featured_media_url":"https:\/\/radiorevelacionfm.cl\/wp-content\/uploads\/2024\/11\/manihuales-2_optimized.jpeg","_links":{"self":[{"href":"https:\/\/radiorevelacionfm.cl\/index.php?rest_route=\/wp\/v2\/posts\/48047","targetHints":{"allow":["GET"]}}],"collection":[{"href":"https:\/\/radiorevelacionfm.cl\/index.php?rest_route=\/wp\/v2\/posts"}],"about":[{"href":"https:\/\/radiorevelacionfm.cl\/index.php?rest_route=\/wp\/v2\/types\/post"}],"author":[{"embeddable":true,"href":"https:\/\/radiorevelacionfm.cl\/index.php?rest_route=\/wp\/v2\/users\/1"}],"replies":[{"embeddable":true,"href":"https:\/\/radiorevelacionfm.cl\/index.php?rest_route=%2Fwp%2Fv2%2Fcomments&post=48047"}],"version-history":[{"count":1,"href":"https:\/\/radiorevelacionfm.cl\/index.php?rest_route=\/wp\/v2\/posts\/48047\/revisions"}],"predecessor-version":[{"id":48049,"href":"https:\/\/radiorevelacionfm.cl\/index.php?rest_route=\/wp\/v2\/posts\/48047\/revisions\/48049"}],"wp:featuredmedia":[{"embeddable":true,"href":"https:\/\/radiorevelacionfm.cl\/index.php?rest_route=\/wp\/v2\/media\/48048"}],"wp:attachment":[{"href":"https:\/\/radiorevelacionfm.cl\/index.php?rest_route=%2Fwp%2Fv2%2Fmedia&parent=48047"}],"wp:term":[{"taxonomy":"category","embeddable":true,"href":"https:\/\/radiorevelacionfm.cl\/index.php?rest_route=%2Fwp%2Fv2%2Fcategories&post=48047"},{"taxonomy":"post_tag","embeddable":true,"href":"https:\/\/radiorevelacionfm.cl\/index.php?rest_route=%2Fwp%2Fv2%2Ftags&post=48047"}],"curies":[{"name":"wp","href":"https:\/\/api.w.org\/{rel}","templated":true}]}}