{"id":48044,"date":"2024-11-17T22:28:08","date_gmt":"2024-11-18T01:28:08","guid":{"rendered":"https:\/\/radiorevelacionfm.cl\/?p=48044"},"modified":"2024-11-17T22:28:08","modified_gmt":"2024-11-18T01:28:08","slug":"volcamiento-de-vehiculo-en-cercanias-de-cerro-castillo-deja-a-cinco-personas-con-diversas-lesiones","status":"publish","type":"post","link":"https:\/\/radiorevelacionfm.cl\/?p=48044","title":{"rendered":"Volcamiento de veh\u00edculo en cercan\u00edas de Cerro Castillo deja a cinco personas con diversas lesiones"},"content":{"rendered":"<div class=\"flex_column av_one_full  flex_column_div av-zero-column-padding first  avia-builder-el-0  el_before_av_one_full  avia-builder-el-first  \" style='border-radius:0px; '><div  class='avia-image-container  av-styling-    avia-builder-el-1  avia-builder-el-no-sibling  avia-align-center '  itemprop=\"image\" itemscope=\"itemscope\" itemtype=\"https:\/\/schema.org\/ImageObject\"  ><div class='avia-image-container-inner'><div class='avia-image-overlay-wrap'><img decoding=\"async\" class='wp-image-48045 avia-img-lazy-loading-not-48045 avia_image' src=\"https:\/\/radiorevelacionfm.cl\/wp-content\/uploads\/2024\/11\/467480976_18030541763583164_3294545224424069631_n-2-2-2_optimized-2.jpg\" alt='' title='467480976_18030541763583164_3294545224424069631_n-2-2-2_optimized-2' height=\"600\" width=\"928\"  itemprop=\"thumbnailUrl\" srcset=\"https:\/\/radiorevelacionfm.cl\/wp-content\/uploads\/2024\/11\/467480976_18030541763583164_3294545224424069631_n-2-2-2_optimized-2.jpg 928w, https:\/\/radiorevelacionfm.cl\/wp-content\/uploads\/2024\/11\/467480976_18030541763583164_3294545224424069631_n-2-2-2_optimized-2-300x194.jpg 300w, https:\/\/radiorevelacionfm.cl\/wp-content\/uploads\/2024\/11\/467480976_18030541763583164_3294545224424069631_n-2-2-2_optimized-2-768x497.jpg 768w, https:\/\/radiorevelacionfm.cl\/wp-content\/uploads\/2024\/11\/467480976_18030541763583164_3294545224424069631_n-2-2-2_optimized-2-705x456.jpg 705w, https:\/\/radiorevelacionfm.cl\/wp-content\/uploads\/2024\/11\/467480976_18030541763583164_3294545224424069631_n-2-2-2_optimized-2-450x291.jpg 450w, https:\/\/radiorevelacionfm.cl\/wp-content\/uploads\/2024\/11\/467480976_18030541763583164_3294545224424069631_n-2-2-2_optimized-2-600x388.jpg 600w\" sizes=\"(max-width: 928px) 100vw, 928px\" \/><\/div><\/div><\/div><\/div><div class=\"flex_column av_one_full  flex_column_div av-zero-column-padding first  avia-builder-el-2  el_after_av_one_full  el_before_av_one_full  column-top-margin\" style='border-radius:0px; '><section class=\"av_textblock_section \"  itemscope=\"itemscope\" itemtype=\"https:\/\/schema.org\/BlogPosting\" itemprop=\"blogPost\" ><div class='avia_textblock  '   itemprop=\"text\" ><p style=\"text-align: center;\"><strong><span style=\"font-size: 18pt;\">Volcamiento de veh\u00edculo en cercan\u00edas de Cerro Castillo deja a cinco personas con diversas lesiones<\/span><\/strong><\/p>\n<div id=\"gtx-trans\" style=\"position: absolute; left: -50px; top: 4.31534px;\">\n<div class=\"gtx-trans-icon\"><\/div>\n<\/div>\n<\/div><\/section><\/div><div class=\"flex_column av_one_full  flex_column_div av-zero-column-padding first  avia-builder-el-4  el_after_av_one_full  el_before_av_hr  column-top-margin\" style='border-radius:0px; '><section class=\"av_textblock_section \"  itemscope=\"itemscope\" itemtype=\"https:\/\/schema.org\/BlogPosting\" itemprop=\"blogPost\" ><div class='avia_textblock  '   itemprop=\"text\" ><p style=\"text-align: justify;\">Durante la tarde de este domingo 17 de noviembre de 2024, un accidente de tr\u00e1nsito activ\u00f3 el ABC de la Emergencia, en la Ruta 7 Sur, a unos 18,5 kil\u00f3metros al sur de la localidad de Villa Cerro Castillo.<\/p>\n<p style=\"text-align: justify;\">Hasta el sector El Manso concurri\u00f3 personal de Bomberos y SAMU de la localidad de Cerro Castillo para dar los primeros auxilios a los ocupantes de un veh\u00edculo menor, que se dirig\u00eda desde sur a norte, el cual perdi\u00f3 el control, con posterior volcamiento, en el veh\u00edculo viajaban cinco personas, dos de ellas resultaron con lesiones de car\u00e1cter reservado.<\/p>\n<p style=\"text-align: justify;\">Las que fueron atendidas por personal de Bomberos de Cerro Castillo y posteriormente entregadas y trasladadas por SAMU hasta un recinto asistencial para su evaluaci\u00f3n.<\/p>\n<\/div><\/section><\/div><div  style='height:50px' class='hr hr-invisible   avia-builder-el-6  el_after_av_one_full  el_before_av_social_share '><span class='hr-inner ' ><span class='hr-inner-style'><\/span><\/span><\/div><\/p>\n<div  class='av-social-sharing-box  avia-builder-el-7  el_after_av_hr  el_before_av_hr  '><div class='av-share-box'><h5 class='av-share-link-description av-no-toc '>Compartir esta noticia<\/h5><ul class='av-share-box-list noLightbox'><li class='av-share-link av-social-link-facebook' ><a target=\"_blank\" aria-label=\"Compartir en Facebook\" href='https:\/\/www.facebook.com\/sharer.php?u=https:\/\/radiorevelacionfm.cl\/?p=48044&#038;t=Volcamiento%20de%20veh%C3%ADculo%20en%20cercan%C3%ADas%20de%20Cerro%20Castillo%20deja%20a%20cinco%20personas%20con%20diversas%20lesiones' aria-hidden='false' data-av_icon='\ue8f3' data-av_iconfont='entypo-fontello' title='' data-avia-related-tooltip='Compartir en Facebook' rel=\"noopener\"><span class='avia_hidden_link_text'>Compartir en Facebook<\/span><\/a><\/li><li class='av-share-link av-social-link-twitter' ><a target=\"_blank\" aria-label=\"Compartir en Twitter\" href='https:\/\/twitter.com\/share?text=Volcamiento%20de%20veh%C3%ADculo%20en%20cercan%C3%ADas%20de%20Cerro%20Castillo%20deja%20a%20cinco%20personas%20con%20diversas%20lesiones&#038;url=https:\/\/radiorevelacionfm.cl\/?p=48044' aria-hidden='false' data-av_icon='\ue8f1' data-av_iconfont='entypo-fontello' title='' data-avia-related-tooltip='Compartir en Twitter' rel=\"noopener\"><span class='avia_hidden_link_text'>Compartir en Twitter<\/span><\/a><\/li><li class='av-share-link av-social-link-whatsapp' ><a target=\"_blank\" aria-label=\"Compartir en Whatsapp\" href='https:\/\/api.whatsapp.com\/send?text=https:\/\/radiorevelacionfm.cl\/?p=48044' aria-hidden='false' data-av_icon='\uf232' data-av_iconfont='entypo-fontello' title='' data-avia-related-tooltip='Compartir en Whatsapp' rel=\"noopener\"><span class='avia_hidden_link_text'>Compartir en Whatsapp<\/span><\/a><\/li><li class='av-share-link av-social-link-linkedin' ><a target=\"_blank\" aria-label=\"Compartir en LinkedIn\" href='https:\/\/linkedin.com\/shareArticle?mini=true&#038;title=Volcamiento%20de%20veh%C3%ADculo%20en%20cercan%C3%ADas%20de%20Cerro%20Castillo%20deja%20a%20cinco%20personas%20con%20diversas%20lesiones&#038;url=https:\/\/radiorevelacionfm.cl\/?p=48044' aria-hidden='false' data-av_icon='\ue8fc' data-av_iconfont='entypo-fontello' title='' data-avia-related-tooltip='Compartir en LinkedIn' rel=\"noopener\"><span class='avia_hidden_link_text'>Compartir en LinkedIn<\/span><\/a><\/li><li class='av-share-link av-social-link-mail' ><a  aria-label=\"Compartir por correo\" href='mailto:?subject=Volcamiento%20de%20veh%C3%ADculo%20en%20cercan%C3%ADas%20de%20Cerro%20Castillo%20deja%20a%20cinco%20personas%20con%20diversas%20lesiones&#038;body=https:\/\/radiorevelacionfm.cl\/?p=48044' aria-hidden='false' data-av_icon='\ue805' data-av_iconfont='entypo-fontello' title='' data-avia-related-tooltip='Compartir por correo'><span class='avia_hidden_link_text'>Compartir por correo<\/span><\/a><\/li><\/ul><\/div><\/div>\n<div  style='height:50px' class='hr hr-invisible   avia-builder-el-8  el_after_av_social_share  el_before_av_comments_list '><span class='hr-inner ' ><span class='hr-inner-style'><\/span><\/span><\/div>\n<div  class='av-buildercomment  av-blog-meta-html-info-disabled av-blog-meta-tag-disabled  '><\/div>\n","protected":false},"excerpt":{"rendered":"","protected":false},"author":1,"featured_media":48045,"comment_status":"open","ping_status":"open","sticky":false,"template":"","format":"standard","meta":{"footnotes":""},"categories":[38],"tags":[],"class_list":["post-48044","post","type-post","status-publish","format-standard","has-post-thumbnail","hentry","category-regional"],"jetpack_featured_media_url":"https:\/\/radiorevelacionfm.cl\/wp-content\/uploads\/2024\/11\/467480976_18030541763583164_3294545224424069631_n-2-2-2_optimized-2.jpg","_links":{"self":[{"href":"https:\/\/radiorevelacionfm.cl\/index.php?rest_route=\/wp\/v2\/posts\/48044","targetHints":{"allow":["GET"]}}],"collection":[{"href":"https:\/\/radiorevelacionfm.cl\/index.php?rest_route=\/wp\/v2\/posts"}],"about":[{"href":"https:\/\/radiorevelacionfm.cl\/index.php?rest_route=\/wp\/v2\/types\/post"}],"author":[{"embeddable":true,"href":"https:\/\/radiorevelacionfm.cl\/index.php?rest_route=\/wp\/v2\/users\/1"}],"replies":[{"embeddable":true,"href":"https:\/\/radiorevelacionfm.cl\/index.php?rest_route=%2Fwp%2Fv2%2Fcomments&post=48044"}],"version-history":[{"count":1,"href":"https:\/\/radiorevelacionfm.cl\/index.php?rest_route=\/wp\/v2\/posts\/48044\/revisions"}],"predecessor-version":[{"id":48046,"href":"https:\/\/radiorevelacionfm.cl\/index.php?rest_route=\/wp\/v2\/posts\/48044\/revisions\/48046"}],"wp:featuredmedia":[{"embeddable":true,"href":"https:\/\/radiorevelacionfm.cl\/index.php?rest_route=\/wp\/v2\/media\/48045"}],"wp:attachment":[{"href":"https:\/\/radiorevelacionfm.cl\/index.php?rest_route=%2Fwp%2Fv2%2Fmedia&parent=48044"}],"wp:term":[{"taxonomy":"category","embeddable":true,"href":"https:\/\/radiorevelacionfm.cl\/index.php?rest_route=%2Fwp%2Fv2%2Fcategories&post=48044"},{"taxonomy":"post_tag","embeddable":true,"href":"https:\/\/radiorevelacionfm.cl\/index.php?rest_route=%2Fwp%2Fv2%2Ftags&post=48044"}],"curies":[{"name":"wp","href":"https:\/\/api.w.org\/{rel}","templated":true}]}}