{"id":48041,"date":"2024-11-17T21:35:40","date_gmt":"2024-11-18T00:35:40","guid":{"rendered":"https:\/\/radiorevelacionfm.cl\/?p=48041"},"modified":"2024-11-17T21:35:40","modified_gmt":"2024-11-18T00:35:40","slug":"inauguran-mejoras-en-infraestructura-para-la-posta-de-salud-rural-de-caleta-tortel","status":"publish","type":"post","link":"https:\/\/radiorevelacionfm.cl\/?p=48041","title":{"rendered":"Inauguran mejoras en infraestructura para la Posta de Salud Rural de Caleta Tortel"},"content":{"rendered":"<div class=\"flex_column av_one_full  flex_column_div av-zero-column-padding first  avia-builder-el-0  el_before_av_one_full  avia-builder-el-first  \" style='border-radius:0px; '><div  class='avia-image-container  av-styling-    avia-builder-el-1  avia-builder-el-no-sibling  avia-align-center '  itemprop=\"image\" itemscope=\"itemscope\" itemtype=\"https:\/\/schema.org\/ImageObject\"  ><div class='avia-image-container-inner'><div class='avia-image-overlay-wrap'><img decoding=\"async\" class='wp-image-48042 avia-img-lazy-loading-not-48042 avia_image' src=\"https:\/\/radiorevelacionfm.cl\/wp-content\/uploads\/2024\/11\/foto-1-2-2_optimized.jpeg\" alt='' title='foto-1-(2)-2_optimized' height=\"600\" width=\"800\"  itemprop=\"thumbnailUrl\" srcset=\"https:\/\/radiorevelacionfm.cl\/wp-content\/uploads\/2024\/11\/foto-1-2-2_optimized.jpeg 800w, https:\/\/radiorevelacionfm.cl\/wp-content\/uploads\/2024\/11\/foto-1-2-2_optimized-300x225.jpeg 300w, https:\/\/radiorevelacionfm.cl\/wp-content\/uploads\/2024\/11\/foto-1-2-2_optimized-768x576.jpeg 768w, https:\/\/radiorevelacionfm.cl\/wp-content\/uploads\/2024\/11\/foto-1-2-2_optimized-705x529.jpeg 705w, https:\/\/radiorevelacionfm.cl\/wp-content\/uploads\/2024\/11\/foto-1-2-2_optimized-450x338.jpeg 450w, https:\/\/radiorevelacionfm.cl\/wp-content\/uploads\/2024\/11\/foto-1-2-2_optimized-600x450.jpeg 600w\" sizes=\"(max-width: 800px) 100vw, 800px\" \/><\/div><\/div><\/div><\/div><div class=\"flex_column av_one_full  flex_column_div av-zero-column-padding first  avia-builder-el-2  el_after_av_one_full  el_before_av_one_full  column-top-margin\" style='border-radius:0px; '><section class=\"av_textblock_section \"  itemscope=\"itemscope\" itemtype=\"https:\/\/schema.org\/BlogPosting\" itemprop=\"blogPost\" ><div class='avia_textblock  '   itemprop=\"text\" ><p style=\"text-align: center;\"><span style=\"font-size: 18pt;\"><b>Inauguran mejoras en infraestructura para la Posta de Salud Rural de Caleta Tortel<\/b><\/span><\/p>\n<div id=\"gtx-trans\" style=\"position: absolute; left: -50px; top: 4.31534px;\">\n<div class=\"gtx-trans-icon\"><\/div>\n<\/div>\n<\/div><\/section><\/div><div class=\"flex_column av_one_full  flex_column_div av-zero-column-padding first  avia-builder-el-4  el_after_av_one_full  el_before_av_hr  column-top-margin\" style='border-radius:0px; '><section class=\"av_textblock_section \"  itemscope=\"itemscope\" itemtype=\"https:\/\/schema.org\/BlogPosting\" itemprop=\"blogPost\" ><div class='avia_textblock  '   itemprop=\"text\" ><p style=\"text-align: justify;\"><em>Las obras representaron una inversi\u00f3n cercana a los 35 millones de pesos y fueron realizadas en madera de coig\u00fce y cipr\u00e9s, respetando la identidad arquitect\u00f3nica de la comuna.<\/em><\/p>\n<p style=\"text-align: justify;\">En una emotiva ceremonia realizada en Caleta Tortel, autoridades locales, equipos de salud y la comunidad inauguraron una serie de mejoras en la infraestructura de la Posta de Salud Rural (PSR). Las obras incluyen una rampa para ambulancias, techumbre para resguardar el veh\u00edculo, una le\u00f1era y una calle de servicio para el nicho de gas, construcciones que mejoran las condiciones de atenci\u00f3n y traslado de las usuarias y usuarios de la localidad.<\/p>\n<p style=\"text-align: justify;\">\u201cAlegr\u00eda, obviamente, por estar inaugurando estas obras que solicitamos como comunidad hace ya bastante tiempo y que, gracias a las gestiones y coordinaciones entre la comunidad, el servicio y la direcci\u00f3n del hospital, hemos logrado concretar. As\u00ed que estamos muy contentos por este desenlace\u201d, dijo Alejandro Moreno, presidente del Consejo de Salud de la PSR.<\/p>\n<p style=\"text-align: justify;\">Por su parte, Miriam Navarrete, directora del Hospital de Cochrane, valor\u00f3 el impacto de estas mejoras en la calidad de atenci\u00f3n. \u00abLa rampa de la ambulancia para poder salir con los pacientes desde el \u00e1rea de urgencias, la techumbre para la ambulancia y una le\u00f1era para acopiar el material de calefacci\u00f3n, son parte de estas obras que hoy inauguramos con gran satisfacci\u00f3n. Estamos muy contentos de estar aqu\u00ed en Tortel, junto al equipo de salud, las autoridades locales y el director del Servicio, para hacer entrega oficial de estas importantes mejoras\u201d, expres\u00f3.<\/p>\n<p style=\"text-align: justify;\">En esa misma l\u00ednea, el director de la Red Asistencial del Servicio de Salud Ays\u00e9n, Juan Pablo Bravo Quintana, destac\u00f3 que la le\u00f1era podr\u00eda tener un uso adicional en el futuro: \u201cest\u00e1 le\u00f1era, a corto plazo, tambi\u00e9n podr\u00e1 ser \u00fatil para la comunidad, ya que estamos trabajando en un proyecto para habilitarlo como una sala multiusos. Este espacio permitir\u00e1 brindar atenci\u00f3n y ser\u00e1 de gran beneficio para toda la comuna de Tortel\u201d acot\u00f3.<\/p>\n<p style=\"text-align: justify;\">El alcalde (s) de Caleta Tortel, Fernando Palacios, enfatiz\u00f3 la importancia de estas obras en la localidad. \u201cEstos son espacios que benefician a toda la comunidad, especialmente a una zona aislada como la nuestra. Todo mejoramiento es sinceramente agradecido, ya que demuestra consideraci\u00f3n y preocupaci\u00f3n por la salud y el bienestar de los habitantes de Tortel, lo cual nos llena de satisfacci\u00f3n\u201d, manifest\u00f3.<\/p>\n<p style=\"text-align: justify;\">Desde el equipo de la posta, Uberlinda Olivares, TENS de la PSR, valor\u00f3 el impacto directo en los usuarios: \u201cfelices con las mejoras de infraestructura, especialmente si beneficia directamente a nuestros usuarios. Esta rampa, junto con el techo, era muy anhelada, ya que antes deb\u00edamos trasladar a los pacientes expuestos a la intemperie y la lluvia, algo especialmente complicado en la localidad, porque llueve con frecuencia. Por eso, estas obras representan un beneficio directo para nuestra comunidad\u201d.<\/p>\n<p style=\"text-align: justify;\">La actividad cont\u00f3 con la presencia de la alcaldesa electa de la comuna, Marisela Jim\u00e9nez Cruces, quien reafirm\u00f3 su compromiso de colaborar estrechamente con el sector salud para promover el bienestar de la comunidad.<\/p>\n<p style=\"text-align: justify;\">Estas mejoras marcan un hito en la salud del sur de la regi\u00f3n, reafirmando el compromiso del Servicio de Salud Ays\u00e9n de garantizar atenciones m\u00e1s dignas, accesibles y oportunas en las zonas m\u00e1s apartadas de la regi\u00f3n.<\/p>\n<\/div><\/section><\/div><div  style='height:50px' class='hr hr-invisible   avia-builder-el-6  el_after_av_one_full  el_before_av_social_share '><span class='hr-inner ' ><span class='hr-inner-style'><\/span><\/span><\/div><\/p>\n<div  class='av-social-sharing-box  avia-builder-el-7  el_after_av_hr  el_before_av_hr  '><div class='av-share-box'><h5 class='av-share-link-description av-no-toc '>Compartir esta noticia<\/h5><ul class='av-share-box-list noLightbox'><li class='av-share-link av-social-link-facebook' ><a target=\"_blank\" aria-label=\"Compartir en Facebook\" href='https:\/\/www.facebook.com\/sharer.php?u=https:\/\/radiorevelacionfm.cl\/?p=48041&#038;t=Inauguran%20mejoras%20en%20infraestructura%20para%20la%20Posta%20de%20Salud%20Rural%20de%20Caleta%20Tortel' aria-hidden='false' data-av_icon='\ue8f3' data-av_iconfont='entypo-fontello' title='' data-avia-related-tooltip='Compartir en Facebook' rel=\"noopener\"><span class='avia_hidden_link_text'>Compartir en Facebook<\/span><\/a><\/li><li class='av-share-link av-social-link-twitter' ><a target=\"_blank\" aria-label=\"Compartir en Twitter\" href='https:\/\/twitter.com\/share?text=Inauguran%20mejoras%20en%20infraestructura%20para%20la%20Posta%20de%20Salud%20Rural%20de%20Caleta%20Tortel&#038;url=https:\/\/radiorevelacionfm.cl\/?p=48041' aria-hidden='false' data-av_icon='\ue8f1' data-av_iconfont='entypo-fontello' title='' data-avia-related-tooltip='Compartir en Twitter' rel=\"noopener\"><span class='avia_hidden_link_text'>Compartir en Twitter<\/span><\/a><\/li><li class='av-share-link av-social-link-whatsapp' ><a target=\"_blank\" aria-label=\"Compartir en Whatsapp\" href='https:\/\/api.whatsapp.com\/send?text=https:\/\/radiorevelacionfm.cl\/?p=48041' aria-hidden='false' data-av_icon='\uf232' data-av_iconfont='entypo-fontello' title='' data-avia-related-tooltip='Compartir en Whatsapp' rel=\"noopener\"><span class='avia_hidden_link_text'>Compartir en Whatsapp<\/span><\/a><\/li><li class='av-share-link av-social-link-linkedin' ><a target=\"_blank\" aria-label=\"Compartir en LinkedIn\" href='https:\/\/linkedin.com\/shareArticle?mini=true&#038;title=Inauguran%20mejoras%20en%20infraestructura%20para%20la%20Posta%20de%20Salud%20Rural%20de%20Caleta%20Tortel&#038;url=https:\/\/radiorevelacionfm.cl\/?p=48041' aria-hidden='false' data-av_icon='\ue8fc' data-av_iconfont='entypo-fontello' title='' data-avia-related-tooltip='Compartir en LinkedIn' rel=\"noopener\"><span class='avia_hidden_link_text'>Compartir en LinkedIn<\/span><\/a><\/li><li class='av-share-link av-social-link-mail' ><a  aria-label=\"Compartir por correo\" href='mailto:?subject=Inauguran%20mejoras%20en%20infraestructura%20para%20la%20Posta%20de%20Salud%20Rural%20de%20Caleta%20Tortel&#038;body=https:\/\/radiorevelacionfm.cl\/?p=48041' aria-hidden='false' data-av_icon='\ue805' data-av_iconfont='entypo-fontello' title='' data-avia-related-tooltip='Compartir por correo'><span class='avia_hidden_link_text'>Compartir por correo<\/span><\/a><\/li><\/ul><\/div><\/div>\n<div  style='height:50px' class='hr hr-invisible   avia-builder-el-8  el_after_av_social_share  el_before_av_comments_list '><span class='hr-inner ' ><span class='hr-inner-style'><\/span><\/span><\/div>\n<div  class='av-buildercomment  av-blog-meta-html-info-disabled av-blog-meta-tag-disabled  '><\/div>\n","protected":false},"excerpt":{"rendered":"","protected":false},"author":1,"featured_media":48042,"comment_status":"open","ping_status":"open","sticky":false,"template":"","format":"standard","meta":{"footnotes":""},"categories":[46],"tags":[],"class_list":["post-48041","post","type-post","status-publish","format-standard","has-post-thumbnail","hentry","category-salud"],"jetpack_featured_media_url":"https:\/\/radiorevelacionfm.cl\/wp-content\/uploads\/2024\/11\/foto-1-2-2_optimized.jpeg","_links":{"self":[{"href":"https:\/\/radiorevelacionfm.cl\/index.php?rest_route=\/wp\/v2\/posts\/48041","targetHints":{"allow":["GET"]}}],"collection":[{"href":"https:\/\/radiorevelacionfm.cl\/index.php?rest_route=\/wp\/v2\/posts"}],"about":[{"href":"https:\/\/radiorevelacionfm.cl\/index.php?rest_route=\/wp\/v2\/types\/post"}],"author":[{"embeddable":true,"href":"https:\/\/radiorevelacionfm.cl\/index.php?rest_route=\/wp\/v2\/users\/1"}],"replies":[{"embeddable":true,"href":"https:\/\/radiorevelacionfm.cl\/index.php?rest_route=%2Fwp%2Fv2%2Fcomments&post=48041"}],"version-history":[{"count":1,"href":"https:\/\/radiorevelacionfm.cl\/index.php?rest_route=\/wp\/v2\/posts\/48041\/revisions"}],"predecessor-version":[{"id":48043,"href":"https:\/\/radiorevelacionfm.cl\/index.php?rest_route=\/wp\/v2\/posts\/48041\/revisions\/48043"}],"wp:featuredmedia":[{"embeddable":true,"href":"https:\/\/radiorevelacionfm.cl\/index.php?rest_route=\/wp\/v2\/media\/48042"}],"wp:attachment":[{"href":"https:\/\/radiorevelacionfm.cl\/index.php?rest_route=%2Fwp%2Fv2%2Fmedia&parent=48041"}],"wp:term":[{"taxonomy":"category","embeddable":true,"href":"https:\/\/radiorevelacionfm.cl\/index.php?rest_route=%2Fwp%2Fv2%2Fcategories&post=48041"},{"taxonomy":"post_tag","embeddable":true,"href":"https:\/\/radiorevelacionfm.cl\/index.php?rest_route=%2Fwp%2Fv2%2Ftags&post=48041"}],"curies":[{"name":"wp","href":"https:\/\/api.w.org\/{rel}","templated":true}]}}