{"id":48038,"date":"2024-11-17T17:14:13","date_gmt":"2024-11-17T20:14:13","guid":{"rendered":"https:\/\/radiorevelacionfm.cl\/?p=48038"},"modified":"2024-11-17T17:14:13","modified_gmt":"2024-11-17T20:14:13","slug":"minvu-entrego-terreno-para-iniciar-construccion-de-32-viviendas-para-familias-de-la-junta","status":"publish","type":"post","link":"https:\/\/radiorevelacionfm.cl\/?p=48038","title":{"rendered":"Minvu entreg\u00f3 terreno para iniciar construcci\u00f3n de 32 viviendas para familias de La Junta"},"content":{"rendered":"<div class=\"flex_column av_one_full  flex_column_div av-zero-column-padding first  avia-builder-el-0  el_before_av_one_full  avia-builder-el-first  \" style='border-radius:0px; '><div  class='avia-image-container  av-styling-    avia-builder-el-1  avia-builder-el-no-sibling  avia-align-center '  itemprop=\"image\" itemscope=\"itemscope\" itemtype=\"https:\/\/schema.org\/ImageObject\"  ><div class='avia-image-container-inner'><div class='avia-image-overlay-wrap'><img decoding=\"async\" class='wp-image-48039 avia-img-lazy-loading-not-48039 avia_image' src=\"https:\/\/radiorevelacionfm.cl\/wp-content\/uploads\/2024\/11\/familias-y-autoridades-celebran-inicio-de-ejecucion-de-proyecto-habitacional-en-la-junta-2_optimized.jpg\" alt='' title='familias-y-autoridades-celebran-inicio-de-ejecuci\u00f3n-de-proyecto-habitacional-en-la-junta-2_optimized' height=\"600\" width=\"900\"  itemprop=\"thumbnailUrl\" srcset=\"https:\/\/radiorevelacionfm.cl\/wp-content\/uploads\/2024\/11\/familias-y-autoridades-celebran-inicio-de-ejecucion-de-proyecto-habitacional-en-la-junta-2_optimized.jpg 900w, https:\/\/radiorevelacionfm.cl\/wp-content\/uploads\/2024\/11\/familias-y-autoridades-celebran-inicio-de-ejecucion-de-proyecto-habitacional-en-la-junta-2_optimized-300x200.jpg 300w, https:\/\/radiorevelacionfm.cl\/wp-content\/uploads\/2024\/11\/familias-y-autoridades-celebran-inicio-de-ejecucion-de-proyecto-habitacional-en-la-junta-2_optimized-768x512.jpg 768w, https:\/\/radiorevelacionfm.cl\/wp-content\/uploads\/2024\/11\/familias-y-autoridades-celebran-inicio-de-ejecucion-de-proyecto-habitacional-en-la-junta-2_optimized-705x470.jpg 705w, https:\/\/radiorevelacionfm.cl\/wp-content\/uploads\/2024\/11\/familias-y-autoridades-celebran-inicio-de-ejecucion-de-proyecto-habitacional-en-la-junta-2_optimized-450x300.jpg 450w, https:\/\/radiorevelacionfm.cl\/wp-content\/uploads\/2024\/11\/familias-y-autoridades-celebran-inicio-de-ejecucion-de-proyecto-habitacional-en-la-junta-2_optimized-600x400.jpg 600w\" sizes=\"(max-width: 900px) 100vw, 900px\" \/><\/div><\/div><\/div><\/div><div class=\"flex_column av_one_full  flex_column_div av-zero-column-padding first  avia-builder-el-2  el_after_av_one_full  el_before_av_one_full  column-top-margin\" style='border-radius:0px; '><section class=\"av_textblock_section \"  itemscope=\"itemscope\" itemtype=\"https:\/\/schema.org\/BlogPosting\" itemprop=\"blogPost\" ><div class='avia_textblock  '   itemprop=\"text\" ><p style=\"text-align: center;\"><strong><span style=\"font-size: 18pt;\">Minvu entreg\u00f3 terreno para iniciar construcci\u00f3n<\/span><\/strong><br \/>\n<strong><span style=\"font-size: 18pt;\">de 32 viviendas para familias de La Junta<\/span><\/strong><\/p>\n<div id=\"gtx-trans\" style=\"position: absolute; left: -50px; top: 4.31534px;\">\n<div class=\"gtx-trans-icon\"><\/div>\n<\/div>\n<\/div><\/section><\/div><div class=\"flex_column av_one_full  flex_column_div av-zero-column-padding first  avia-builder-el-4  el_after_av_one_full  el_before_av_hr  column-top-margin\" style='border-radius:0px; '><section class=\"av_textblock_section \"  itemscope=\"itemscope\" itemtype=\"https:\/\/schema.org\/BlogPosting\" itemprop=\"blogPost\" ><div class='avia_textblock  '   itemprop=\"text\" ><p style=\"text-align: justify;\">En un ambiente de mucha alegr\u00eda y emoci\u00f3n se concret\u00f3 recientemente el acto en que el Ministerio de Vivienda hizo entrega de terreno a la empresa de Marianela Lav\u00edn Acu\u00f1a para iniciar la construcci\u00f3n de 32 viviendas para las familias que integran el comit\u00e9 \u201cEl Encuentro\u201d de La Junta, localidad ubicada en el extremo norte de la regi\u00f3n de Ays\u00e9n.<\/p>\n<p style=\"text-align: justify;\">Se trat\u00f3 de un momento muy esperado por el grupo de familias que durante m\u00e1s de diez a\u00f1os de trabajo debi\u00f3 superar diferentes dificultades, hasta lograr la compra del terreno, la obtenci\u00f3n de los subsidios y recursos extraordinarios del Minvu que hicieron posible la reciente contrataci\u00f3n de la empresa MLC limitada, la que en los pr\u00f3ximos d\u00edas comenzar\u00e1 con la esperada ejecuci\u00f3n del proyecto.<\/p>\n<p style=\"text-align: justify;\">Cabe consignar que durante todo el proceso los dirigentes y familias fueron asesorados y apoyados por el Serviu y por la Entidad Patrocinante de la ilustre municipalidad de Cisnes, adem\u00e1s de diferentes autoridades que acompa\u00f1aron al comit\u00e9 durante la firma de las actas de entrega de terreno.<\/p>\n<p style=\"text-align: justify;\">La Seremi de Vivienda y Urbanismo, Paulina Ruz Delf\u00edn, indic\u00f3 que este grupo de familias es un claro ejemplo de que el trabajo, la perseverancia y el esfuerzo rinden los frutos esperados. \u201cEs un comit\u00e9 que estamos acompa\u00f1ando desde el inicio de este Gobierno, reunimos los recursos, juntamos financiamiento, hicimos gestiones en el nivel central y esto permiti\u00f3 que en el a\u00f1o 2022 se hiciera un llamado especial que inclu\u00eda tambi\u00e9n en este caso la compra del terreno. As\u00ed logramos beneficiar a estas 32 familias que contribuyen tambi\u00e9n con nuestro Plan de Emergencia Habitacional, que a la fecha lleva m\u00e1s del 70% de avance, pero no solo ellos, sino que tambi\u00e9n simboliza que el resto de las comunas que son m\u00e1s peque\u00f1as, donde hay sectores rurales, tambi\u00e9n tienen derecho a poder optar a su casa propia\u201d, afirm\u00f3.<\/p>\n<p style=\"text-align: justify;\">De igual forma, la Presidenta del Comit\u00e9 El Encuentro, Cristina Mu\u00f1oz, expres\u00f3 su alegr\u00eda al ver que est\u00e1n dando un paso tan relevante en el camino que los conduce hasta su vivienda definitiva. \u201cS\u00ed, la verdad estamos muy, muy contentos, hay emociones encontradas, ilusiones, sue\u00f1os que se concretan. Es maravilloso ver ya un paso mucho m\u00e1s concreto, ya estos movimientos de terreno, esto es construcci\u00f3n de casa, y ser testigos de eso igual es hermoso. As\u00ed que estamos muy contentos del apoyo de todas las autoridades, como el senador Sandoval, nuestra entidad patrocinante, el municipio, nuestra Seremi Paulina Ruz, que siempre ha estado dispuesta a atender nuestras inquietudes, as\u00ed que muy felices por esta celebraci\u00f3n y a seguir adelante, ya que hay m\u00e1s retos y m\u00e1s cosas que queremos\u201d, precis\u00f3.<\/p>\n<p style=\"text-align: justify;\">El alcalde de la comuna de Cisnes, Francisco Roncagliolo, destac\u00f3 el compromiso, el apoyo y el aporte de los diferentes actores involucrados, lo que sin duda ha sido fundamental para sacar el proyecto adelante. \u201cSon a\u00f1os de trabajo, efectivamente, Y una de las cosas importantes y relevantes ac\u00e1 es que el trabajo colaborativo ha dado los frutos. Ac\u00e1 no solamente es el municipio que lleva adelante los proyectos, los dise\u00f1a, va resolviendo las distintas cosas, sino que tambi\u00e9n se necesitan gestos pol\u00edticos para poder avanzar y para nosotros ha sido importante el trabajo con el Minvu, con el Serviu, con el senador y otros actores m\u00e1s que han estado siempre presentes, como los dirigentes del comit\u00e9. Y lo importante hoy es que con esta entrega de terreno ya decimos por fin, por fin se va a avanzar, se va a construir, vamos a empezar a mirar y a ver lo que significa cumplir este sue\u00f1o\u201d, manifest\u00f3.<\/p>\n<p style=\"text-align: justify;\">El senador David Sandoval expres\u00f3 tambi\u00e9n su alegr\u00eda de ver que el proceso sigue avanzando y ya est\u00e1 m\u00e1s cerca el momento en que las familias tendr\u00e1n en su mano las llaves de su casa propia. \u201cImag\u00ednate, estas 32 familias, el sue\u00f1o de tanta gente que hay detr\u00e1s de cada una de ellas, en realidad es tan distinto desde el punto de vista humano, social, gente que vive de allegado, de arrendatario, que se las ha tenido que arreglar, matrimonios j\u00f3venes, gente mayor igual. La empresa que lo va a realizar es muy responsable, la Municipalidad de Cisnes ha tenido una tremenda labor y tengo que destacar de la misma manera el trabajo del equipo t\u00e9cnico del SERVIU y de la Seremi de Vivienda, porque esto es parte del Plan de Emergencia Habitacional y yo felicito el trabajo que est\u00e1 haciendo el sector vivienda, la Seremi Paulina Ruz, en nuestra regi\u00f3n, porque hay un trabajo comprometido y nos alegramos de eso\u201d, concluy\u00f3.<\/p>\n<p style=\"text-align: justify;\">La construcci\u00f3n del proyecto habitacional para el comit\u00e9 \u201cEl Encuentro\u201d de la Junta tiene un plazo de ejecuci\u00f3n de 510 d\u00edas corridos y considera una inversi\u00f3n que bordea los 3 mil 200 millones de pesos, lo que permitir\u00e1 entregar viviendas de gran calidad y seguridad, con altos niveles de aislaci\u00f3n t\u00e9rmica y eficiencia energ\u00e9tica, incluyendo urbanizaci\u00f3n y m\u00e1s mil 200 metros cuadrados de \u00e1reas verdes para los futuros vecinos.<\/p>\n<\/div><\/section><\/div><div  style='height:50px' class='hr hr-invisible   avia-builder-el-6  el_after_av_one_full  el_before_av_social_share '><span class='hr-inner ' ><span class='hr-inner-style'><\/span><\/span><\/div><\/p>\n<div  class='av-social-sharing-box  avia-builder-el-7  el_after_av_hr  el_before_av_hr  '><div class='av-share-box'><h5 class='av-share-link-description av-no-toc '>Compartir esta noticia<\/h5><ul class='av-share-box-list noLightbox'><li class='av-share-link av-social-link-facebook' ><a target=\"_blank\" aria-label=\"Compartir en Facebook\" href='https:\/\/www.facebook.com\/sharer.php?u=https:\/\/radiorevelacionfm.cl\/?p=48038&#038;t=Minvu%20entreg%C3%B3%20terreno%20para%20iniciar%20construcci%C3%B3n%20de%2032%20viviendas%20para%20familias%20de%20La%20Junta' aria-hidden='false' data-av_icon='\ue8f3' data-av_iconfont='entypo-fontello' title='' data-avia-related-tooltip='Compartir en Facebook' rel=\"noopener\"><span class='avia_hidden_link_text'>Compartir en Facebook<\/span><\/a><\/li><li class='av-share-link av-social-link-twitter' ><a target=\"_blank\" aria-label=\"Compartir en Twitter\" href='https:\/\/twitter.com\/share?text=Minvu%20entreg%C3%B3%20terreno%20para%20iniciar%20construcci%C3%B3n%20de%2032%20viviendas%20para%20familias%20de%20La%20Junta&#038;url=https:\/\/radiorevelacionfm.cl\/?p=48038' aria-hidden='false' data-av_icon='\ue8f1' data-av_iconfont='entypo-fontello' title='' data-avia-related-tooltip='Compartir en Twitter' rel=\"noopener\"><span class='avia_hidden_link_text'>Compartir en Twitter<\/span><\/a><\/li><li class='av-share-link av-social-link-whatsapp' ><a target=\"_blank\" aria-label=\"Compartir en Whatsapp\" href='https:\/\/api.whatsapp.com\/send?text=https:\/\/radiorevelacionfm.cl\/?p=48038' aria-hidden='false' data-av_icon='\uf232' data-av_iconfont='entypo-fontello' title='' data-avia-related-tooltip='Compartir en Whatsapp' rel=\"noopener\"><span class='avia_hidden_link_text'>Compartir en Whatsapp<\/span><\/a><\/li><li class='av-share-link av-social-link-linkedin' ><a target=\"_blank\" aria-label=\"Compartir en LinkedIn\" href='https:\/\/linkedin.com\/shareArticle?mini=true&#038;title=Minvu%20entreg%C3%B3%20terreno%20para%20iniciar%20construcci%C3%B3n%20de%2032%20viviendas%20para%20familias%20de%20La%20Junta&#038;url=https:\/\/radiorevelacionfm.cl\/?p=48038' aria-hidden='false' data-av_icon='\ue8fc' data-av_iconfont='entypo-fontello' title='' data-avia-related-tooltip='Compartir en LinkedIn' rel=\"noopener\"><span class='avia_hidden_link_text'>Compartir en LinkedIn<\/span><\/a><\/li><li class='av-share-link av-social-link-mail' ><a  aria-label=\"Compartir por correo\" href='mailto:?subject=Minvu%20entreg%C3%B3%20terreno%20para%20iniciar%20construcci%C3%B3n%20de%2032%20viviendas%20para%20familias%20de%20La%20Junta&#038;body=https:\/\/radiorevelacionfm.cl\/?p=48038' aria-hidden='false' data-av_icon='\ue805' data-av_iconfont='entypo-fontello' title='' data-avia-related-tooltip='Compartir por correo'><span class='avia_hidden_link_text'>Compartir por correo<\/span><\/a><\/li><\/ul><\/div><\/div>\n<div  style='height:50px' class='hr hr-invisible   avia-builder-el-8  el_after_av_social_share  el_before_av_comments_list '><span class='hr-inner ' ><span class='hr-inner-style'><\/span><\/span><\/div>\n<div  class='av-buildercomment  av-blog-meta-html-info-disabled av-blog-meta-tag-disabled  '><\/div>\n","protected":false},"excerpt":{"rendered":"","protected":false},"author":1,"featured_media":48039,"comment_status":"open","ping_status":"open","sticky":false,"template":"","format":"standard","meta":{"footnotes":""},"categories":[57],"tags":[],"class_list":["post-48038","post","type-post","status-publish","format-standard","has-post-thumbnail","hentry","category-vivienda"],"jetpack_featured_media_url":"https:\/\/radiorevelacionfm.cl\/wp-content\/uploads\/2024\/11\/familias-y-autoridades-celebran-inicio-de-ejecucion-de-proyecto-habitacional-en-la-junta-2_optimized.jpg","_links":{"self":[{"href":"https:\/\/radiorevelacionfm.cl\/index.php?rest_route=\/wp\/v2\/posts\/48038","targetHints":{"allow":["GET"]}}],"collection":[{"href":"https:\/\/radiorevelacionfm.cl\/index.php?rest_route=\/wp\/v2\/posts"}],"about":[{"href":"https:\/\/radiorevelacionfm.cl\/index.php?rest_route=\/wp\/v2\/types\/post"}],"author":[{"embeddable":true,"href":"https:\/\/radiorevelacionfm.cl\/index.php?rest_route=\/wp\/v2\/users\/1"}],"replies":[{"embeddable":true,"href":"https:\/\/radiorevelacionfm.cl\/index.php?rest_route=%2Fwp%2Fv2%2Fcomments&post=48038"}],"version-history":[{"count":1,"href":"https:\/\/radiorevelacionfm.cl\/index.php?rest_route=\/wp\/v2\/posts\/48038\/revisions"}],"predecessor-version":[{"id":48040,"href":"https:\/\/radiorevelacionfm.cl\/index.php?rest_route=\/wp\/v2\/posts\/48038\/revisions\/48040"}],"wp:featuredmedia":[{"embeddable":true,"href":"https:\/\/radiorevelacionfm.cl\/index.php?rest_route=\/wp\/v2\/media\/48039"}],"wp:attachment":[{"href":"https:\/\/radiorevelacionfm.cl\/index.php?rest_route=%2Fwp%2Fv2%2Fmedia&parent=48038"}],"wp:term":[{"taxonomy":"category","embeddable":true,"href":"https:\/\/radiorevelacionfm.cl\/index.php?rest_route=%2Fwp%2Fv2%2Fcategories&post=48038"},{"taxonomy":"post_tag","embeddable":true,"href":"https:\/\/radiorevelacionfm.cl\/index.php?rest_route=%2Fwp%2Fv2%2Ftags&post=48038"}],"curies":[{"name":"wp","href":"https:\/\/api.w.org\/{rel}","templated":true}]}}