{"id":48034,"date":"2024-11-17T16:53:48","date_gmt":"2024-11-17T19:53:48","guid":{"rendered":"https:\/\/radiorevelacionfm.cl\/?p=48034"},"modified":"2024-11-17T16:53:48","modified_gmt":"2024-11-17T19:53:48","slug":"delegado-presidencial-regional-jorge-diaz-guzman-asumio-funciones-en-aysen","status":"publish","type":"post","link":"https:\/\/radiorevelacionfm.cl\/?p=48034","title":{"rendered":"Delegado Presidencial Regional Jorge D\u00edaz Guzm\u00e1n asumi\u00f3 funciones en Ays\u00e9n"},"content":{"rendered":"<div class=\"flex_column av_one_full  flex_column_div av-zero-column-padding first  avia-builder-el-0  el_before_av_one_full  avia-builder-el-first  \" style='border-radius:0px; '><div  class='avia-image-container  av-styling-    avia-builder-el-1  avia-builder-el-no-sibling  avia-align-center '  itemprop=\"image\" itemscope=\"itemscope\" itemtype=\"https:\/\/schema.org\/ImageObject\"  ><div class='avia-image-container-inner'><div class='avia-image-overlay-wrap'><img decoding=\"async\" class='wp-image-48035 avia-img-lazy-loading-not-48035 avia_image' src=\"https:\/\/radiorevelacionfm.cl\/wp-content\/uploads\/2024\/11\/WhatsApp-Image-2024-11-16-at-2.23.13-PM-2-2.jpeg\" alt='' title='WhatsApp Image 2024-11-16 at 2.23.13 PM-2-2' height=\"600\" width=\"1067\"  itemprop=\"thumbnailUrl\" srcset=\"https:\/\/radiorevelacionfm.cl\/wp-content\/uploads\/2024\/11\/WhatsApp-Image-2024-11-16-at-2.23.13-PM-2-2.jpeg 1067w, https:\/\/radiorevelacionfm.cl\/wp-content\/uploads\/2024\/11\/WhatsApp-Image-2024-11-16-at-2.23.13-PM-2-2-300x169.jpeg 300w, https:\/\/radiorevelacionfm.cl\/wp-content\/uploads\/2024\/11\/WhatsApp-Image-2024-11-16-at-2.23.13-PM-2-2-1030x579.jpeg 1030w, https:\/\/radiorevelacionfm.cl\/wp-content\/uploads\/2024\/11\/WhatsApp-Image-2024-11-16-at-2.23.13-PM-2-2-768x432.jpeg 768w, https:\/\/radiorevelacionfm.cl\/wp-content\/uploads\/2024\/11\/WhatsApp-Image-2024-11-16-at-2.23.13-PM-2-2-705x396.jpeg 705w, https:\/\/radiorevelacionfm.cl\/wp-content\/uploads\/2024\/11\/WhatsApp-Image-2024-11-16-at-2.23.13-PM-2-2-450x253.jpeg 450w, https:\/\/radiorevelacionfm.cl\/wp-content\/uploads\/2024\/11\/WhatsApp-Image-2024-11-16-at-2.23.13-PM-2-2-600x337.jpeg 600w\" sizes=\"(max-width: 1067px) 100vw, 1067px\" \/><\/div><\/div><\/div><\/div><div class=\"flex_column av_one_full  flex_column_div av-zero-column-padding first  avia-builder-el-2  el_after_av_one_full  el_before_av_one_full  column-top-margin\" style='border-radius:0px; '><section class=\"av_textblock_section \"  itemscope=\"itemscope\" itemtype=\"https:\/\/schema.org\/BlogPosting\" itemprop=\"blogPost\" ><div class='avia_textblock  '   itemprop=\"text\" ><p style=\"text-align: center;\"><span style=\"font-size: 18pt;\"><b>Delegado Presidencial Regional Jorge D\u00edaz Guzm\u00e1n asumi\u00f3 funciones en Ays\u00e9n<\/b><\/span><\/p>\n<div id=\"gtx-trans\" style=\"position: absolute; left: -50px; top: 4.31534px;\">\n<div class=\"gtx-trans-icon\"><\/div>\n<\/div>\n<\/div><\/section><\/div><div class=\"flex_column av_one_full  flex_column_div av-zero-column-padding first  avia-builder-el-4  el_after_av_one_full  el_before_av_hr  column-top-margin\" style='border-radius:0px; '><section class=\"av_textblock_section \"  itemscope=\"itemscope\" itemtype=\"https:\/\/schema.org\/BlogPosting\" itemprop=\"blogPost\" ><div class='avia_textblock  '   itemprop=\"text\" ><p style=\"text-align: justify;\">Agradeciendo la confianza del Presidente Gabriel Boric Font, este s\u00e1bado asumi\u00f3 formalmente funciones el Delegado Presidencial Regional de Ays\u00e9n, Jorge D\u00edaz Guzm\u00e1n.<\/p>\n<p style=\"text-align: justify;\">\u201cManifestar mi orgullo y gran honor de representar al Presidente de la Rep\u00fablica, Gabriel Boric, en la Regi\u00f3n de Ays\u00e9n, y asumir la responsabilidad de liderar el equipo de Gobierno, junto a los partidos de la coalici\u00f3n -como siempre lo he hecho- con transparencia, y colocando de manera prioritaria los intereses de las personas que viven en los distintos territorios nuestra regi\u00f3n, con los dirigentes sociales, con los dirigentes del sector productivo y trabajando para que las pol\u00edticas p\u00fablicas de nuestro gobierno lleguen a todos los habitantes de Ays\u00e9n sin excepci\u00f3n\u201d, indic\u00f3 en sus primeras declaraciones.<\/p>\n<p style=\"text-align: justify;\">Hasta su nombramiento, Jorge D\u00edaz Guzm\u00e1n se desempe\u00f1aba como delegado presidencial provincial de Ays\u00e9n, ha trabajado en medios de comunicaci\u00f3n regionales, form\u00f3 parte de Comit\u00e9s de Integraci\u00f3n chileno-argentino, fue jefe de gabinete de intendentes de la regi\u00f3n, consejero regional y seremi de Gobierno.<\/p>\n<p style=\"text-align: justify;\">Su primera actividad oficial est\u00e1 considerada para este lunes 18 de noviembre, con un Gabinete Regional, que reunir\u00e1 los delegados presidenciales provinciales y secretarios regionales ministeriales, en torno a la agenda de gobierno en la Regi\u00f3n de Ays\u00e9n.<\/p>\n<p style=\"text-align: justify;\">Tras el traspaso de funciones, Rodrigo Araya Morales agradeci\u00f3 tambi\u00e9n la confianza del Presidente Boric y deseo una buena gesti\u00f3n al nuevo Delegado Presidencial Regional de Ays\u00e9n junto a su Gabinete Regional.<\/p>\n<p style=\"text-align: justify;\">\u00abLo primero es agradecer la confianza del Presidente Gabriel Boric y haber podido trabajar estos a\u00f1os en este gobierno. Nuestro convencimiento siempre fue trabajar por las personas y comunidades con equidad territorial. Tenemos desaf\u00edos por delante, sin lugar a dudas, y yo seguir\u00e9 comprometido con el trabajo con las comunidades, con las familias de nuestra regi\u00f3n, en el lugar en que me corresponda estar, as\u00ed es que much\u00edsimas gracias a todos por su colaboraci\u00f3n\u00bb, concluy\u00f3.<\/p>\n<\/div><\/section><\/div><div  style='height:50px' class='hr hr-invisible   avia-builder-el-6  el_after_av_one_full  el_before_av_social_share '><span class='hr-inner ' ><span class='hr-inner-style'><\/span><\/span><\/div><\/p>\n<div  class='av-social-sharing-box  avia-builder-el-7  el_after_av_hr  el_before_av_hr  '><div class='av-share-box'><h5 class='av-share-link-description av-no-toc '>Compartir esta noticia<\/h5><ul class='av-share-box-list noLightbox'><li class='av-share-link av-social-link-facebook' ><a target=\"_blank\" aria-label=\"Compartir en Facebook\" href='https:\/\/www.facebook.com\/sharer.php?u=https:\/\/radiorevelacionfm.cl\/?p=48034&#038;t=Delegado%20Presidencial%20Regional%20Jorge%20D%C3%ADaz%20Guzm%C3%A1n%20asumi%C3%B3%20funciones%20en%20Ays%C3%A9n' aria-hidden='false' data-av_icon='\ue8f3' data-av_iconfont='entypo-fontello' title='' data-avia-related-tooltip='Compartir en Facebook' rel=\"noopener\"><span class='avia_hidden_link_text'>Compartir en Facebook<\/span><\/a><\/li><li class='av-share-link av-social-link-twitter' ><a target=\"_blank\" aria-label=\"Compartir en Twitter\" href='https:\/\/twitter.com\/share?text=Delegado%20Presidencial%20Regional%20Jorge%20D%C3%ADaz%20Guzm%C3%A1n%20asumi%C3%B3%20funciones%20en%20Ays%C3%A9n&#038;url=https:\/\/radiorevelacionfm.cl\/?p=48034' aria-hidden='false' data-av_icon='\ue8f1' data-av_iconfont='entypo-fontello' title='' data-avia-related-tooltip='Compartir en Twitter' rel=\"noopener\"><span class='avia_hidden_link_text'>Compartir en Twitter<\/span><\/a><\/li><li class='av-share-link av-social-link-whatsapp' ><a target=\"_blank\" aria-label=\"Compartir en Whatsapp\" href='https:\/\/api.whatsapp.com\/send?text=https:\/\/radiorevelacionfm.cl\/?p=48034' aria-hidden='false' data-av_icon='\uf232' data-av_iconfont='entypo-fontello' title='' data-avia-related-tooltip='Compartir en Whatsapp' rel=\"noopener\"><span class='avia_hidden_link_text'>Compartir en Whatsapp<\/span><\/a><\/li><li class='av-share-link av-social-link-linkedin' ><a target=\"_blank\" aria-label=\"Compartir en LinkedIn\" href='https:\/\/linkedin.com\/shareArticle?mini=true&#038;title=Delegado%20Presidencial%20Regional%20Jorge%20D%C3%ADaz%20Guzm%C3%A1n%20asumi%C3%B3%20funciones%20en%20Ays%C3%A9n&#038;url=https:\/\/radiorevelacionfm.cl\/?p=48034' aria-hidden='false' data-av_icon='\ue8fc' data-av_iconfont='entypo-fontello' title='' data-avia-related-tooltip='Compartir en LinkedIn' rel=\"noopener\"><span class='avia_hidden_link_text'>Compartir en LinkedIn<\/span><\/a><\/li><li class='av-share-link av-social-link-mail' ><a  aria-label=\"Compartir por correo\" href='mailto:?subject=Delegado%20Presidencial%20Regional%20Jorge%20D%C3%ADaz%20Guzm%C3%A1n%20asumi%C3%B3%20funciones%20en%20Ays%C3%A9n&#038;body=https:\/\/radiorevelacionfm.cl\/?p=48034' aria-hidden='false' data-av_icon='\ue805' data-av_iconfont='entypo-fontello' title='' data-avia-related-tooltip='Compartir por correo'><span class='avia_hidden_link_text'>Compartir por correo<\/span><\/a><\/li><\/ul><\/div><\/div>\n<div  style='height:50px' class='hr hr-invisible   avia-builder-el-8  el_after_av_social_share  el_before_av_comments_list '><span class='hr-inner ' ><span class='hr-inner-style'><\/span><\/span><\/div>\n<div  class='av-buildercomment  av-blog-meta-html-info-disabled av-blog-meta-tag-disabled  '><\/div>\n","protected":false},"excerpt":{"rendered":"","protected":false},"author":1,"featured_media":48035,"comment_status":"open","ping_status":"open","sticky":false,"template":"","format":"standard","meta":{"footnotes":""},"categories":[38],"tags":[],"class_list":["post-48034","post","type-post","status-publish","format-standard","has-post-thumbnail","hentry","category-regional"],"jetpack_featured_media_url":"https:\/\/radiorevelacionfm.cl\/wp-content\/uploads\/2024\/11\/WhatsApp-Image-2024-11-16-at-2.23.13-PM-2-2.jpeg","_links":{"self":[{"href":"https:\/\/radiorevelacionfm.cl\/index.php?rest_route=\/wp\/v2\/posts\/48034","targetHints":{"allow":["GET"]}}],"collection":[{"href":"https:\/\/radiorevelacionfm.cl\/index.php?rest_route=\/wp\/v2\/posts"}],"about":[{"href":"https:\/\/radiorevelacionfm.cl\/index.php?rest_route=\/wp\/v2\/types\/post"}],"author":[{"embeddable":true,"href":"https:\/\/radiorevelacionfm.cl\/index.php?rest_route=\/wp\/v2\/users\/1"}],"replies":[{"embeddable":true,"href":"https:\/\/radiorevelacionfm.cl\/index.php?rest_route=%2Fwp%2Fv2%2Fcomments&post=48034"}],"version-history":[{"count":1,"href":"https:\/\/radiorevelacionfm.cl\/index.php?rest_route=\/wp\/v2\/posts\/48034\/revisions"}],"predecessor-version":[{"id":48037,"href":"https:\/\/radiorevelacionfm.cl\/index.php?rest_route=\/wp\/v2\/posts\/48034\/revisions\/48037"}],"wp:featuredmedia":[{"embeddable":true,"href":"https:\/\/radiorevelacionfm.cl\/index.php?rest_route=\/wp\/v2\/media\/48035"}],"wp:attachment":[{"href":"https:\/\/radiorevelacionfm.cl\/index.php?rest_route=%2Fwp%2Fv2%2Fmedia&parent=48034"}],"wp:term":[{"taxonomy":"category","embeddable":true,"href":"https:\/\/radiorevelacionfm.cl\/index.php?rest_route=%2Fwp%2Fv2%2Fcategories&post=48034"},{"taxonomy":"post_tag","embeddable":true,"href":"https:\/\/radiorevelacionfm.cl\/index.php?rest_route=%2Fwp%2Fv2%2Ftags&post=48034"}],"curies":[{"name":"wp","href":"https:\/\/api.w.org\/{rel}","templated":true}]}}