{"id":48031,"date":"2024-11-17T16:42:00","date_gmt":"2024-11-17T19:42:00","guid":{"rendered":"https:\/\/radiorevelacionfm.cl\/?p=48031"},"modified":"2024-11-17T16:42:00","modified_gmt":"2024-11-17T19:42:00","slug":"reforma-previsional-avanza-comision-de-trabajo-del-senado-aprueba-ad-referendum-reemplazo-de-multifondos-por-fondos-generacionales","status":"publish","type":"post","link":"https:\/\/radiorevelacionfm.cl\/?p=48031","title":{"rendered":"Reforma previsional avanza: Comisi\u00f3n de Trabajo del Senado aprueba ad referendum reemplazo de multifondos por Fondos Generacionales"},"content":{"rendered":"<div class=\"flex_column av_one_full  flex_column_div av-zero-column-padding first  avia-builder-el-0  el_before_av_one_full  avia-builder-el-first  \" style='border-radius:0px; '><div  class='avia-image-container  av-styling-    avia-builder-el-1  avia-builder-el-no-sibling  avia-align-center '  itemprop=\"image\" itemscope=\"itemscope\" itemtype=\"https:\/\/schema.org\/ImageObject\"  ><div class='avia-image-container-inner'><div class='avia-image-overlay-wrap'><img decoding=\"async\" class='wp-image-48032 avia-img-lazy-loading-not-48032 avia_image' src=\"https:\/\/radiorevelacionfm.cl\/wp-content\/uploads\/2024\/11\/1311124-RP_CT-1-2-2.jpg\" alt='' title='1311124 RP_CT 1-2-2' height=\"600\" width=\"898\"  itemprop=\"thumbnailUrl\" srcset=\"https:\/\/radiorevelacionfm.cl\/wp-content\/uploads\/2024\/11\/1311124-RP_CT-1-2-2.jpg 898w, https:\/\/radiorevelacionfm.cl\/wp-content\/uploads\/2024\/11\/1311124-RP_CT-1-2-2-300x200.jpg 300w, https:\/\/radiorevelacionfm.cl\/wp-content\/uploads\/2024\/11\/1311124-RP_CT-1-2-2-768x513.jpg 768w, https:\/\/radiorevelacionfm.cl\/wp-content\/uploads\/2024\/11\/1311124-RP_CT-1-2-2-705x471.jpg 705w, https:\/\/radiorevelacionfm.cl\/wp-content\/uploads\/2024\/11\/1311124-RP_CT-1-2-2-450x301.jpg 450w, https:\/\/radiorevelacionfm.cl\/wp-content\/uploads\/2024\/11\/1311124-RP_CT-1-2-2-600x401.jpg 600w\" sizes=\"(max-width: 898px) 100vw, 898px\" \/><\/div><\/div><\/div><\/div><div class=\"flex_column av_one_full  flex_column_div av-zero-column-padding first  avia-builder-el-2  el_after_av_one_full  el_before_av_one_full  column-top-margin\" style='border-radius:0px; '><section class=\"av_textblock_section \"  itemscope=\"itemscope\" itemtype=\"https:\/\/schema.org\/BlogPosting\" itemprop=\"blogPost\" ><div class='avia_textblock  '   itemprop=\"text\" ><div class=\"v1gmail_default\" style=\"text-align: center;\"><span style=\"font-size: 18pt;\"><b>Reforma previsional avanza: Comisi\u00f3n de Trabajo del Senado aprueba\u00a0<i>ad referendum<\/i>\u00a0reemplazo de multifondos por Fondos Generacionales<\/b><\/span><\/div>\n<div id=\"gtx-trans\" style=\"position: absolute; left: -50px; top: 4.31534px;\">\n<div class=\"gtx-trans-icon\"><\/div>\n<\/div>\n<\/div><\/section><\/div><div class=\"flex_column av_one_full  flex_column_div av-zero-column-padding first  avia-builder-el-4  el_after_av_one_full  el_before_av_hr  column-top-margin\" style='border-radius:0px; '><section class=\"av_textblock_section \"  itemscope=\"itemscope\" itemtype=\"https:\/\/schema.org\/BlogPosting\" itemprop=\"blogPost\" ><div class='avia_textblock  '   itemprop=\"text\" ><p class=\"v1MsoNormal\" style=\"text-align: justify;\"><i>Adem\u00e1s, el Ejecutivo culmin\u00f3 la exposici\u00f3n de los cambios al r\u00e9gimen de inversi\u00f3n y present\u00f3 las modificaciones propuestas a las llamadas comisiones indirectas.\u00a0<\/i><i><\/i><\/p>\n<p class=\"v1MsoNormal\" style=\"text-align: justify;\">Este mi\u00e9rcoles 13 de noviembre la Comisi\u00f3n de Trabajo y Previsi\u00f3n Social del Senado aprob\u00f3,\u00a0<i>ad referendum<\/i>, transitar desde el actual esquema de Multifondos a uno de Fondos Generacionales, propuesta que est\u00e1 incorporada en la reforma previsional que present\u00f3 el Gobierno.<\/p>\n<p class=\"v1MsoNormal\" style=\"text-align: justify;\">Por otro lado, el Ejecutivo culmin\u00f3 con la exposici\u00f3n de los cambios al r\u00e9gimen de inversi\u00f3n y present\u00f3 las modificaciones propuestas a las llamadas comisiones indirectas, que se cobran con cargo a los fondos de pensiones.<\/p>\n<p class=\"v1MsoNormal\" style=\"text-align: justify;\">Tras la sesi\u00f3n, la ministra del Trabajo y Previsi\u00f3n Social, Jeannette Jara, valor\u00f3 el respaldo a la propuesta y explic\u00f3 que el sistema de Fondos Generacionales \u00ablo que hace es que los fondos de los afiliados se van a establecer en base a un sistema en el cual mientras m\u00e1s j\u00f3venes las personas, m\u00e1s exposici\u00f3n al riesgo es la inversi\u00f3n para obtener mejores rentabilidades, pero que se van transformando durante el transcurso de los a\u00f1os a un r\u00e9gimen m\u00e1s conservador, para dar mayores garant\u00edas cuando se est\u00e1 cerca de la jubilaci\u00f3n\u00bb.<\/p>\n<p class=\"v1MsoNormal\" style=\"text-align: justify;\">La autoridad, que estuvo acompa\u00f1ada por el subsecretario de Previsi\u00f3n Social, Claudio Reyes, y el superintendente de Pensiones, Osvaldo Mac\u00edas, agreg\u00f3\u00a0 que el paso a los Fondos Generacionales permitir\u00e1 evitar el riesgo actual como, por ejemplo, que trabajadores j\u00f3venes se ubican en fondos conservadores, perdiendo la posibilidad de lograr una mayor rentabilidad, o que afiliados m\u00e1s pr\u00f3ximos a la edad de pensi\u00f3n se vean expuestos a p\u00e9rdidas por estar en fondos m\u00e1s riesgosos, las que no alcanzan a recuperar en tiempo oportuno.<\/p>\n<p class=\"v1MsoNormal\" style=\"text-align: justify;\">El subsecretario Reyes indic\u00f3 que \u00aben esta sesi\u00f3n hemos avanzado un paso m\u00e1s en este proceso de ir discutiendo una reforma del sistema de pensiones, en la Comisi\u00f3n de Trabajo del Senado. Hoy los Fondos Generacionales fueron aprobados\u00a0<i>ad refer\u00e9ndum<\/i>; tambi\u00e9n, resolvimos algunas dudas sobre el R\u00e9gimen de Inversiones y alcanzamos a iniciar la discusi\u00f3n sobre las llamadas comisiones indirectas de administraci\u00f3n de estos fondos\u00bb.<\/p>\n<p class=\"v1MsoNormal\" style=\"text-align: justify;\"><b><u>Ays\u00e9n: avances son valorados positivamente<\/u><\/b><\/p>\n<p class=\"v1MsoNormal\" style=\"text-align: justify;\">La Seremi de Trabajo y Previsi\u00f3n Social, Camila Covarrubias, valor\u00f3 positivamente los avances en el proyecto de ley, \u00abEste proyecto de ley no est\u00e1 ajeno a complejidades y debates en la opini\u00f3n p\u00fablica, pero debemos valorar la disposici\u00f3n al di\u00e1logo y a la apertura que hemos tenido para llegar a acuerdos en ciertos puntos, porque los pensionados ya no pueden seguir esperando, y ese sentido de urgencia lo debemos asumir como sociedad, debemos hacernos cargo entre todos y todas\u00bb, manifest\u00f3 la autoridad.<\/p>\n<p class=\"v1MsoNormal\" style=\"text-align: justify;\">\u00abLa propuesta de la reforma aprobada <i>ad referendum<\/i>\u00a0este mi\u00e9rcoles se suma a las cinco medidas que la Comisi\u00f3n de Trabajo del Senado ya hab\u00eda aprobado antes: la ampliaci\u00f3n del Seguro de Lagunas Previsionales del Seguro de Cesant\u00eda; el alza del tope imponible; mecanismos simplificados para la cotizaci\u00f3n de independientes voluntarios; la ampliaci\u00f3n del universo de afiliados voluntarios que podr\u00edan recibir el pago de cotizaciones por parte de un tercero y, por \u00faltimo, cambios a la cobranza previsional. Esperamos que se siga avanzando para continuar con el acuerdo pol\u00edtico, seg\u00fan el cual, en enero 2025 se deber\u00eda despachar este proyecto de ley desde el Senado a su tercer tr\u00e1mite en el Congreso. Ya han pasado tres intentos, tres Gobiernos y debemos lograr avances por el bien de nuestros pensionados que ven con ilusi\u00f3n una mejora en las bajas pensiones que actualmente reciben y que no les alcanza para vivir una verdadera jubilaci\u00f3n, luego de muchos a\u00f1os de trabajo\u00bb, detall\u00f3 la Seremi de Trabajo y Previsi\u00f3n Social, Camila Covarrubias.<\/p>\n<p class=\"v1MsoNormal\" style=\"text-align: justify;\"><b><u>Fondos Generacionales<\/u><\/b><u><\/u><\/p>\n<p class=\"v1MsoNormal\" style=\"text-align: justify;\">De acuerdo con la exposici\u00f3n del Ejecutivo, el sistema de multifondos, que opera desde 2002, en algunas oportunidades ha llevado a que las personas afiliadas tomen decisiones respecto de la selecci\u00f3n del fondo que las perjudican.<\/p>\n<p class=\"v1MsoNormal\" style=\"text-align: justify;\">Por ejemplo, en base a datos de la Superintendencia de Pensiones, personas afiliadas experimentan p\u00e9rdidas al intentar ganarle al mercado o tratar de seguirlo en una u otra direcci\u00f3n con informaci\u00f3n pasada. Como consecuencia de aquello, el 72,3% <span lang=\"ES\">del 1,8 mill\u00f3n de afiliados que efectuaron traspasos masivos entre marzo de 2014 y mayo de 2021, hubieran tenido un mejor desempe\u00f1o si, en vez de traspasar sus fondos, hubieran estado en el fondo que la normativa define por defecto para su edad.<\/span><\/p>\n<p class=\"v1MsoNormal\" style=\"text-align: justify;\">As\u00ed, el Gobierno propone en la reforma previsional transitar a un modelo de Fondos Generacionales, que consiste en instrumentos de ahorro para pensi\u00f3n que se estructuran en torno al concepto de ciclo de vida.<\/p>\n<p class=\"v1MsoNormal\" style=\"text-align: justify;\">Bajo este esquema, los afiliados que tienen un horizonte de pensi\u00f3n similar se agrupan en un mismo fondo.\u00a0Es decir, son asignados a un fondo seg\u00fan su fecha de pensi\u00f3n y sus ahorros previsionales son mantenidos en \u00e9l durante toda su etapa de acumulaci\u00f3n.<\/p>\n<p class=\"v1MsoNormal\" style=\"text-align: justify;\">En este sentido, el fondo generacional sigue un R\u00e9gimen de Inversi\u00f3n que va evolucionando, pasando desde una composici\u00f3n de las inversiones con mayor exposici\u00f3n a instrumentos de riesgo, conforme las personas que est\u00e1n en \u00e9l son m\u00e1s j\u00f3venes, a uno cada vez m\u00e1s conservador seg\u00fan se acercan a la edad de retiro. As\u00ed, los afiliados no requieren preocuparse de elegir el fondo adecuado, como en el esquema de multifondos, porque es el fondo el se adec\u00faa de acuerdo al ciclo de vida de quienes lo integran.<\/p>\n<p class=\"v1MsoNormal\" style=\"text-align: justify;\">La propuesta considera al menos la creaci\u00f3n de 10 fondos generacionales para la etapa activa, con generaciones agrupadas cada cinco a\u00f1os. Tambi\u00e9n incluye la generaci\u00f3n de fondos espec\u00edficos para la etapa de desacumulaci\u00f3n; es decir, en el per\u00edodo de jubilaci\u00f3n. Los l\u00edmites de inversi\u00f3n en ambos casos ser\u00e1n definidos en el R\u00e9gimen de Inversi\u00f3n del sistema.<\/p>\n<p class=\"v1MsoNormal\" style=\"text-align: justify;\"><b><u>R\u00e9gimen de inversi\u00f3n y comisiones indirectas<\/u><\/b><u><\/u><\/p>\n<p class=\"v1MsoNormal\" style=\"text-align: justify;\">Adem\u00e1s, el Ejecutivo culmin\u00f3 hoy la exposici\u00f3n de los cambios al R\u00e9gimen de Inversi\u00f3n, <span lang=\"ES-MX\">para lo cual la reforma propone una flexibilizaci\u00f3n en materia de l\u00edmites de inversi\u00f3n, otorgando mayores facultades para su definici\u00f3n y determinaci\u00f3n al R\u00e9gimen de Inversi\u00f3n<\/span>. Estas modificaciones persiguen como objetivos <span lang=\"ES-MX\">la construcci\u00f3n de portafolios con una mirada en el largo plazo por parte de los gestores; facilitar el acceso a mejores combinaciones de riesgo\/retorno, flexibilizando la regulaci\u00f3n de inversiones (mantener l\u00edmites relevantes en la ley, m\u00e1s la posibilidad de incorporar medidas de riesgo y carteras de referencia en el R\u00e9gimen de Inversi\u00f3n); y que la implementaci\u00f3n de los cambios se realice acotando el eventual impacto en los fondos.<\/span><\/p>\n<p class=\"v1MsoNormal\" style=\"text-align: justify;\">Por otro lado, se inici\u00f3 la discusi\u00f3n en torno a modificar la regulaci\u00f3n de las llamadas comisiones indirectas. De acuerdo con la exposici\u00f3n del Gobierno, es una pr\u00e1ctica habitual en la gesti\u00f3n de inversiones de fondos de pensiones invertir a trav\u00e9s de fondos administrados por especialistas en mercados o en tipos de activos que requieren conocimientos espec\u00edficos, con cargo a los mismos fondos invertidos de esta manera. En la actualidad, la ley permite invertir los ahorros de pensiones tanto en fondos locales como extranjeros.<\/p>\n<p class=\"v1MsoNormal\" style=\"text-align: justify;\">La reforma previsional, con el objetivo de limitar gastos excesivos de los Fondos de Pensiones, propone establecer un l\u00edmite general a las comisiones por medio del R\u00e9gimen de Inversi\u00f3n.<\/p>\n<p class=\"v1MsoNormal\" style=\"text-align: justify;\">De forma adicional, y para que los gestores asuman en forma directa la gesti\u00f3n de activos nacionales, en que tienen conocimiento, experiencia y acceso a informaci\u00f3n, se propone que la ley establezca que no se pueda pagar, con cargo a los fondos de pensiones, comisiones a veh\u00edculos de inversi\u00f3n o mandatarios que inviertan m\u00e1s de un 10% en instrumentos de emisores nacionales transables en mercados p\u00fablicos. Ello, sin embargo, no aplicar\u00eda a los activos alternativos, los cuales exigen conocimiento espec\u00edfico de gesti\u00f3n de empresas y gestores.<\/p>\n<p class=\"v1MsoNormal\" style=\"text-align: justify;\">Del mismo modo, los gestores deber\u00e1n enviar al afiliado informaci\u00f3n sobre las comisiones indirectas, en la forma y para los periodos que determine la Superintendencia de Pensiones mediante norma.<\/p>\n<\/div><\/section><\/div><div  style='height:50px' class='hr hr-invisible   avia-builder-el-6  el_after_av_one_full  el_before_av_social_share '><span class='hr-inner ' ><span class='hr-inner-style'><\/span><\/span><\/div><\/p>\n<div  class='av-social-sharing-box  avia-builder-el-7  el_after_av_hr  el_before_av_hr  '><div class='av-share-box'><h5 class='av-share-link-description av-no-toc '>Compartir esta noticia<\/h5><ul class='av-share-box-list noLightbox'><li class='av-share-link av-social-link-facebook' ><a target=\"_blank\" aria-label=\"Compartir en Facebook\" href='https:\/\/www.facebook.com\/sharer.php?u=https:\/\/radiorevelacionfm.cl\/?p=48031&#038;t=Reforma%20previsional%20avanza%3A%20Comisi%C3%B3n%20de%20Trabajo%20del%20Senado%20aprueba%20ad%20referendum%20reemplazo%20de%20multifondos%20por%20Fondos%20Generacionales' aria-hidden='false' data-av_icon='\ue8f3' data-av_iconfont='entypo-fontello' title='' data-avia-related-tooltip='Compartir en Facebook' rel=\"noopener\"><span class='avia_hidden_link_text'>Compartir en Facebook<\/span><\/a><\/li><li class='av-share-link av-social-link-twitter' ><a target=\"_blank\" aria-label=\"Compartir en Twitter\" href='https:\/\/twitter.com\/share?text=Reforma%20previsional%20avanza%3A%20Comisi%C3%B3n%20de%20Trabajo%20del%20Senado%20aprueba%20ad%20referendum%20reemplazo%20de%20multifondos%20por%20Fondos%20Generacionales&#038;url=https:\/\/radiorevelacionfm.cl\/?p=48031' aria-hidden='false' data-av_icon='\ue8f1' data-av_iconfont='entypo-fontello' title='' data-avia-related-tooltip='Compartir en Twitter' rel=\"noopener\"><span class='avia_hidden_link_text'>Compartir en Twitter<\/span><\/a><\/li><li class='av-share-link av-social-link-whatsapp' ><a target=\"_blank\" aria-label=\"Compartir en Whatsapp\" href='https:\/\/api.whatsapp.com\/send?text=https:\/\/radiorevelacionfm.cl\/?p=48031' aria-hidden='false' data-av_icon='\uf232' data-av_iconfont='entypo-fontello' title='' data-avia-related-tooltip='Compartir en Whatsapp' rel=\"noopener\"><span class='avia_hidden_link_text'>Compartir en Whatsapp<\/span><\/a><\/li><li class='av-share-link av-social-link-linkedin' ><a target=\"_blank\" aria-label=\"Compartir en LinkedIn\" href='https:\/\/linkedin.com\/shareArticle?mini=true&#038;title=Reforma%20previsional%20avanza%3A%20Comisi%C3%B3n%20de%20Trabajo%20del%20Senado%20aprueba%20ad%20referendum%20reemplazo%20de%20multifondos%20por%20Fondos%20Generacionales&#038;url=https:\/\/radiorevelacionfm.cl\/?p=48031' aria-hidden='false' data-av_icon='\ue8fc' data-av_iconfont='entypo-fontello' title='' data-avia-related-tooltip='Compartir en LinkedIn' rel=\"noopener\"><span class='avia_hidden_link_text'>Compartir en LinkedIn<\/span><\/a><\/li><li class='av-share-link av-social-link-mail' ><a  aria-label=\"Compartir por correo\" href='mailto:?subject=Reforma%20previsional%20avanza%3A%20Comisi%C3%B3n%20de%20Trabajo%20del%20Senado%20aprueba%20ad%20referendum%20reemplazo%20de%20multifondos%20por%20Fondos%20Generacionales&#038;body=https:\/\/radiorevelacionfm.cl\/?p=48031' aria-hidden='false' data-av_icon='\ue805' data-av_iconfont='entypo-fontello' title='' data-avia-related-tooltip='Compartir por correo'><span class='avia_hidden_link_text'>Compartir por correo<\/span><\/a><\/li><\/ul><\/div><\/div>\n<div  style='height:50px' class='hr hr-invisible   avia-builder-el-8  el_after_av_social_share  el_before_av_comments_list '><span class='hr-inner ' ><span class='hr-inner-style'><\/span><\/span><\/div>\n<div  class='av-buildercomment  av-blog-meta-html-info-disabled av-blog-meta-tag-disabled  '><\/div>\n","protected":false},"excerpt":{"rendered":"","protected":false},"author":1,"featured_media":48032,"comment_status":"open","ping_status":"open","sticky":false,"template":"","format":"standard","meta":{"footnotes":""},"categories":[56],"tags":[],"class_list":["post-48031","post","type-post","status-publish","format-standard","has-post-thumbnail","hentry","category-trabajo"],"jetpack_featured_media_url":"https:\/\/radiorevelacionfm.cl\/wp-content\/uploads\/2024\/11\/1311124-RP_CT-1-2-2.jpg","_links":{"self":[{"href":"https:\/\/radiorevelacionfm.cl\/index.php?rest_route=\/wp\/v2\/posts\/48031","targetHints":{"allow":["GET"]}}],"collection":[{"href":"https:\/\/radiorevelacionfm.cl\/index.php?rest_route=\/wp\/v2\/posts"}],"about":[{"href":"https:\/\/radiorevelacionfm.cl\/index.php?rest_route=\/wp\/v2\/types\/post"}],"author":[{"embeddable":true,"href":"https:\/\/radiorevelacionfm.cl\/index.php?rest_route=\/wp\/v2\/users\/1"}],"replies":[{"embeddable":true,"href":"https:\/\/radiorevelacionfm.cl\/index.php?rest_route=%2Fwp%2Fv2%2Fcomments&post=48031"}],"version-history":[{"count":1,"href":"https:\/\/radiorevelacionfm.cl\/index.php?rest_route=\/wp\/v2\/posts\/48031\/revisions"}],"predecessor-version":[{"id":48033,"href":"https:\/\/radiorevelacionfm.cl\/index.php?rest_route=\/wp\/v2\/posts\/48031\/revisions\/48033"}],"wp:featuredmedia":[{"embeddable":true,"href":"https:\/\/radiorevelacionfm.cl\/index.php?rest_route=\/wp\/v2\/media\/48032"}],"wp:attachment":[{"href":"https:\/\/radiorevelacionfm.cl\/index.php?rest_route=%2Fwp%2Fv2%2Fmedia&parent=48031"}],"wp:term":[{"taxonomy":"category","embeddable":true,"href":"https:\/\/radiorevelacionfm.cl\/index.php?rest_route=%2Fwp%2Fv2%2Fcategories&post=48031"},{"taxonomy":"post_tag","embeddable":true,"href":"https:\/\/radiorevelacionfm.cl\/index.php?rest_route=%2Fwp%2Fv2%2Ftags&post=48031"}],"curies":[{"name":"wp","href":"https:\/\/api.w.org\/{rel}","templated":true}]}}