{"id":48028,"date":"2024-11-17T16:15:48","date_gmt":"2024-11-17T19:15:48","guid":{"rendered":"https:\/\/radiorevelacionfm.cl\/?p=48028"},"modified":"2024-11-17T16:15:48","modified_gmt":"2024-11-17T19:15:48","slug":"aysen-se-despide-de-los-juegos-araucania-2024-una-gran-fiesta-deportiva-que-tuvo-una-organizacion-a-la-altura","status":"publish","type":"post","link":"https:\/\/radiorevelacionfm.cl\/?p=48028","title":{"rendered":"Ays\u00e9n se despide de los Juegos Araucan\u00eda 2024: Una gran fiesta deportiva que tuvo una organizaci\u00f3n a la altura"},"content":{"rendered":"<div class=\"flex_column av_one_full  flex_column_div av-zero-column-padding first  avia-builder-el-0  el_before_av_one_full  avia-builder-el-first  \" style='border-radius:0px; '><div  class='avia-image-container  av-styling-    avia-builder-el-1  avia-builder-el-no-sibling  avia-align-center '  itemprop=\"image\" itemscope=\"itemscope\" itemtype=\"https:\/\/schema.org\/ImageObject\"  ><div class='avia-image-container-inner'><div class='avia-image-overlay-wrap'><img decoding=\"async\" class='wp-image-48029 avia-img-lazy-loading-not-48029 avia_image' src=\"https:\/\/radiorevelacionfm.cl\/wp-content\/uploads\/2024\/11\/calu3-2_optimized.jpeg\" alt='' title='calu3-2_optimized' height=\"600\" width=\"800\"  itemprop=\"thumbnailUrl\" srcset=\"https:\/\/radiorevelacionfm.cl\/wp-content\/uploads\/2024\/11\/calu3-2_optimized.jpeg 800w, https:\/\/radiorevelacionfm.cl\/wp-content\/uploads\/2024\/11\/calu3-2_optimized-300x225.jpeg 300w, https:\/\/radiorevelacionfm.cl\/wp-content\/uploads\/2024\/11\/calu3-2_optimized-768x576.jpeg 768w, https:\/\/radiorevelacionfm.cl\/wp-content\/uploads\/2024\/11\/calu3-2_optimized-705x529.jpeg 705w, https:\/\/radiorevelacionfm.cl\/wp-content\/uploads\/2024\/11\/calu3-2_optimized-450x338.jpeg 450w, https:\/\/radiorevelacionfm.cl\/wp-content\/uploads\/2024\/11\/calu3-2_optimized-600x450.jpeg 600w\" sizes=\"(max-width: 800px) 100vw, 800px\" \/><\/div><\/div><\/div><\/div><div class=\"flex_column av_one_full  flex_column_div av-zero-column-padding first  avia-builder-el-2  el_after_av_one_full  el_before_av_one_full  column-top-margin\" style='border-radius:0px; '><section class=\"av_textblock_section \"  itemscope=\"itemscope\" itemtype=\"https:\/\/schema.org\/BlogPosting\" itemprop=\"blogPost\" ><div class='avia_textblock  '   itemprop=\"text\" ><p style=\"text-align: center;\"><span style=\"font-size: 18pt;\"><strong>Ays\u00e9n se despide de los Juegos Araucan\u00eda 2024: Una gran fiesta deportiva que tuvo una organizaci\u00f3n a la altura<\/strong><\/span><\/p>\n<div id=\"gtx-trans\" style=\"position: absolute; left: -50px; top: 4.31534px;\">\n<div class=\"gtx-trans-icon\"><\/div>\n<\/div>\n<\/div><\/section><\/div><div class=\"flex_column av_one_full  flex_column_div av-zero-column-padding first  avia-builder-el-4  el_after_av_one_full  el_before_av_hr  column-top-margin\" style='border-radius:0px; '><section class=\"av_textblock_section \"  itemscope=\"itemscope\" itemtype=\"https:\/\/schema.org\/BlogPosting\" itemprop=\"blogPost\" ><div class='avia_textblock  '   itemprop=\"text\" ><p style=\"text-align: justify;\"><em>Este viernes finaliz\u00f3 la 31 edici\u00f3n de los juegos binacionales, tras cinco d\u00edas de actividades deportivas.<\/em><\/p>\n<p style=\"text-align: justify;\">En la \u00faltima jornada de los Juegos, que se desarrollaron en las subsedes de Coyhaique, Puerto Ays\u00e9n y Punta Arenas, la Seremi del Deporte, Mar\u00eda Eugenia Dur\u00e1n, realiz\u00f3 un positivo balance respecto al evento deportivo y adem\u00e1s se refiri\u00f3 al legado deportivo en infraestructura que deja este certamen en la Regi\u00f3n de Ays\u00e9n.<\/p>\n<p style=\"text-align: justify;\">\u201cFue m\u00e1s de un a\u00f1o de preparaci\u00f3n por parte del Instituto Nacional de Deportes regional, organizador de estos Juegos y de un trabajo en equipo de diversos servicios del Estado, realizado a trav\u00e9s del Comit\u00e9 de Honor, liderado por la Delegaci\u00f3n Presidencial. Esta forma de trabajar, permiti\u00f3 que fu\u00e9ramos los mejores anfitriones, super\u00e1ndonos como organizaci\u00f3n en comparaci\u00f3n a las versiones anteriores. Estamos muy contentos porque se logr\u00f3 el objetivo, tanto en las subsedes como en el despliegue deportivo que ha existido, las y los deportistas se sintieron como en casa, acompa\u00f1ados por el p\u00fabico que los fue a ver, adem\u00e1s como plus logramos dar a conocer los atractivos de nuestra regi\u00f3n a los visitantes; por otra parte las mejoras en infraestructura y equipamiento deportivo nos dejan un legado en los 15 recintos donde se realizaron las competencias, el que va a servir no s\u00f3lo para la preparaci\u00f3n de los deportistas que viajan a Tierra del Fuego el pr\u00f3ximo a\u00f1o a la edici\u00f3n 32 de los Juegos, sino que tambi\u00e9n, para que sean utilizados en las etapas de los Juegos Deportivos Escolares y por la comunidades deportivas en general, lo que como Ministerio del Deporte junto a IND nos hemos planteado como el siguiente desaf\u00edo, en l\u00ednea con el compromiso de Gobierno del Presidente Gabriel Boric de facilitar el acceso el deporte y la actividad a toda la poblaci\u00f3n. El \u00e9xito de este mega evento deportivo demuestra que nuestra regi\u00f3n puede seguir avanzando y tiene las condiciones para albergar grandes eventos deportivos\u201d.<\/p>\n<p style=\"text-align: justify;\">Una evaluaci\u00f3n similar realiz\u00f3 Carlos Aranda, Presidente Juegos Araucan\u00eda: \u201cEl balance general es muy positivo en esta versi\u00f3n de los Juegos de la Araucan\u00eda. Se cumplieron las expectativas gracias una muy buena organizaci\u00f3n de la gente de Ays\u00e9n que permiti\u00f3 que las delegaciones nacionales y argentinas tuvieran una semana concentrada en los aspectos deportivos y no extra deportivos. Quiero agradecer, adem\u00e1s, al apoyo que entreg\u00f3 el Gobierno Regional de Ays\u00e9n para que estos binacionales tuvieran una exitosa edici\u00f3n y a todas las autoridades que se comprometieron con cada detalle para el bienestar de deportistas, t\u00e9cnicos y equipos multidisciplinarios que llegaron a esta hermosa regi\u00f3n\u201d.<\/p>\n<p style=\"text-align: justify;\">Asimismo, Javier Medina Mella, director regional Instituto Nacional de Deportes IND precis\u00f3: \u201cFue una fiesta deportiva que cumpli\u00f3 con todas las expectativas en lo organizativo, podemos se\u00f1alar que estos juegos han estado impecables, fueron meses de preparaci\u00f3n con un importante trabajo del equipo regional del IND y que cont\u00f3 con el apoyo econ\u00f3mico del Gore, destacar adem\u00e1s el respaldo de los municipios que cobijaron las sedes y de los establecimientos educaciones y recintos deportivos que nos permitieron ocupar sus instalaciones, realmente existi\u00f3 un compromiso total de la Regi\u00f3n con el desarrollo de la competencia y una completa disposici\u00f3n para ser los mejores anfitriones\u201d.<\/p>\n<p style=\"text-align: justify;\">Resultados equipos de Ays\u00e9n<\/p>\n<p style=\"text-align: justify;\"><strong><u>Oros de Ays\u00e9n <\/u><\/strong><\/p>\n<p style=\"text-align: justify;\"><strong>\u00a0<\/strong><strong>NATACI\u00d3N MASCULINO<\/strong><\/p>\n<p style=\"text-align: justify;\">4 X 50 MTS. LIBRES<\/p>\n<p style=\"text-align: justify;\">50 MTS. LIBRES<\/p>\n<p style=\"text-align: justify;\">200 MTS. MARIPOSA<\/p>\n<p style=\"text-align: justify;\"><strong>JUDO FEMENINO<\/strong><\/p>\n<p style=\"text-align: justify;\">48 KG<\/p>\n<p style=\"text-align: justify;\"><strong><u>Platas de Ays\u00e9n<\/u><\/strong><\/p>\n<p style=\"text-align: justify;\"><strong>NATACI\u00d3N MASCULINO<\/strong><\/p>\n<p style=\"text-align: justify;\">50 MTS. MARIPOSA<\/p>\n<p style=\"text-align: justify;\">4 X 100 MTS. LIBRES<\/p>\n<p style=\"text-align: justify;\">4 X 50 COMBINADOS<\/p>\n<p style=\"text-align: justify;\">100 MTS. MARIPOSA<\/p>\n<p style=\"text-align: justify;\">100 MTS. PECHO<\/p>\n<p style=\"text-align: justify;\">200 MTS. PECHO<\/p>\n<p style=\"text-align: justify;\"><strong>JUDO FEMENINO<\/strong><\/p>\n<p style=\"text-align: justify;\">57 KG<\/p>\n<p style=\"text-align: justify;\">70 KG<\/p>\n<p style=\"text-align: justify;\"><strong>JUDO MASCULINO<\/strong><\/p>\n<p style=\"text-align: justify;\">60 KG<\/p>\n<p style=\"text-align: justify;\"><strong><u>Bronces de Ays\u00e9n<\/u><\/strong><\/p>\n<p style=\"text-align: justify;\"><strong>NATACI\u00d3N MASCULINO<\/strong><\/p>\n<p style=\"text-align: justify;\">4 X 100 MTS. COMBINADA<\/p>\n<p style=\"text-align: justify;\">50 MTS. LIBRES<\/p>\n<p style=\"text-align: justify;\">100 MTS. LIBRES<\/p>\n<p style=\"text-align: justify;\">400 MTS. COMBINADA<\/p>\n<p style=\"text-align: justify;\"><strong>JUDO FEMENINO<\/strong><\/p>\n<p style=\"text-align: justify;\">POR EQUIPOS<\/p>\n<p style=\"text-align: justify;\"><strong>JUDO MASCULINO<\/strong><\/p>\n<p style=\"text-align: justify;\">POR EQUIPOS<\/p>\n<p style=\"text-align: justify;\">Resulados en https:\/\/tremun.lapampa.gob.ar\/tremun\/servlet\/visortipojuego?4E4D6S3LQBe9h+9JRd0Esupms6OaqJD6yDaIKM7Hsbo=<\/p>\n<\/div><\/section><\/div><div  style='height:50px' class='hr hr-invisible   avia-builder-el-6  el_after_av_one_full  el_before_av_social_share '><span class='hr-inner ' ><span class='hr-inner-style'><\/span><\/span><\/div><\/p>\n<div  class='av-social-sharing-box  avia-builder-el-7  el_after_av_hr  el_before_av_hr  '><div class='av-share-box'><h5 class='av-share-link-description av-no-toc '>Compartir esta noticia<\/h5><ul class='av-share-box-list noLightbox'><li class='av-share-link av-social-link-facebook' ><a target=\"_blank\" aria-label=\"Compartir en Facebook\" href='https:\/\/www.facebook.com\/sharer.php?u=https:\/\/radiorevelacionfm.cl\/?p=48028&#038;t=Ays%C3%A9n%20se%20despide%20de%20los%20Juegos%20Araucan%C3%ADa%202024%3A%20Una%20gran%20fiesta%20deportiva%20que%20tuvo%20una%20organizaci%C3%B3n%20a%20la%20altura' aria-hidden='false' data-av_icon='\ue8f3' data-av_iconfont='entypo-fontello' title='' data-avia-related-tooltip='Compartir en Facebook' rel=\"noopener\"><span class='avia_hidden_link_text'>Compartir en Facebook<\/span><\/a><\/li><li class='av-share-link av-social-link-twitter' ><a target=\"_blank\" aria-label=\"Compartir en Twitter\" href='https:\/\/twitter.com\/share?text=Ays%C3%A9n%20se%20despide%20de%20los%20Juegos%20Araucan%C3%ADa%202024%3A%20Una%20gran%20fiesta%20deportiva%20que%20tuvo%20una%20organizaci%C3%B3n%20a%20la%20altura&#038;url=https:\/\/radiorevelacionfm.cl\/?p=48028' aria-hidden='false' data-av_icon='\ue8f1' data-av_iconfont='entypo-fontello' title='' data-avia-related-tooltip='Compartir en Twitter' rel=\"noopener\"><span class='avia_hidden_link_text'>Compartir en Twitter<\/span><\/a><\/li><li class='av-share-link av-social-link-whatsapp' ><a target=\"_blank\" aria-label=\"Compartir en Whatsapp\" href='https:\/\/api.whatsapp.com\/send?text=https:\/\/radiorevelacionfm.cl\/?p=48028' aria-hidden='false' data-av_icon='\uf232' data-av_iconfont='entypo-fontello' title='' data-avia-related-tooltip='Compartir en Whatsapp' rel=\"noopener\"><span class='avia_hidden_link_text'>Compartir en Whatsapp<\/span><\/a><\/li><li class='av-share-link av-social-link-linkedin' ><a target=\"_blank\" aria-label=\"Compartir en LinkedIn\" href='https:\/\/linkedin.com\/shareArticle?mini=true&#038;title=Ays%C3%A9n%20se%20despide%20de%20los%20Juegos%20Araucan%C3%ADa%202024%3A%20Una%20gran%20fiesta%20deportiva%20que%20tuvo%20una%20organizaci%C3%B3n%20a%20la%20altura&#038;url=https:\/\/radiorevelacionfm.cl\/?p=48028' aria-hidden='false' data-av_icon='\ue8fc' data-av_iconfont='entypo-fontello' title='' data-avia-related-tooltip='Compartir en LinkedIn' rel=\"noopener\"><span class='avia_hidden_link_text'>Compartir en LinkedIn<\/span><\/a><\/li><li class='av-share-link av-social-link-mail' ><a  aria-label=\"Compartir por correo\" href='mailto:?subject=Ays%C3%A9n%20se%20despide%20de%20los%20Juegos%20Araucan%C3%ADa%202024%3A%20Una%20gran%20fiesta%20deportiva%20que%20tuvo%20una%20organizaci%C3%B3n%20a%20la%20altura&#038;body=https:\/\/radiorevelacionfm.cl\/?p=48028' aria-hidden='false' data-av_icon='\ue805' data-av_iconfont='entypo-fontello' title='' data-avia-related-tooltip='Compartir por correo'><span class='avia_hidden_link_text'>Compartir por correo<\/span><\/a><\/li><\/ul><\/div><\/div>\n<div  style='height:50px' class='hr hr-invisible   avia-builder-el-8  el_after_av_social_share  el_before_av_comments_list '><span class='hr-inner ' ><span class='hr-inner-style'><\/span><\/span><\/div>\n<div  class='av-buildercomment  av-blog-meta-html-info-disabled av-blog-meta-tag-disabled  '><\/div>\n","protected":false},"excerpt":{"rendered":"","protected":false},"author":1,"featured_media":48029,"comment_status":"open","ping_status":"open","sticky":false,"template":"","format":"standard","meta":{"footnotes":""},"categories":[40],"tags":[],"class_list":["post-48028","post","type-post","status-publish","format-standard","has-post-thumbnail","hentry","category-deportes"],"jetpack_featured_media_url":"https:\/\/radiorevelacionfm.cl\/wp-content\/uploads\/2024\/11\/calu3-2_optimized.jpeg","_links":{"self":[{"href":"https:\/\/radiorevelacionfm.cl\/index.php?rest_route=\/wp\/v2\/posts\/48028","targetHints":{"allow":["GET"]}}],"collection":[{"href":"https:\/\/radiorevelacionfm.cl\/index.php?rest_route=\/wp\/v2\/posts"}],"about":[{"href":"https:\/\/radiorevelacionfm.cl\/index.php?rest_route=\/wp\/v2\/types\/post"}],"author":[{"embeddable":true,"href":"https:\/\/radiorevelacionfm.cl\/index.php?rest_route=\/wp\/v2\/users\/1"}],"replies":[{"embeddable":true,"href":"https:\/\/radiorevelacionfm.cl\/index.php?rest_route=%2Fwp%2Fv2%2Fcomments&post=48028"}],"version-history":[{"count":1,"href":"https:\/\/radiorevelacionfm.cl\/index.php?rest_route=\/wp\/v2\/posts\/48028\/revisions"}],"predecessor-version":[{"id":48030,"href":"https:\/\/radiorevelacionfm.cl\/index.php?rest_route=\/wp\/v2\/posts\/48028\/revisions\/48030"}],"wp:featuredmedia":[{"embeddable":true,"href":"https:\/\/radiorevelacionfm.cl\/index.php?rest_route=\/wp\/v2\/media\/48029"}],"wp:attachment":[{"href":"https:\/\/radiorevelacionfm.cl\/index.php?rest_route=%2Fwp%2Fv2%2Fmedia&parent=48028"}],"wp:term":[{"taxonomy":"category","embeddable":true,"href":"https:\/\/radiorevelacionfm.cl\/index.php?rest_route=%2Fwp%2Fv2%2Fcategories&post=48028"},{"taxonomy":"post_tag","embeddable":true,"href":"https:\/\/radiorevelacionfm.cl\/index.php?rest_route=%2Fwp%2Fv2%2Ftags&post=48028"}],"curies":[{"name":"wp","href":"https:\/\/api.w.org\/{rel}","templated":true}]}}