{"id":48025,"date":"2024-11-16T10:01:32","date_gmt":"2024-11-16T13:01:32","guid":{"rendered":"https:\/\/radiorevelacionfm.cl\/?p=48025"},"modified":"2024-11-16T10:01:32","modified_gmt":"2024-11-16T13:01:32","slug":"yo-compro-local-de-sercotec-encadenamiento-productivo-e-impulso-economico-para-los-emprendedores-y-emprendedoras-de-aysen","status":"publish","type":"post","link":"https:\/\/radiorevelacionfm.cl\/?p=48025","title":{"rendered":"Yo compro local de Sercotec: Encadenamiento productivo e impulso econ\u00f3mico para los emprendedores y emprendedoras de Ays\u00e9n"},"content":{"rendered":"<div class=\"flex_column av_one_full  flex_column_div av-zero-column-padding first  avia-builder-el-0  el_before_av_one_full  avia-builder-el-first  \" style='border-radius:0px; '><div  class='avia-image-container  av-styling-    avia-builder-el-1  avia-builder-el-no-sibling  avia-align-center '  itemprop=\"image\" itemscope=\"itemscope\" itemtype=\"https:\/\/schema.org\/ImageObject\"  ><div class='avia-image-container-inner'><div class='avia-image-overlay-wrap'><img decoding=\"async\" class='wp-image-48026 avia-img-lazy-loading-not-48026 avia_image' src=\"https:\/\/radiorevelacionfm.cl\/wp-content\/uploads\/2024\/11\/WhatsApp-Image-2024-11-09-at-2.11.03-PM-1-1.jpeg\" alt='' title='WhatsApp Image 2024-11-09 at 2.11.03 PM (1) (1)' height=\"600\" width=\"1299\"  itemprop=\"thumbnailUrl\" srcset=\"https:\/\/radiorevelacionfm.cl\/wp-content\/uploads\/2024\/11\/WhatsApp-Image-2024-11-09-at-2.11.03-PM-1-1.jpeg 1299w, https:\/\/radiorevelacionfm.cl\/wp-content\/uploads\/2024\/11\/WhatsApp-Image-2024-11-09-at-2.11.03-PM-1-1-300x139.jpeg 300w, https:\/\/radiorevelacionfm.cl\/wp-content\/uploads\/2024\/11\/WhatsApp-Image-2024-11-09-at-2.11.03-PM-1-1-1030x476.jpeg 1030w, https:\/\/radiorevelacionfm.cl\/wp-content\/uploads\/2024\/11\/WhatsApp-Image-2024-11-09-at-2.11.03-PM-1-1-768x355.jpeg 768w, https:\/\/radiorevelacionfm.cl\/wp-content\/uploads\/2024\/11\/WhatsApp-Image-2024-11-09-at-2.11.03-PM-1-1-705x326.jpeg 705w, https:\/\/radiorevelacionfm.cl\/wp-content\/uploads\/2024\/11\/WhatsApp-Image-2024-11-09-at-2.11.03-PM-1-1-450x208.jpeg 450w, https:\/\/radiorevelacionfm.cl\/wp-content\/uploads\/2024\/11\/WhatsApp-Image-2024-11-09-at-2.11.03-PM-1-1-600x277.jpeg 600w\" sizes=\"(max-width: 1299px) 100vw, 1299px\" \/><\/div><\/div><\/div><\/div><div class=\"flex_column av_one_full  flex_column_div av-zero-column-padding first  avia-builder-el-2  el_after_av_one_full  el_before_av_one_full  column-top-margin\" style='border-radius:0px; '><section class=\"av_textblock_section \"  itemscope=\"itemscope\" itemtype=\"https:\/\/schema.org\/BlogPosting\" itemprop=\"blogPost\" ><div class='avia_textblock  '   itemprop=\"text\" ><p style=\"text-align: center;\"><span style=\"font-size: 18pt;\"><strong><em>Yo compro local de Sercotec: <\/em>Encadenamiento productivo e impulso econ\u00f3mico para los emprendedores y emprendedoras de Ays\u00e9n<\/strong><\/span><\/p>\n<div id=\"gtx-trans\" style=\"position: absolute; left: -50px; top: 4.31534px;\">\n<div class=\"gtx-trans-icon\"><\/div>\n<\/div>\n<\/div><\/section><\/div><div class=\"flex_column av_one_full  flex_column_div av-zero-column-padding first  avia-builder-el-4  el_after_av_one_full  el_before_av_hr  column-top-margin\" style='border-radius:0px; '><section class=\"av_textblock_section \"  itemscope=\"itemscope\" itemtype=\"https:\/\/schema.org\/BlogPosting\" itemprop=\"blogPost\" ><div class='avia_textblock  '   itemprop=\"text\" ><p style=\"text-align: justify;\">El pasado 07 de noviembre se lanz\u00f3 este programa de los Centros de Desarrollo de Negocios de Sercotec Puerto Ays\u00e9n y Coyhaique, que busca: fomentar y promover la vinculaci\u00f3n comercial entre las empresas locales, resaltar el valor de los productos elaborados en la Patagonia, promover el consumo local y comercio justo, disminuir el impacto ambiental, adem\u00e1s de fortalecer la red de emprendimiento, capaces de responder con est\u00e1ndares de calidad apropiados para ser parte de esta cadena de valor.<\/p>\n<p style=\"text-align: justify;\">En dicha oportunidad, las y los participantes realizaron una muestra promocional de sus productos y al mismo tiempo, participaron de una rueda de negocios para presentar sus productos a empresas locales que fueron las primeras impulsar este programa: H\u00edper Patag\u00f3nico, Casa Alicia, Lober\u00edas del Sur, El Gran Calafate, con quienes sostuvieron reuniones ejecutivas de 20 minutos para establecer los v\u00ednculos necesarios para entablar alianzas comerciales. En esta oportunidad tambi\u00e9n se sumaron otras empresas como: Supermercado El Arriero, Hipermercado San Jos\u00e9, Naviera Austral, Cava del Lago, Studio Aktivat, Ekopatagonia Lodge, Restaurant Casa Cipr\u00e9s, Navimag, entre otras.<\/p>\n<p style=\"text-align: justify;\">Una de las emprendedoras participantes de esta rueda de negocio, fue Miriam Az\u00f3car de Apiaik\u00e9n, quien indic\u00f3: \u201cPara nosotros como Apiaik\u00e9n fue muy importante que nos consideraran. Fuimos contactados por el Centro de Negocios de Coyhaique. El aprendizaje y todas las capacitaciones que tuvimos fueron muy din\u00e1micas, y destacar por sobre todo la actividad que tuvimos en el Centro Cultural, el encuentro que tuvimos con importantes empresarios locales, con los cuales tuvimos la oportunidad de establecer conversaciones y negociaciones, lo cual fue muy bueno para tener este acercamiento, con quienes estamos concretando varias colaboraciones y negocios\u201d, sostuvo.<\/p>\n<p style=\"text-align: justify;\">Por otra parte, Mar\u00eda Elena Asi, de la empresa regional El Gran Calafate de Coyhaique indic\u00f3 \u201cHemos tenido una muy buena experiencia en este encuentro con emprendedoras y emprendedores, porque tuvimos la oportunidad de conocer y degustar sus productos, conocer sus procesos de producci\u00f3n y sus historias. Hoy ya contamos con varios productos gourmet de la regi\u00f3n que se comercializan en nuestra tienda, que van desde miel, alfajores, salm\u00f3n, entre otros. Agradecemos la instancia que nos ha permitido apoyar a los emprendedores locales\u201d, indic\u00f3.<\/p>\n<p style=\"text-align: justify;\">Una iniciativa que contempla el acompa\u00f1amiento y asesor\u00eda de los Centros de Negocios, tanto de Coyhaique como Puerto Ays\u00e9n, quienes ser\u00e1n los encargados de capacitar a tanto a las empresas como a las cooperativas interesadas, en la b\u00fasqueda de oportunidades de encadenamiento con potenciales empresas proveedoras, intencionado la vinculaci\u00f3n comercial.<\/p>\n<p style=\"text-align: justify;\">\u201cDurante el primer semestre, junto a la Direcci\u00f3n Regional de Sercotec, el Centro de Negocios de Coyhaique y Puerto Ays\u00e9n, trabajamos en el dise\u00f1o de este programa el cual comenzamos a implementar en agosto, invitando a 15 clientes activos de los centros. En primera instancia, se realiz\u00f3 un diagn\u00f3stico para ver su situaci\u00f3n actual y levantar oportunidades de mejoras las cuales se fueron subsanando durante la asesor\u00eda y mediante capacitaciones apuntadas al buen desarrollo de la rueda de negocios final, para que puedan presentar sus productos de manera ejecutiva y eficaz ante reconocidas empresas locales. Este a\u00f1o trabajamos con productores de alimentos y artesan\u00eda pero no descartamos incorporar otros rubros, siempre orientados a potenciar el desarrollo del comercio local\u201d, indic\u00f3 Paulina Medina, Jefa del Centro de Negocios de Puerto Ays\u00e9n.<\/p>\n<p style=\"text-align: justify;\">En este contexto, ser\u00e1n claves en esta virtuosa alianza productiva: <em>la fuerza compradora<\/em>: representada por empresas locales que abrir\u00e1n sus puertas para generar oportunidades de comercializaci\u00f3n a las pymes locales, los centros de negocios: que articular\u00e1n dichas oportunidades entre compradores y proveedores, incentivando potenciales puntos de ventas y finalmente, las mypes locales que deber\u00e1n contar con las condiciones necesarias, como stock, presentaci\u00f3n de productos y otros, para cerrar el v\u00ednculo comercial.<\/p>\n<p style=\"text-align: justify;\">\u201cComo Servicio de Cooperaci\u00f3n T\u00e9cnica de la regi\u00f3n de Ays\u00e9n, nos sentimos orgullosos de poder compartir que hoy estamos en un programa piloto que se llama \u201cYo compro local\u201d, que busca generar el encadenamiento productivo de las peque\u00f1as empresas con las medianas empresas de la regi\u00f3n de Ays\u00e9n. El fin de este programa es potenciar la econom\u00eda regional y generar un desarrollo econ\u00f3mico local sostenible. Hoy d\u00eda como Sercotec jugamos un rol facilitador, donde lo que buscamos es generar estas oportunidades y el v\u00ednculo entre las medianas empresas y los microempresarios, con los cuales estamos hoy en d\u00eda trabajando, y eso se transforma\u00a0\u00a0 en un entorno empresarial m\u00e1s competitivo, resiliente y sostenible\u201d, indic\u00f3 Nelly Vargas Mansilla, directora regional de Sercotec Ays\u00e9n.<\/p>\n<p style=\"text-align: justify;\">Cabe destacar que hasta la fecha ya forman parte de este programa 15 empresas del rubro de alimentos e industrias creativas, pertenecientes a los Centros de Negocios de Coyhaique y Puerto Ays\u00e9n, quienes durante un proceso formativo de tres meses y la asesor\u00eda permanente de los CDN, han podido acortar las brechas necesarias para poder entrar en este nuevo mercado, proceso que ser\u00e1 acompa\u00f1ado y difundido a la comunidad a trav\u00e9s de un cat\u00e1logo que integra la historia y producto de todos los participantes, el cual ya est\u00e1 disponible en: <a href=\"http:\/\/www.yocomprolocalaysen.cl\/\"><u>www.yocomprolocalaysen.cl<\/u><\/a><\/p>\n<p style=\"text-align: justify;\">Finalmente, Paulina Medina, Jefa del Centro de Desarrollo de Negocios de Sercotec Puerto Ays\u00e9n, extendi\u00f3 la invitaci\u00f3n a emprendedores y emprendedoras de la comuna y localidades a ser parte del Centro de Negocios, y conocer la oferta de capacitaciones disponibles, de manera que quienes est\u00e9n interesados visiten las oficinas del Centro, ubicadas en: Condell N\u00ba23, en Coyhaique y calle Eleuterio Ram\u00edrez N\u00ba1423, en Puerto Ays\u00e9n.<\/p>\n<\/div><\/section><\/div><div  style='height:50px' class='hr hr-invisible   avia-builder-el-6  el_after_av_one_full  el_before_av_social_share '><span class='hr-inner ' ><span class='hr-inner-style'><\/span><\/span><\/div><\/p>\n<div  class='av-social-sharing-box  avia-builder-el-7  el_after_av_hr  el_before_av_hr  '><div class='av-share-box'><h5 class='av-share-link-description av-no-toc '>Compartir esta noticia<\/h5><ul class='av-share-box-list noLightbox'><li class='av-share-link av-social-link-facebook' ><a target=\"_blank\" aria-label=\"Compartir en Facebook\" href='https:\/\/www.facebook.com\/sharer.php?u=https:\/\/radiorevelacionfm.cl\/?p=48025&#038;t=Yo%20compro%20local%20de%20Sercotec%3A%20Encadenamiento%20productivo%20e%20impulso%20econ%C3%B3mico%20para%20los%20emprendedores%20y%20emprendedoras%20de%20Ays%C3%A9n' aria-hidden='false' data-av_icon='\ue8f3' data-av_iconfont='entypo-fontello' title='' data-avia-related-tooltip='Compartir en Facebook' rel=\"noopener\"><span class='avia_hidden_link_text'>Compartir en Facebook<\/span><\/a><\/li><li class='av-share-link av-social-link-twitter' ><a target=\"_blank\" aria-label=\"Compartir en Twitter\" href='https:\/\/twitter.com\/share?text=Yo%20compro%20local%20de%20Sercotec%3A%20Encadenamiento%20productivo%20e%20impulso%20econ%C3%B3mico%20para%20los%20emprendedores%20y%20emprendedoras%20de%20Ays%C3%A9n&#038;url=https:\/\/radiorevelacionfm.cl\/?p=48025' aria-hidden='false' data-av_icon='\ue8f1' data-av_iconfont='entypo-fontello' title='' data-avia-related-tooltip='Compartir en Twitter' rel=\"noopener\"><span class='avia_hidden_link_text'>Compartir en Twitter<\/span><\/a><\/li><li class='av-share-link av-social-link-whatsapp' ><a target=\"_blank\" aria-label=\"Compartir en Whatsapp\" href='https:\/\/api.whatsapp.com\/send?text=https:\/\/radiorevelacionfm.cl\/?p=48025' aria-hidden='false' data-av_icon='\uf232' data-av_iconfont='entypo-fontello' title='' data-avia-related-tooltip='Compartir en Whatsapp' rel=\"noopener\"><span class='avia_hidden_link_text'>Compartir en Whatsapp<\/span><\/a><\/li><li class='av-share-link av-social-link-linkedin' ><a target=\"_blank\" aria-label=\"Compartir en LinkedIn\" href='https:\/\/linkedin.com\/shareArticle?mini=true&#038;title=Yo%20compro%20local%20de%20Sercotec%3A%20Encadenamiento%20productivo%20e%20impulso%20econ%C3%B3mico%20para%20los%20emprendedores%20y%20emprendedoras%20de%20Ays%C3%A9n&#038;url=https:\/\/radiorevelacionfm.cl\/?p=48025' aria-hidden='false' data-av_icon='\ue8fc' data-av_iconfont='entypo-fontello' title='' data-avia-related-tooltip='Compartir en LinkedIn' rel=\"noopener\"><span class='avia_hidden_link_text'>Compartir en LinkedIn<\/span><\/a><\/li><li class='av-share-link av-social-link-mail' ><a  aria-label=\"Compartir por correo\" href='mailto:?subject=Yo%20compro%20local%20de%20Sercotec%3A%20Encadenamiento%20productivo%20e%20impulso%20econ%C3%B3mico%20para%20los%20emprendedores%20y%20emprendedoras%20de%20Ays%C3%A9n&#038;body=https:\/\/radiorevelacionfm.cl\/?p=48025' aria-hidden='false' data-av_icon='\ue805' data-av_iconfont='entypo-fontello' title='' data-avia-related-tooltip='Compartir por correo'><span class='avia_hidden_link_text'>Compartir por correo<\/span><\/a><\/li><\/ul><\/div><\/div>\n<div  style='height:50px' class='hr hr-invisible   avia-builder-el-8  el_after_av_social_share  el_before_av_comments_list '><span class='hr-inner ' ><span class='hr-inner-style'><\/span><\/span><\/div>\n<div  class='av-buildercomment  av-blog-meta-html-info-disabled av-blog-meta-tag-disabled  '><\/div>\n","protected":false},"excerpt":{"rendered":"","protected":false},"author":1,"featured_media":48026,"comment_status":"open","ping_status":"open","sticky":false,"template":"","format":"standard","meta":{"footnotes":""},"categories":[38],"tags":[],"class_list":["post-48025","post","type-post","status-publish","format-standard","has-post-thumbnail","hentry","category-regional"],"jetpack_featured_media_url":"https:\/\/radiorevelacionfm.cl\/wp-content\/uploads\/2024\/11\/WhatsApp-Image-2024-11-09-at-2.11.03-PM-1-1.jpeg","_links":{"self":[{"href":"https:\/\/radiorevelacionfm.cl\/index.php?rest_route=\/wp\/v2\/posts\/48025","targetHints":{"allow":["GET"]}}],"collection":[{"href":"https:\/\/radiorevelacionfm.cl\/index.php?rest_route=\/wp\/v2\/posts"}],"about":[{"href":"https:\/\/radiorevelacionfm.cl\/index.php?rest_route=\/wp\/v2\/types\/post"}],"author":[{"embeddable":true,"href":"https:\/\/radiorevelacionfm.cl\/index.php?rest_route=\/wp\/v2\/users\/1"}],"replies":[{"embeddable":true,"href":"https:\/\/radiorevelacionfm.cl\/index.php?rest_route=%2Fwp%2Fv2%2Fcomments&post=48025"}],"version-history":[{"count":1,"href":"https:\/\/radiorevelacionfm.cl\/index.php?rest_route=\/wp\/v2\/posts\/48025\/revisions"}],"predecessor-version":[{"id":48027,"href":"https:\/\/radiorevelacionfm.cl\/index.php?rest_route=\/wp\/v2\/posts\/48025\/revisions\/48027"}],"wp:featuredmedia":[{"embeddable":true,"href":"https:\/\/radiorevelacionfm.cl\/index.php?rest_route=\/wp\/v2\/media\/48026"}],"wp:attachment":[{"href":"https:\/\/radiorevelacionfm.cl\/index.php?rest_route=%2Fwp%2Fv2%2Fmedia&parent=48025"}],"wp:term":[{"taxonomy":"category","embeddable":true,"href":"https:\/\/radiorevelacionfm.cl\/index.php?rest_route=%2Fwp%2Fv2%2Fcategories&post=48025"},{"taxonomy":"post_tag","embeddable":true,"href":"https:\/\/radiorevelacionfm.cl\/index.php?rest_route=%2Fwp%2Fv2%2Ftags&post=48025"}],"curies":[{"name":"wp","href":"https:\/\/api.w.org\/{rel}","templated":true}]}}