{"id":4802,"date":"2021-06-02T12:39:33","date_gmt":"2021-06-02T15:39:33","guid":{"rendered":"https:\/\/radiorevelacionfm.cl\/?p=4802"},"modified":"2021-06-02T12:54:06","modified_gmt":"2021-06-02T15:54:06","slug":"convocatoria-abierta-participa-del-programa-de-indagacion-para-primeras-edades-pipe-2021","status":"publish","type":"post","link":"https:\/\/radiorevelacionfm.cl\/?p=4802","title":{"rendered":"Convocatoria abierta: Participa del Programa de Indagaci\u00f3n para Primeras Edades (PIPE) 2021"},"content":{"rendered":"<div class=\"flex_column av_one_full  flex_column_div av-zero-column-padding first  avia-builder-el-0  el_before_av_one_full  avia-builder-el-first  \" style='border-radius:0px; '><div  class='avia-image-container  av-styling-    avia-builder-el-1  avia-builder-el-no-sibling  avia-align-center '  itemprop=\"image\" itemscope=\"itemscope\" itemtype=\"https:\/\/schema.org\/ImageObject\"  ><div class='avia-image-container-inner'><div class='avia-image-overlay-wrap'><img decoding=\"async\" class='wp-image-0 avia-img-lazy-loading-not-0 avia_image' src=\"https:\/\/radiorevelacionfm.cl\/wp-content\/uploads\/2021\/06\/Convocatoria-PIPE-1-1.png\" alt='' title=''   itemprop=\"thumbnailUrl\"  \/><\/div><\/div><\/div><\/div>\n<div class=\"flex_column av_one_full  flex_column_div av-zero-column-padding first  avia-builder-el-2  el_after_av_one_full  el_before_av_one_full  column-top-margin\" style='border-radius:0px; '><section class=\"av_textblock_section \"  itemscope=\"itemscope\" itemtype=\"https:\/\/schema.org\/BlogPosting\" itemprop=\"blogPost\" ><div class='avia_textblock  '   itemprop=\"text\" ><p style=\"text-align: center;\"><strong><span style=\"font-size: 18pt;\">Convocatoria abierta: Participa del Programa de Indagaci\u00f3n para Primeras Edades (PIPE) 2021<\/span><\/strong><\/p>\n<div id=\"gtx-trans\" style=\"position: absolute; left: -50px; top: 4.31534px;\">\n<div class=\"gtx-trans-icon\"><\/div>\n<\/div>\n<\/div><\/section><\/div>\n<div class=\"flex_column av_one_full  flex_column_div av-zero-column-padding first  avia-builder-el-4  el_after_av_one_full  el_before_av_hr  column-top-margin\" style='border-radius:0px; '><section class=\"av_textblock_section \"  itemscope=\"itemscope\" itemtype=\"https:\/\/schema.org\/BlogPosting\" itemprop=\"blogPost\" ><div class='avia_textblock  '   itemprop=\"text\" ><p style=\"text-align: justify;\">Los primeros a\u00f1os de vida de una persona son fundamentales para su futuro desarrollo y desempe\u00f1o en etapas como la adolescencia y adultez. Bajo esta premisa, si las experiencias tempranas de ni\u00f1os y ni\u00f1as se basan en interacciones estables y sensibles, el aprendizaje ser\u00e1 enriquecedor y brindar\u00e1 efectos positivos y duraderos.<\/p>\n<p style=\"text-align: justify;\">El Programa de Indagaci\u00f3n para Primeras Edades (PIPE), implementado por el Proyecto Explora Ays\u00e9n del Ministerio de Ciencia y ejecutado por el Campus Patagonia de la Universidad Austral de Chile, surge como una instancia de capacitaci\u00f3n para equipos pedag\u00f3gicos de educaci\u00f3n parvularia, y pretende entregar las herramientas necesarias para desarrollar habilidades cient\u00edficas en la primera infancia, reconociendo que la ense\u00f1anza-aprendizaje de la ciencia y la tecnolog\u00eda desde edades tempranas es un eje estrat\u00e9gico para el desarrollo humano, ya que fortalece la capacidad cr\u00edtica, contribuye a la inclusi\u00f3n y a la equidad social.<\/p>\n<p style=\"text-align: justify;\">\u201cEl Programa de Indagaci\u00f3n para Primeras Edades busca desarrollar competencias cient\u00edficas tanto en equipos pedag\u00f3gicos de educaci\u00f3n parvularia como en ni\u00f1os y ni\u00f1as, de niveles medios y de transici\u00f3n, desarrollando y fortaleciendo las competencias necesarias para que conozcan y comprendan el mundo que les rodea. Para lograr este prop\u00f3sito, los equipos pedag\u00f3gicos transitan por una ruta formativa a trav\u00e9s de tem\u00e1ticas relacionadas con el m\u00f3dulo de tecnolog\u00eda que, adem\u00e1s est\u00e1n articuladas con el modelo de competencias del Programa Explora, donde las educadoras\/es, t\u00e9cnicas\/os y diferenciales pueden aplicar e implementar actividades que se enmarcan en las bases curriculares de educaci\u00f3n parvularia\u201d explica Melissa Zavala, Encargada de Valoraci\u00f3n y Divulgaci\u00f3n del Proyecto Explora Ays\u00e9n.<\/p>\n<p style=\"text-align: justify;\"><strong>La implementaci\u00f3n de PIPE este 2021<\/strong><\/p>\n<p style=\"text-align: justify;\">Este a\u00f1o la capacitaci\u00f3n se enfocar\u00e1 en la importancia del rol de las educadoras en la elecci\u00f3n y aplicaci\u00f3n de contenidos cient\u00edficos, y las creencias que tienen sobre la relaci\u00f3n entre ciencia, g\u00e9nero y educaci\u00f3n, las cuales han sido tradicionalmente androcentristas y, muchas veces, supone ideas estereotipadas respecto a los roles en ciencia y la actividad cient\u00edfica.<\/p>\n<p style=\"text-align: justify;\">Durante la capacitaci\u00f3n, las y los participantes adquirir\u00e1n herramientas para desarrollar competencias cient\u00edficas en ni\u00f1as y ni\u00f1os, tales como ejercitar el juicio cr\u00edtico, aprender para la innovaci\u00f3n, buscar oportunidades de indagaci\u00f3n, descubrir alternativas de soluci\u00f3n y comunicar el trabajo realizado.<\/p>\n<p><a href=\"https:\/\/docs.google.com\/forms\/d\/e\/1FAIpQLSdjMtpO70Sz8T4gus33pMHpvbJ_O6P6lXFTkiRRkL7fhsR9GA\/viewform\">Accede al formulario de inscripci\u00f3n<\/a><\/p>\n<p><a href=\"https:\/\/drive.google.com\/file\/d\/1efpunXAzh4ZhW2COkUEHvQBpztACNrUI\/view\">Descarga las bases de la convocatoria<\/a><\/p>\n<p><a href=\"https:\/\/drive.google.com\/file\/d\/1JZIDtcIewNTkqow2Cp1Z53OdyCZQnC3W\/view\">Descarga la carta de compromiso<\/a><\/p>\n<\/div><\/section><\/div><div  style='height:50px' class='hr hr-invisible   avia-builder-el-6  el_after_av_one_full  el_before_av_social_share '><span class='hr-inner ' ><span class='hr-inner-style'><\/span><\/span><\/div><\/p>\n<div  class='av-social-sharing-box  avia-builder-el-7  el_after_av_hr  el_before_av_hr  '><div class='av-share-box'><h5 class='av-share-link-description av-no-toc '>Compartir esta noticia<\/h5><ul class='av-share-box-list noLightbox'><li class='av-share-link av-social-link-facebook' ><a target=\"_blank\" aria-label=\"Compartir en Facebook\" href='https:\/\/www.facebook.com\/sharer.php?u=https:\/\/radiorevelacionfm.cl\/?p=4802&#038;t=Convocatoria%20abierta%3A%20Participa%20del%20Programa%20de%20Indagaci%C3%B3n%20para%20Primeras%20Edades%20%28PIPE%29%202021' aria-hidden='false' data-av_icon='\ue8f3' data-av_iconfont='entypo-fontello' title='' data-avia-related-tooltip='Compartir en Facebook' rel=\"noopener\"><span class='avia_hidden_link_text'>Compartir en Facebook<\/span><\/a><\/li><li class='av-share-link av-social-link-twitter' ><a target=\"_blank\" aria-label=\"Compartir en Twitter\" href='https:\/\/twitter.com\/share?text=Convocatoria%20abierta%3A%20Participa%20del%20Programa%20de%20Indagaci%C3%B3n%20para%20Primeras%20Edades%20%28PIPE%29%202021&#038;url=https:\/\/radiorevelacionfm.cl\/?p=4802' aria-hidden='false' data-av_icon='\ue8f1' data-av_iconfont='entypo-fontello' title='' data-avia-related-tooltip='Compartir en Twitter' rel=\"noopener\"><span class='avia_hidden_link_text'>Compartir en Twitter<\/span><\/a><\/li><li class='av-share-link av-social-link-whatsapp' ><a target=\"_blank\" aria-label=\"Compartir en Whatsapp\" href='https:\/\/api.whatsapp.com\/send?text=https:\/\/radiorevelacionfm.cl\/?p=4802' aria-hidden='false' data-av_icon='\uf232' data-av_iconfont='entypo-fontello' title='' data-avia-related-tooltip='Compartir en Whatsapp' rel=\"noopener\"><span class='avia_hidden_link_text'>Compartir en Whatsapp<\/span><\/a><\/li><li class='av-share-link av-social-link-linkedin' ><a target=\"_blank\" aria-label=\"Compartir en LinkedIn\" href='https:\/\/linkedin.com\/shareArticle?mini=true&#038;title=Convocatoria%20abierta%3A%20Participa%20del%20Programa%20de%20Indagaci%C3%B3n%20para%20Primeras%20Edades%20%28PIPE%29%202021&#038;url=https:\/\/radiorevelacionfm.cl\/?p=4802' aria-hidden='false' data-av_icon='\ue8fc' data-av_iconfont='entypo-fontello' title='' data-avia-related-tooltip='Compartir en LinkedIn' rel=\"noopener\"><span class='avia_hidden_link_text'>Compartir en LinkedIn<\/span><\/a><\/li><li class='av-share-link av-social-link-mail' ><a  aria-label=\"Compartir por correo\" href='mailto:?subject=Convocatoria%20abierta%3A%20Participa%20del%20Programa%20de%20Indagaci%C3%B3n%20para%20Primeras%20Edades%20%28PIPE%29%202021&#038;body=https:\/\/radiorevelacionfm.cl\/?p=4802' aria-hidden='false' data-av_icon='\ue805' data-av_iconfont='entypo-fontello' title='' data-avia-related-tooltip='Compartir por correo'><span class='avia_hidden_link_text'>Compartir por correo<\/span><\/a><\/li><\/ul><\/div><\/div>\n<div  style='height:50px' class='hr hr-invisible   avia-builder-el-8  el_after_av_social_share  el_before_av_comments_list '><span class='hr-inner ' ><span class='hr-inner-style'><\/span><\/span><\/div>\n<div  class='av-buildercomment  av-blog-meta-html-info-disabled av-blog-meta-tag-disabled  '><\/div>\n","protected":false},"excerpt":{"rendered":"","protected":false},"author":1,"featured_media":0,"comment_status":"open","ping_status":"open","sticky":false,"template":"","format":"standard","meta":{"footnotes":""},"categories":[49],"tags":[],"class_list":["post-4802","post","type-post","status-publish","format-standard","hentry","category-educacion"],"jetpack_featured_media_url":"","_links":{"self":[{"href":"https:\/\/radiorevelacionfm.cl\/index.php?rest_route=\/wp\/v2\/posts\/4802","targetHints":{"allow":["GET"]}}],"collection":[{"href":"https:\/\/radiorevelacionfm.cl\/index.php?rest_route=\/wp\/v2\/posts"}],"about":[{"href":"https:\/\/radiorevelacionfm.cl\/index.php?rest_route=\/wp\/v2\/types\/post"}],"author":[{"embeddable":true,"href":"https:\/\/radiorevelacionfm.cl\/index.php?rest_route=\/wp\/v2\/users\/1"}],"replies":[{"embeddable":true,"href":"https:\/\/radiorevelacionfm.cl\/index.php?rest_route=%2Fwp%2Fv2%2Fcomments&post=4802"}],"version-history":[{"count":2,"href":"https:\/\/radiorevelacionfm.cl\/index.php?rest_route=\/wp\/v2\/posts\/4802\/revisions"}],"predecessor-version":[{"id":4815,"href":"https:\/\/radiorevelacionfm.cl\/index.php?rest_route=\/wp\/v2\/posts\/4802\/revisions\/4815"}],"wp:attachment":[{"href":"https:\/\/radiorevelacionfm.cl\/index.php?rest_route=%2Fwp%2Fv2%2Fmedia&parent=4802"}],"wp:term":[{"taxonomy":"category","embeddable":true,"href":"https:\/\/radiorevelacionfm.cl\/index.php?rest_route=%2Fwp%2Fv2%2Fcategories&post=4802"},{"taxonomy":"post_tag","embeddable":true,"href":"https:\/\/radiorevelacionfm.cl\/index.php?rest_route=%2Fwp%2Fv2%2Ftags&post=4802"}],"curies":[{"name":"wp","href":"https:\/\/api.w.org\/{rel}","templated":true}]}}