{"id":48019,"date":"2024-11-15T18:05:43","date_gmt":"2024-11-15T21:05:43","guid":{"rendered":"https:\/\/radiorevelacionfm.cl\/?p=48019"},"modified":"2024-11-15T18:05:43","modified_gmt":"2024-11-15T21:05:43","slug":"minagri-invita-a-conocer-como-viene-la-temporada-estival-y-prepararse-ante-su-llegada","status":"publish","type":"post","link":"https:\/\/radiorevelacionfm.cl\/?p=48019","title":{"rendered":"Minagri invita a conocer c\u00f3mo viene la temporada estival y prepararse ante su llegada"},"content":{"rendered":"<div class=\"flex_column av_one_full  flex_column_div av-zero-column-padding first  avia-builder-el-0  el_before_av_one_full  avia-builder-el-first  \" style='border-radius:0px; '><div  class='avia-image-container  av-styling-    avia-builder-el-1  avia-builder-el-no-sibling  avia-align-center '  itemprop=\"image\" itemscope=\"itemscope\" itemtype=\"https:\/\/schema.org\/ImageObject\"  ><div class='avia-image-container-inner'><div class='avia-image-overlay-wrap'><img decoding=\"async\" class='wp-image-48020 avia-img-lazy-loading-not-48020 avia_image' src=\"https:\/\/radiorevelacionfm.cl\/wp-content\/uploads\/2024\/11\/webinar-ugra-1_optimized.jpg\" alt='' title='webinar-ugra-(1)_optimized' height=\"600\" width=\"900\"  itemprop=\"thumbnailUrl\" srcset=\"https:\/\/radiorevelacionfm.cl\/wp-content\/uploads\/2024\/11\/webinar-ugra-1_optimized.jpg 900w, https:\/\/radiorevelacionfm.cl\/wp-content\/uploads\/2024\/11\/webinar-ugra-1_optimized-300x200.jpg 300w, https:\/\/radiorevelacionfm.cl\/wp-content\/uploads\/2024\/11\/webinar-ugra-1_optimized-768x512.jpg 768w, https:\/\/radiorevelacionfm.cl\/wp-content\/uploads\/2024\/11\/webinar-ugra-1_optimized-705x470.jpg 705w, https:\/\/radiorevelacionfm.cl\/wp-content\/uploads\/2024\/11\/webinar-ugra-1_optimized-450x300.jpg 450w, https:\/\/radiorevelacionfm.cl\/wp-content\/uploads\/2024\/11\/webinar-ugra-1_optimized-600x400.jpg 600w\" sizes=\"(max-width: 900px) 100vw, 900px\" \/><\/div><\/div><\/div><\/div><div class=\"flex_column av_one_full  flex_column_div av-zero-column-padding first  avia-builder-el-2  el_after_av_one_full  el_before_av_one_full  column-top-margin\" style='border-radius:0px; '><section class=\"av_textblock_section \"  itemscope=\"itemscope\" itemtype=\"https:\/\/schema.org\/BlogPosting\" itemprop=\"blogPost\" ><div class='avia_textblock  '   itemprop=\"text\" ><p style=\"text-align: center;\"><span style=\"font-size: 18pt;\"><b>Minagri invita a conocer c\u00f3mo viene la temporada estival y prepararse ante su llegada<\/b><\/span><\/p>\n<div id=\"gtx-trans\" style=\"position: absolute; left: -50px; top: 4.31534px;\">\n<div class=\"gtx-trans-icon\"><\/div>\n<\/div>\n<\/div><\/section><\/div><div class=\"flex_column av_one_full  flex_column_div av-zero-column-padding first  avia-builder-el-4  el_after_av_one_full  el_before_av_hr  column-top-margin\" style='border-radius:0px; '><section class=\"av_textblock_section \"  itemscope=\"itemscope\" itemtype=\"https:\/\/schema.org\/BlogPosting\" itemprop=\"blogPost\" ><div class='avia_textblock  '   itemprop=\"text\" ><p style=\"text-align: justify;\"><em>El encuentro informar\u00e1 sobre precauciones y medias frente a posibles alzas de temperaturas y d\u00e9ficit h\u00eddrico en labores de campo, estrategias de prevenci\u00f3n y planes de acci\u00f3n en caso de incendios.<\/em><\/p>\n<p style=\"text-align: justify;\">Con el correr de los d\u00edas las temperaturas son cada vez m\u00e1s altas, lo cual implica una serie de riesgos para el agro. Para conocer c\u00f3mo viene la temporada estival 2024 \u2013 2025 y estar mejor preparados para enfrentarla, el martes 19 de noviembre, entre las 10:00 y las 12:00 horas, se realizar\u00e1 un nuevo encuentro virtual denominado \u00abPanorama Agroclim\u00e1tico Estacional\u00bb, organizado por la Unidad de Gesti\u00f3n de Riesgo de Desastres Agr\u00edcolas (UGRA) de la Subsecretar\u00eda de Agricultura del Minagri.<\/p>\n<p style=\"text-align: justify;\">La actividad que realza el llamado \u00abprepar\u00e1ndonos para una temporada agr\u00edcola con posibles alzas de temperatura y estr\u00e9s h\u00eddrico\u00bb, busca entregar informaci\u00f3n que permita una mejor preparaci\u00f3n para la situaci\u00f3n agroclim\u00e1tica, adem\u00e1s de entregar medidas y pr\u00e1cticas preventivas frente a las posibles alzas de temperaturas y estr\u00e9s h\u00eddrico propios de la temporada estival para distintos rubros del sector.<\/p>\n<p style=\"text-align: justify;\"><strong>Temas del \u00abPanorama\u00bb<\/strong><\/p>\n<p style=\"text-align: justify;\">Durante el encuentro virtual se tratar\u00e1 la situaci\u00f3n agroclim\u00e1tica en perspectiva, haciendo \u00e9nfasis en las proyecciones primavera \u2013 verano, la posibilidad de estr\u00e9s h\u00eddrico y la \u00abpostergada\u00bb llegada del fen\u00f3meno clim\u00e1tico conocido como La Ni\u00f1a.<\/p>\n<p style=\"text-align: justify;\">Adem\u00e1s, expertos expondr\u00e1n acerca de las precauciones frente a posibles alzas de temperatura y d\u00e9ficit h\u00eddrico en las labores de campo, c\u00f3mo enfrentar estas situaciones, planes de acci\u00f3n en caso de incendios, el sistema de alerta temprana del Ministerio de Agricultura, espec\u00edficamente el sistema de alertas de golpes de sol o calor, estrategias de prevenci\u00f3n de incendios y medidas para enfrentar las temperaturas m\u00e1s c\u00e1lidas previstas.<\/p>\n<p style=\"text-align: justify;\">Las ponencias estar\u00e1n a cargo de profesionales de la secci\u00f3n de Meteorolog\u00eda Agr\u00edcola de la Direcci\u00f3n Meteorol\u00f3gica de Chile (DMC), la divisi\u00f3n de Hidrolog\u00eda, Glaciolog\u00eda y Nieves de la Direcci\u00f3n General de Aguas del MOP, la Red Agroclim\u00e1tica Nacional (RAN \u2013 Agromet), CONAF e INDAP.<\/p>\n<p style=\"text-align: justify;\"><strong>Versi\u00f3n 25\u00aa de los Panoramas Agroclim\u00e1ticos Estacionales<\/strong><\/p>\n<p style=\"text-align: justify;\">El \u00abPanorama Agroclim\u00e1tico Estacional\u00bb es una instancia de capacitaci\u00f3n y an\u00e1lisis que se hace 2 veces al a\u00f1o desde 2014 y ha contribuido a fortalecer las capacidades profesionales relacionadas con la gesti\u00f3n de riesgos y adaptaci\u00f3n a la variabilidad y cambio clim\u00e1tico.<\/p>\n<p style=\"text-align: justify;\">La subsecretaria de Agricultura, Ignacia Fern\u00e1ndez, destac\u00f3 la importancia de estar informados y preparados, integrando as\u00ed la gesti\u00f3n de riesgos, especialmente en su dimensi\u00f3n preventiva, con el fin de construir resiliencia frente a amenazas y otros eventos en el sector silvoagropecuario.<\/p>\n<p style=\"text-align: justify;\">Por su parte, el secretario regional ministerial de Agricultura en Ays\u00e9n, Eugenio Ruiz Espinoza, extendi\u00f3 esta invitaci\u00f3n a la comunidad regional e indic\u00f3 que \u00abinvitamos a las campesinas y campesinos de la regi\u00f3n de Ays\u00e9n a participar de este espacio para informarse sobre medidas que permitan enfrentar las amenazas naturales en la agricultura. Mediante esta charla virtual y gratuita, podr\u00e1n generar consultas directas con el UGRA del Ministerio de Agricultura, y para participar solo deben escribir a\u00a0<a href=\"mailto:info@agromet.cl\">info@agromet.cl<\/a>\u00ab.<\/p>\n<p style=\"text-align: justify;\">En ese sentido, las inscripciones al encuentro, adem\u00e1s del acceso al programa con tem\u00e1ticas y expositores que estar\u00e1n presentes en la jornada, se debe realizar mediante el enlace \u00a0<a href=\"https:\/\/forms.gle\/ToAJ8bydhEFVycyx9\">https:\/\/forms.gle\/ToAJ8bydhEFVycyx9<\/a>\u00a0o bien escribir a info@agromet.cl<\/p>\n<\/div><\/section><\/div><div  style='height:50px' class='hr hr-invisible   avia-builder-el-6  el_after_av_one_full  el_before_av_social_share '><span class='hr-inner ' ><span class='hr-inner-style'><\/span><\/span><\/div><\/p>\n<div  class='av-social-sharing-box  avia-builder-el-7  el_after_av_hr  el_before_av_hr  '><div class='av-share-box'><h5 class='av-share-link-description av-no-toc '>Compartir esta noticia<\/h5><ul class='av-share-box-list noLightbox'><li class='av-share-link av-social-link-facebook' ><a target=\"_blank\" aria-label=\"Compartir en Facebook\" href='https:\/\/www.facebook.com\/sharer.php?u=https:\/\/radiorevelacionfm.cl\/?p=48019&#038;t=Minagri%20invita%20a%20conocer%20c%C3%B3mo%20viene%20la%20temporada%20estival%20y%20prepararse%20ante%20su%20llegada' aria-hidden='false' data-av_icon='\ue8f3' data-av_iconfont='entypo-fontello' title='' data-avia-related-tooltip='Compartir en Facebook' rel=\"noopener\"><span class='avia_hidden_link_text'>Compartir en Facebook<\/span><\/a><\/li><li class='av-share-link av-social-link-twitter' ><a target=\"_blank\" aria-label=\"Compartir en Twitter\" href='https:\/\/twitter.com\/share?text=Minagri%20invita%20a%20conocer%20c%C3%B3mo%20viene%20la%20temporada%20estival%20y%20prepararse%20ante%20su%20llegada&#038;url=https:\/\/radiorevelacionfm.cl\/?p=48019' aria-hidden='false' data-av_icon='\ue8f1' data-av_iconfont='entypo-fontello' title='' data-avia-related-tooltip='Compartir en Twitter' rel=\"noopener\"><span class='avia_hidden_link_text'>Compartir en Twitter<\/span><\/a><\/li><li class='av-share-link av-social-link-whatsapp' ><a target=\"_blank\" aria-label=\"Compartir en Whatsapp\" href='https:\/\/api.whatsapp.com\/send?text=https:\/\/radiorevelacionfm.cl\/?p=48019' aria-hidden='false' data-av_icon='\uf232' data-av_iconfont='entypo-fontello' title='' data-avia-related-tooltip='Compartir en Whatsapp' rel=\"noopener\"><span class='avia_hidden_link_text'>Compartir en Whatsapp<\/span><\/a><\/li><li class='av-share-link av-social-link-linkedin' ><a target=\"_blank\" aria-label=\"Compartir en LinkedIn\" href='https:\/\/linkedin.com\/shareArticle?mini=true&#038;title=Minagri%20invita%20a%20conocer%20c%C3%B3mo%20viene%20la%20temporada%20estival%20y%20prepararse%20ante%20su%20llegada&#038;url=https:\/\/radiorevelacionfm.cl\/?p=48019' aria-hidden='false' data-av_icon='\ue8fc' data-av_iconfont='entypo-fontello' title='' data-avia-related-tooltip='Compartir en LinkedIn' rel=\"noopener\"><span class='avia_hidden_link_text'>Compartir en LinkedIn<\/span><\/a><\/li><li class='av-share-link av-social-link-mail' ><a  aria-label=\"Compartir por correo\" href='mailto:?subject=Minagri%20invita%20a%20conocer%20c%C3%B3mo%20viene%20la%20temporada%20estival%20y%20prepararse%20ante%20su%20llegada&#038;body=https:\/\/radiorevelacionfm.cl\/?p=48019' aria-hidden='false' data-av_icon='\ue805' data-av_iconfont='entypo-fontello' title='' data-avia-related-tooltip='Compartir por correo'><span class='avia_hidden_link_text'>Compartir por correo<\/span><\/a><\/li><\/ul><\/div><\/div>\n<div  style='height:50px' class='hr hr-invisible   avia-builder-el-8  el_after_av_social_share  el_before_av_comments_list '><span class='hr-inner ' ><span class='hr-inner-style'><\/span><\/span><\/div>\n<div  class='av-buildercomment  av-blog-meta-html-info-disabled av-blog-meta-tag-disabled  '><\/div>\n","protected":false},"excerpt":{"rendered":"","protected":false},"author":1,"featured_media":48020,"comment_status":"open","ping_status":"open","sticky":false,"template":"","format":"standard","meta":{"footnotes":""},"categories":[58],"tags":[],"class_list":["post-48019","post","type-post","status-publish","format-standard","has-post-thumbnail","hentry","category-agricultura"],"jetpack_featured_media_url":"https:\/\/radiorevelacionfm.cl\/wp-content\/uploads\/2024\/11\/webinar-ugra-1_optimized.jpg","_links":{"self":[{"href":"https:\/\/radiorevelacionfm.cl\/index.php?rest_route=\/wp\/v2\/posts\/48019","targetHints":{"allow":["GET"]}}],"collection":[{"href":"https:\/\/radiorevelacionfm.cl\/index.php?rest_route=\/wp\/v2\/posts"}],"about":[{"href":"https:\/\/radiorevelacionfm.cl\/index.php?rest_route=\/wp\/v2\/types\/post"}],"author":[{"embeddable":true,"href":"https:\/\/radiorevelacionfm.cl\/index.php?rest_route=\/wp\/v2\/users\/1"}],"replies":[{"embeddable":true,"href":"https:\/\/radiorevelacionfm.cl\/index.php?rest_route=%2Fwp%2Fv2%2Fcomments&post=48019"}],"version-history":[{"count":1,"href":"https:\/\/radiorevelacionfm.cl\/index.php?rest_route=\/wp\/v2\/posts\/48019\/revisions"}],"predecessor-version":[{"id":48021,"href":"https:\/\/radiorevelacionfm.cl\/index.php?rest_route=\/wp\/v2\/posts\/48019\/revisions\/48021"}],"wp:featuredmedia":[{"embeddable":true,"href":"https:\/\/radiorevelacionfm.cl\/index.php?rest_route=\/wp\/v2\/media\/48020"}],"wp:attachment":[{"href":"https:\/\/radiorevelacionfm.cl\/index.php?rest_route=%2Fwp%2Fv2%2Fmedia&parent=48019"}],"wp:term":[{"taxonomy":"category","embeddable":true,"href":"https:\/\/radiorevelacionfm.cl\/index.php?rest_route=%2Fwp%2Fv2%2Fcategories&post=48019"},{"taxonomy":"post_tag","embeddable":true,"href":"https:\/\/radiorevelacionfm.cl\/index.php?rest_route=%2Fwp%2Fv2%2Ftags&post=48019"}],"curies":[{"name":"wp","href":"https:\/\/api.w.org\/{rel}","templated":true}]}}