{"id":48008,"date":"2024-11-15T15:54:40","date_gmt":"2024-11-15T18:54:40","guid":{"rendered":"https:\/\/radiorevelacionfm.cl\/?p=48008"},"modified":"2024-11-15T15:54:40","modified_gmt":"2024-11-15T18:54:40","slug":"mop-realizara-conservacion-de-barcazas-para-mantener-su-operatividad-y-condiciones-optimas-de-seguridad","status":"publish","type":"post","link":"https:\/\/radiorevelacionfm.cl\/?p=48008","title":{"rendered":"MOP realizar\u00e1 conservaci\u00f3n de barcazas para mantener su operatividad y condiciones \u00f3ptimas de seguridad"},"content":{"rendered":"<div class=\"flex_column av_one_full  flex_column_div av-zero-column-padding first  avia-builder-el-0  el_before_av_one_full  avia-builder-el-first  \" style='border-radius:0px; '><div  class='avia-image-container  av-styling-    avia-builder-el-1  avia-builder-el-no-sibling  avia-align-center '  itemprop=\"image\" itemscope=\"itemscope\" itemtype=\"https:\/\/schema.org\/ImageObject\"  ><div class='avia-image-container-inner'><div class='avia-image-overlay-wrap'><img decoding=\"async\" class='wp-image-48009 avia-img-lazy-loading-not-48009 avia_image' src=\"https:\/\/radiorevelacionfm.cl\/wp-content\/uploads\/2024\/11\/pilchero-1_optimized.jpg\" alt='' title='pilchero-(1)_optimized' height=\"600\" width=\"800\"  itemprop=\"thumbnailUrl\" srcset=\"https:\/\/radiorevelacionfm.cl\/wp-content\/uploads\/2024\/11\/pilchero-1_optimized.jpg 800w, https:\/\/radiorevelacionfm.cl\/wp-content\/uploads\/2024\/11\/pilchero-1_optimized-300x225.jpg 300w, https:\/\/radiorevelacionfm.cl\/wp-content\/uploads\/2024\/11\/pilchero-1_optimized-768x576.jpg 768w, https:\/\/radiorevelacionfm.cl\/wp-content\/uploads\/2024\/11\/pilchero-1_optimized-705x529.jpg 705w, https:\/\/radiorevelacionfm.cl\/wp-content\/uploads\/2024\/11\/pilchero-1_optimized-450x338.jpg 450w, https:\/\/radiorevelacionfm.cl\/wp-content\/uploads\/2024\/11\/pilchero-1_optimized-600x450.jpg 600w\" sizes=\"(max-width: 800px) 100vw, 800px\" \/><\/div><\/div><\/div><\/div><div class=\"flex_column av_one_full  flex_column_div av-zero-column-padding first  avia-builder-el-2  el_after_av_one_full  el_before_av_one_full  column-top-margin\" style='border-radius:0px; '><section class=\"av_textblock_section \"  itemscope=\"itemscope\" itemtype=\"https:\/\/schema.org\/BlogPosting\" itemprop=\"blogPost\" ><div class='avia_textblock  '   itemprop=\"text\" ><p style=\"text-align: center;\"><strong><span style=\"font-size: 18pt;\">MOP realizar\u00e1 conservaci\u00f3n de barcazas para mantener su operatividad y condiciones \u00f3ptimas de seguridad<\/span><\/strong><\/p>\n<div id=\"gtx-trans\" style=\"position: absolute; left: -50px; top: 4.31534px;\">\n<div class=\"gtx-trans-icon\"><\/div>\n<\/div>\n<\/div><\/section><\/div><div class=\"flex_column av_one_full  flex_column_div av-zero-column-padding first  avia-builder-el-4  el_after_av_one_full  el_before_av_hr  column-top-margin\" style='border-radius:0px; '><section class=\"av_textblock_section \"  itemscope=\"itemscope\" itemtype=\"https:\/\/schema.org\/BlogPosting\" itemprop=\"blogPost\" ><div class='avia_textblock  '   itemprop=\"text\" ><p style=\"text-align: justify;\">La Secretaria Regional Ministerial de Obras P\u00fablicas, Paloma Jara Vald\u00e9s, inform\u00f3 que la Direcci\u00f3n Regional de Obras Portuarias realizar\u00e1 una serie de conservaciones a las Barcazas bajo su cargo, con el fin de mantener su operatividad y condiciones \u00f3ptimas de seguridad con el objeto de entregar un servicio continuo a la comunidad.<\/p>\n<p style=\"text-align: justify;\">La autoridad regional de Obras P\u00fablicas, indic\u00f3 que para poder enfrentar en buenas condiciones una nueva temporada tur\u00edstica, es necesario realizar estos trabajos en las embarcaciones, y agreg\u00f3 que \u201cnuestro equipo de la Direcci\u00f3n de Obras Portuarias se encuentra preparando las licitaciones para concretar las conservaciones que requieren las naves La Tehuelche, Padre Antonio Ronchi, El Tehuelche y la Pilchero, con el objeto de continuar reforzando la prevenci\u00f3n de inconvenientes para que todas ellas puedan entregar un servicio permanente y \u00f3ptimo a la comunidad\u201d.<\/p>\n<p style=\"text-align: justify;\">As\u00ed lo refrend\u00f3 tambi\u00e9n, \u00c1lvaro D\u00edaz Contreras, director Regional de Obras Portuarias (DOP) del MOP, quien coment\u00f3 que su Servicio est\u00e1 implementando hace dos a\u00f1os atr\u00e1s un sistema para prever las fallas en las embarcaciones y prepararlas de la mejor forma posible para que est\u00e9n operativas en temporada alta. \u201cUna vez finalizada la temporada alta nosotros volvemos a intervenir la embarcaci\u00f3n para ver en qu\u00e9 condiciones se encuentra despu\u00e9s de haber salido de un per\u00edodo en donde viaja m\u00e1s -las horas de funcionamiento aumentan y los motores est\u00e1n en funcionamiento m\u00e1s horas del d\u00eda- por lo tanto, las mantenciones se hacen en forma m\u00e1s peri\u00f3dica y con ello se da cumplimiento a la comunidad y a la autoridad mar\u00edtima respecto de mantener una nave con mayores niveles de seguridad y de calidad de servicio\u201d.<\/p>\n<p style=\"text-align: justify;\">En\u00a0 esta misma l\u00ednea, el director de la DOP, dijo que tambi\u00e9n van a realizar una conservaci\u00f3n a la Barcaza La Tehuelche, \u201cComo la comunidad sabe, es necesario y esencial hoy d\u00eda realizar a las embarcaciones inspecciones a los equipos principales, y a La Tehuelche le vamos a efectuar una inspecci\u00f3n y mantenci\u00f3n por las 1500 horas de funcionamiento de los motores principales, se est\u00e1 coordinando a trav\u00e9s de la empresa operadora Transal que vengan los t\u00e9cnicos autorizados de Cummins -que es la marca de los equipos- para que los puedan inspeccionar, revisar y determinar las necesidades que tengan de una pr\u00f3xima mantenci\u00f3n. Es una conservaci\u00f3n que implica que la embarcaci\u00f3n La Tehuelche va a estar detenida desde el 24 de noviembre hasta el 05 de diciembre, lo que ya hemos informado al Ministerio de Transportes para realizar las coordinaciones que esto requiere y efectuar difusi\u00f3n de ello, porque esto es primordial para poder mantener las condiciones \u00f3ptimas de operaci\u00f3n y seguridad de la embarcaci\u00f3n. Con el Ministerio de Transportes ya se est\u00e1 coordinado el reemplazo de La Tehuelche por la nave Chelenko y el aumento de buses terrestres entre otros subsidios que est\u00e9n disponibles para mantener la conectividad lacustre entre Puerto Ib\u00e1\u00f1ez y Chile Chico.<\/p>\n<p style=\"text-align: justify;\"><strong><u>LICITACI\u00d3N DE CONSERVACI\u00d3N DE BARCAZAS<\/u><\/strong><\/p>\n<p style=\"text-align: justify;\">De igual forma, se debe considerar la detenci\u00f3n de <strong>la embarcaci\u00f3n Padre Antonio Ronchi,<\/strong> a la que tambi\u00e9n se le inspeccionaran los motores y equipos principales. Antes de temporada alta, las primeras dos semanas de diciembre 2024, se espera poder realizar esta inspecci\u00f3n. Posteriormente, el primer trimestre 2025 licitaremos la conservaci\u00f3n para hacer adecuaciones a la sala de m\u00e1quinas para instalarle un sistema de ventilaci\u00f3n forzada que permita eliminar la condensaci\u00f3n que se est\u00e1 produciendo en los meses de invierno.<\/p>\n<p style=\"text-align: justify;\">Con relaci\u00f3n a la<strong> Barcaza El Tehuelche<\/strong> \u00a0-que se encuentra varada en Puerto Yungay-\u00a0 estamos efectuando el proceso de publicaci\u00f3n de la licitaci\u00f3n para generar la extracci\u00f3n de residuos oleosos que tiene esa nave, efectuar un sellado de escotillas, el cambio de algunos elementos de amarre para que quede en condiciones \u00f3ptimas para que el pr\u00f3ximo a\u00f1o puedan llevarla a un astillero y sea reparada.<\/p>\n<p style=\"text-align: justify;\">En el caso de la<strong> Barcaza Pilchero, <\/strong>logramos realizar las gestiones para que esta embarcaci\u00f3n quede a cargo de la Direcci\u00f3n Regional de Obras Portuarias del MOP, y ahora vamos a poder reparar y\/o subsanar todas las observaciones que ha indicado la autoridad mar\u00edtima, las que le imped\u00edan a esta nave estar operativa para navegar en el Lago General Carrera, as\u00ed que hoy la DOP cuenta con los fondos disponibles para gestionar esta conservaci\u00f3n y dentro de las pr\u00f3ximas dos semanas vamos a publicar la licitaci\u00f3n para que podamos adjudicar el contrato este a\u00f1o de acuerdo a lo programado, con el objeto de que esta nave pueda estar operativa el primer semestre del pr\u00f3ximo a\u00f1o.<\/p>\n<\/div><\/section><\/div><div  style='height:50px' class='hr hr-invisible   avia-builder-el-6  el_after_av_one_full  el_before_av_social_share '><span class='hr-inner ' ><span class='hr-inner-style'><\/span><\/span><\/div><\/p>\n<div  class='av-social-sharing-box  avia-builder-el-7  el_after_av_hr  el_before_av_hr  '><div class='av-share-box'><h5 class='av-share-link-description av-no-toc '>Compartir esta noticia<\/h5><ul class='av-share-box-list noLightbox'><li class='av-share-link av-social-link-facebook' ><a target=\"_blank\" aria-label=\"Compartir en Facebook\" href='https:\/\/www.facebook.com\/sharer.php?u=https:\/\/radiorevelacionfm.cl\/?p=48008&#038;t=MOP%20realizar%C3%A1%20conservaci%C3%B3n%20de%20barcazas%20para%20mantener%20su%20operatividad%20y%20condiciones%20%C3%B3ptimas%20de%20seguridad' aria-hidden='false' data-av_icon='\ue8f3' data-av_iconfont='entypo-fontello' title='' data-avia-related-tooltip='Compartir en Facebook' rel=\"noopener\"><span class='avia_hidden_link_text'>Compartir en Facebook<\/span><\/a><\/li><li class='av-share-link av-social-link-twitter' ><a target=\"_blank\" aria-label=\"Compartir en Twitter\" href='https:\/\/twitter.com\/share?text=MOP%20realizar%C3%A1%20conservaci%C3%B3n%20de%20barcazas%20para%20mantener%20su%20operatividad%20y%20condiciones%20%C3%B3ptimas%20de%20seguridad&#038;url=https:\/\/radiorevelacionfm.cl\/?p=48008' aria-hidden='false' data-av_icon='\ue8f1' data-av_iconfont='entypo-fontello' title='' data-avia-related-tooltip='Compartir en Twitter' rel=\"noopener\"><span class='avia_hidden_link_text'>Compartir en Twitter<\/span><\/a><\/li><li class='av-share-link av-social-link-whatsapp' ><a target=\"_blank\" aria-label=\"Compartir en Whatsapp\" href='https:\/\/api.whatsapp.com\/send?text=https:\/\/radiorevelacionfm.cl\/?p=48008' aria-hidden='false' data-av_icon='\uf232' data-av_iconfont='entypo-fontello' title='' data-avia-related-tooltip='Compartir en Whatsapp' rel=\"noopener\"><span class='avia_hidden_link_text'>Compartir en Whatsapp<\/span><\/a><\/li><li class='av-share-link av-social-link-linkedin' ><a target=\"_blank\" aria-label=\"Compartir en LinkedIn\" href='https:\/\/linkedin.com\/shareArticle?mini=true&#038;title=MOP%20realizar%C3%A1%20conservaci%C3%B3n%20de%20barcazas%20para%20mantener%20su%20operatividad%20y%20condiciones%20%C3%B3ptimas%20de%20seguridad&#038;url=https:\/\/radiorevelacionfm.cl\/?p=48008' aria-hidden='false' data-av_icon='\ue8fc' data-av_iconfont='entypo-fontello' title='' data-avia-related-tooltip='Compartir en LinkedIn' rel=\"noopener\"><span class='avia_hidden_link_text'>Compartir en LinkedIn<\/span><\/a><\/li><li class='av-share-link av-social-link-mail' ><a  aria-label=\"Compartir por correo\" href='mailto:?subject=MOP%20realizar%C3%A1%20conservaci%C3%B3n%20de%20barcazas%20para%20mantener%20su%20operatividad%20y%20condiciones%20%C3%B3ptimas%20de%20seguridad&#038;body=https:\/\/radiorevelacionfm.cl\/?p=48008' aria-hidden='false' data-av_icon='\ue805' data-av_iconfont='entypo-fontello' title='' data-avia-related-tooltip='Compartir por correo'><span class='avia_hidden_link_text'>Compartir por correo<\/span><\/a><\/li><\/ul><\/div><\/div>\n<div  style='height:50px' class='hr hr-invisible   avia-builder-el-8  el_after_av_social_share  el_before_av_comments_list '><span class='hr-inner ' ><span class='hr-inner-style'><\/span><\/span><\/div>\n<div  class='av-buildercomment  av-blog-meta-html-info-disabled av-blog-meta-tag-disabled  '><\/div>\n","protected":false},"excerpt":{"rendered":"","protected":false},"author":1,"featured_media":48009,"comment_status":"open","ping_status":"open","sticky":false,"template":"","format":"standard","meta":{"footnotes":""},"categories":[38],"tags":[],"class_list":["post-48008","post","type-post","status-publish","format-standard","has-post-thumbnail","hentry","category-regional"],"jetpack_featured_media_url":"https:\/\/radiorevelacionfm.cl\/wp-content\/uploads\/2024\/11\/pilchero-1_optimized.jpg","_links":{"self":[{"href":"https:\/\/radiorevelacionfm.cl\/index.php?rest_route=\/wp\/v2\/posts\/48008","targetHints":{"allow":["GET"]}}],"collection":[{"href":"https:\/\/radiorevelacionfm.cl\/index.php?rest_route=\/wp\/v2\/posts"}],"about":[{"href":"https:\/\/radiorevelacionfm.cl\/index.php?rest_route=\/wp\/v2\/types\/post"}],"author":[{"embeddable":true,"href":"https:\/\/radiorevelacionfm.cl\/index.php?rest_route=\/wp\/v2\/users\/1"}],"replies":[{"embeddable":true,"href":"https:\/\/radiorevelacionfm.cl\/index.php?rest_route=%2Fwp%2Fv2%2Fcomments&post=48008"}],"version-history":[{"count":1,"href":"https:\/\/radiorevelacionfm.cl\/index.php?rest_route=\/wp\/v2\/posts\/48008\/revisions"}],"predecessor-version":[{"id":48010,"href":"https:\/\/radiorevelacionfm.cl\/index.php?rest_route=\/wp\/v2\/posts\/48008\/revisions\/48010"}],"wp:featuredmedia":[{"embeddable":true,"href":"https:\/\/radiorevelacionfm.cl\/index.php?rest_route=\/wp\/v2\/media\/48009"}],"wp:attachment":[{"href":"https:\/\/radiorevelacionfm.cl\/index.php?rest_route=%2Fwp%2Fv2%2Fmedia&parent=48008"}],"wp:term":[{"taxonomy":"category","embeddable":true,"href":"https:\/\/radiorevelacionfm.cl\/index.php?rest_route=%2Fwp%2Fv2%2Fcategories&post=48008"},{"taxonomy":"post_tag","embeddable":true,"href":"https:\/\/radiorevelacionfm.cl\/index.php?rest_route=%2Fwp%2Fv2%2Ftags&post=48008"}],"curies":[{"name":"wp","href":"https:\/\/api.w.org\/{rel}","templated":true}]}}