{"id":48004,"date":"2024-11-15T15:32:31","date_gmt":"2024-11-15T18:32:31","guid":{"rendered":"https:\/\/radiorevelacionfm.cl\/?p=48004"},"modified":"2024-11-15T15:44:06","modified_gmt":"2024-11-15T18:44:06","slug":"gestiones-del-diputado-calisto-permiten-aumentar-recursos-para-cardiologia-en-la-region","status":"publish","type":"post","link":"https:\/\/radiorevelacionfm.cl\/?p=48004","title":{"rendered":"Gestiones del diputado Calisto permiten aumentar recursos para cardiolog\u00eda en la regi\u00f3n"},"content":{"rendered":"<div class=\"flex_column av_one_full  flex_column_div av-zero-column-padding first  avia-builder-el-0  el_before_av_one_full  avia-builder-el-first  \" style='border-radius:0px; '><div  class='avia-image-container  av-styling-    avia-builder-el-1  avia-builder-el-no-sibling  avia-align-center '  itemprop=\"image\" itemscope=\"itemscope\" itemtype=\"https:\/\/schema.org\/ImageObject\"  ><div class='avia-image-container-inner'><div class='avia-image-overlay-wrap'><img decoding=\"async\" class='wp-image-48005 avia-img-lazy-loading-not-48005 avia_image' src=\"https:\/\/radiorevelacionfm.cl\/wp-content\/uploads\/2024\/11\/FOTO-MINISTRA-DE-SALUD-1-1.jpg\" alt='' title='FOTO MINISTRA DE SALUD (1) (1)' height=\"600\" width=\"938\"  itemprop=\"thumbnailUrl\" srcset=\"https:\/\/radiorevelacionfm.cl\/wp-content\/uploads\/2024\/11\/FOTO-MINISTRA-DE-SALUD-1-1.jpg 938w, https:\/\/radiorevelacionfm.cl\/wp-content\/uploads\/2024\/11\/FOTO-MINISTRA-DE-SALUD-1-1-300x192.jpg 300w, https:\/\/radiorevelacionfm.cl\/wp-content\/uploads\/2024\/11\/FOTO-MINISTRA-DE-SALUD-1-1-768x491.jpg 768w, https:\/\/radiorevelacionfm.cl\/wp-content\/uploads\/2024\/11\/FOTO-MINISTRA-DE-SALUD-1-1-705x451.jpg 705w, https:\/\/radiorevelacionfm.cl\/wp-content\/uploads\/2024\/11\/FOTO-MINISTRA-DE-SALUD-1-1-450x288.jpg 450w, https:\/\/radiorevelacionfm.cl\/wp-content\/uploads\/2024\/11\/FOTO-MINISTRA-DE-SALUD-1-1-600x384.jpg 600w\" sizes=\"(max-width: 938px) 100vw, 938px\" \/><\/div><\/div><\/div><\/div>\n<div class=\"flex_column av_one_full  flex_column_div av-zero-column-padding first  avia-builder-el-2  el_after_av_one_full  el_before_av_one_full  column-top-margin\" style='border-radius:0px; '><section class=\"av_textblock_section \"  itemscope=\"itemscope\" itemtype=\"https:\/\/schema.org\/BlogPosting\" itemprop=\"blogPost\" ><div class='avia_textblock  '   itemprop=\"text\" ><p style=\"text-align: center;\"><span style=\"font-size: 18pt;\"><b>Gestiones del diputado Calisto permiten aumentar recursos para cardiolog\u00eda en la regi\u00f3n<\/b><\/span><\/p>\n<div id=\"gtx-trans\" style=\"position: absolute; left: -50px; top: 4.31534px;\">\n<div class=\"gtx-trans-icon\"><\/div>\n<\/div>\n<\/div><\/section><\/div>\n<div class=\"flex_column av_one_full  flex_column_div av-zero-column-padding first  avia-builder-el-4  el_after_av_one_full  el_before_av_hr  column-top-margin\" style='border-radius:0px; '><section class=\"av_textblock_section \"  itemscope=\"itemscope\" itemtype=\"https:\/\/schema.org\/BlogPosting\" itemprop=\"blogPost\" ><div class='avia_textblock  '   itemprop=\"text\" ><p style=\"font-weight: 400; text-align: justify;\">Durante la jornada de este jueves, las distintas gestiones realizadas por el diputado Miguel \u00c1ngel Calisto permitieron ingresar en el protocolo de acuerdo de la partida de salud del Presupuesto 2025, el aumento de recursos para la contrataci\u00f3n de personal y equipos de cardiolog\u00eda, todo con miras a la esperada implementaci\u00f3n del angi\u00f3grafo proyectada para el a\u00f1o 2026.<\/p>\n<p style=\"font-weight: 400; text-align: justify;\">Seg\u00fan el legislador, quien se reuni\u00f3 con la Ministra de Salud, Ximena Aguilera, \u201cle hemos transmitido a la Ministra la preocupaci\u00f3n que existe por parte de la agrupaci\u00f3n cardiolog\u00eda para Ays\u00e9n y tambi\u00e9n de toda la comunidad respecto de la falta de cardi\u00f3logo en la regi\u00f3n, adem\u00e1s de las cerca de 1.800 ecos al coraz\u00f3n que hoy d\u00eda est\u00e1n pendientes. Tambi\u00e9n le planteamos que no se han podido realizar \u00a0cerca de 600 atenciones de consultas a cardi\u00f3logos\u201d.<\/p>\n<p style=\"font-weight: 400; text-align: justify;\">\u201cHemos llegado a un compromiso. La ministra ha informado que se va a implementar este sistema en marzo de 2026 para poder garantizar definitivamente la atenci\u00f3n, pero la idea es poder mejorar el proceso de aqu\u00ed hasta esa fecha\u201d, se\u00f1al\u00f3 el legislador.<\/p>\n<p style=\"font-weight: 400; text-align: justify;\">Seg\u00fan la Ministra de Salud, Ximena Aguilera, \u201ces importante considerar que los especialistas requieren tener el equipamiento para que efectivamente puedan desarrollar plenamente su especialidad, en el caso del hospital de Coyhaique que ha sido dif\u00edcil y largo contar con el angi\u00f3grafo. Sin embargo, ya estamos bastante avanzados, tenemos la aprobaci\u00f3n del proyecto y esperamos que avance sin problemas durante el 2025, de manera de tener los recursos para tener un especialista estable a partir del 2026\u201d.<\/p>\n<p style=\"font-weight: 400; text-align: justify;\">\u201cPero en el camino por cierto que el sistema tiene posibilidad de ofrecer, tantorondas de especialistas o la toma de ex\u00e1menes que requieran las personas, y eso es lo que se va a tratar de ir resolviendo en este periodo por gesti\u00f3n del Director de Servicio\u201d, indic\u00f3.<\/p>\n<p style=\"font-weight: 400; text-align: justify;\">Finalmente, la titular de la cartera afirm\u00f3 que \u201ceste es una solicitud muy anhelada por los parlamentarios de la zona y la comunidad, as\u00ed que a nosotros tambi\u00e9n nos interesa por la importancia que tiene la regi\u00f3n y el aislamiento que tiene, porque efectivamente tienen una alta carga de enfermedad cardiovascular\u201d.<\/p>\n<\/div><\/section><\/div><div  style='height:50px' class='hr hr-invisible   avia-builder-el-6  el_after_av_one_full  el_before_av_social_share '><span class='hr-inner ' ><span class='hr-inner-style'><\/span><\/span><\/div><\/p>\n<div  class='av-social-sharing-box  avia-builder-el-7  el_after_av_hr  el_before_av_hr  '><div class='av-share-box'><h5 class='av-share-link-description av-no-toc '>Compartir esta noticia<\/h5><ul class='av-share-box-list noLightbox'><li class='av-share-link av-social-link-facebook' ><a target=\"_blank\" aria-label=\"Compartir en Facebook\" href='https:\/\/www.facebook.com\/sharer.php?u=https:\/\/radiorevelacionfm.cl\/?p=48004&#038;t=Gestiones%20del%20diputado%20Calisto%20permiten%20aumentar%20recursos%20para%20cardiolog%C3%ADa%20en%20la%20regi%C3%B3n' aria-hidden='false' data-av_icon='\ue8f3' data-av_iconfont='entypo-fontello' title='' data-avia-related-tooltip='Compartir en Facebook' rel=\"noopener\"><span class='avia_hidden_link_text'>Compartir en Facebook<\/span><\/a><\/li><li class='av-share-link av-social-link-twitter' ><a target=\"_blank\" aria-label=\"Compartir en Twitter\" href='https:\/\/twitter.com\/share?text=Gestiones%20del%20diputado%20Calisto%20permiten%20aumentar%20recursos%20para%20cardiolog%C3%ADa%20en%20la%20regi%C3%B3n&#038;url=https:\/\/radiorevelacionfm.cl\/?p=48004' aria-hidden='false' data-av_icon='\ue8f1' data-av_iconfont='entypo-fontello' title='' data-avia-related-tooltip='Compartir en Twitter' rel=\"noopener\"><span class='avia_hidden_link_text'>Compartir en Twitter<\/span><\/a><\/li><li class='av-share-link av-social-link-whatsapp' ><a target=\"_blank\" aria-label=\"Compartir en Whatsapp\" href='https:\/\/api.whatsapp.com\/send?text=https:\/\/radiorevelacionfm.cl\/?p=48004' aria-hidden='false' data-av_icon='\uf232' data-av_iconfont='entypo-fontello' title='' data-avia-related-tooltip='Compartir en Whatsapp' rel=\"noopener\"><span class='avia_hidden_link_text'>Compartir en Whatsapp<\/span><\/a><\/li><li class='av-share-link av-social-link-linkedin' ><a target=\"_blank\" aria-label=\"Compartir en LinkedIn\" href='https:\/\/linkedin.com\/shareArticle?mini=true&#038;title=Gestiones%20del%20diputado%20Calisto%20permiten%20aumentar%20recursos%20para%20cardiolog%C3%ADa%20en%20la%20regi%C3%B3n&#038;url=https:\/\/radiorevelacionfm.cl\/?p=48004' aria-hidden='false' data-av_icon='\ue8fc' data-av_iconfont='entypo-fontello' title='' data-avia-related-tooltip='Compartir en LinkedIn' rel=\"noopener\"><span class='avia_hidden_link_text'>Compartir en LinkedIn<\/span><\/a><\/li><li class='av-share-link av-social-link-mail' ><a  aria-label=\"Compartir por correo\" href='mailto:?subject=Gestiones%20del%20diputado%20Calisto%20permiten%20aumentar%20recursos%20para%20cardiolog%C3%ADa%20en%20la%20regi%C3%B3n&#038;body=https:\/\/radiorevelacionfm.cl\/?p=48004' aria-hidden='false' data-av_icon='\ue805' data-av_iconfont='entypo-fontello' title='' data-avia-related-tooltip='Compartir por correo'><span class='avia_hidden_link_text'>Compartir por correo<\/span><\/a><\/li><\/ul><\/div><\/div>\n<div  style='height:50px' class='hr hr-invisible   avia-builder-el-8  el_after_av_social_share  el_before_av_comments_list '><span class='hr-inner ' ><span class='hr-inner-style'><\/span><\/span><\/div>\n<div  class='av-buildercomment  av-blog-meta-html-info-disabled av-blog-meta-tag-disabled  '><\/div>\n","protected":false},"excerpt":{"rendered":"","protected":false},"author":1,"featured_media":48005,"comment_status":"open","ping_status":"open","sticky":false,"template":"","format":"standard","meta":{"footnotes":""},"categories":[35],"tags":[],"class_list":["post-48004","post","type-post","status-publish","format-standard","has-post-thumbnail","hentry","category-politica"],"jetpack_featured_media_url":"https:\/\/radiorevelacionfm.cl\/wp-content\/uploads\/2024\/11\/FOTO-MINISTRA-DE-SALUD-1-1.jpg","_links":{"self":[{"href":"https:\/\/radiorevelacionfm.cl\/index.php?rest_route=\/wp\/v2\/posts\/48004","targetHints":{"allow":["GET"]}}],"collection":[{"href":"https:\/\/radiorevelacionfm.cl\/index.php?rest_route=\/wp\/v2\/posts"}],"about":[{"href":"https:\/\/radiorevelacionfm.cl\/index.php?rest_route=\/wp\/v2\/types\/post"}],"author":[{"embeddable":true,"href":"https:\/\/radiorevelacionfm.cl\/index.php?rest_route=\/wp\/v2\/users\/1"}],"replies":[{"embeddable":true,"href":"https:\/\/radiorevelacionfm.cl\/index.php?rest_route=%2Fwp%2Fv2%2Fcomments&post=48004"}],"version-history":[{"count":2,"href":"https:\/\/radiorevelacionfm.cl\/index.php?rest_route=\/wp\/v2\/posts\/48004\/revisions"}],"predecessor-version":[{"id":48007,"href":"https:\/\/radiorevelacionfm.cl\/index.php?rest_route=\/wp\/v2\/posts\/48004\/revisions\/48007"}],"wp:featuredmedia":[{"embeddable":true,"href":"https:\/\/radiorevelacionfm.cl\/index.php?rest_route=\/wp\/v2\/media\/48005"}],"wp:attachment":[{"href":"https:\/\/radiorevelacionfm.cl\/index.php?rest_route=%2Fwp%2Fv2%2Fmedia&parent=48004"}],"wp:term":[{"taxonomy":"category","embeddable":true,"href":"https:\/\/radiorevelacionfm.cl\/index.php?rest_route=%2Fwp%2Fv2%2Fcategories&post=48004"},{"taxonomy":"post_tag","embeddable":true,"href":"https:\/\/radiorevelacionfm.cl\/index.php?rest_route=%2Fwp%2Fv2%2Ftags&post=48004"}],"curies":[{"name":"wp","href":"https:\/\/api.w.org\/{rel}","templated":true}]}}