{"id":48000,"date":"2024-11-16T12:13:08","date_gmt":"2024-11-16T15:13:08","guid":{"rendered":"https:\/\/radiorevelacionfm.cl\/?p=48000"},"modified":"2024-11-16T12:13:08","modified_gmt":"2024-11-16T15:13:08","slug":"realizan-expedicion-cientifica-al-pio-xi-uno-de-los-pocos-glaciares-que-acumulan-hielo-en-la-patagonia-chilena","status":"publish","type":"post","link":"https:\/\/radiorevelacionfm.cl\/?p=48000","title":{"rendered":"Realizan expedici\u00f3n cient\u00edfica al \u201cP\u00edo XI\u201d, uno de los pocos glaciares que acumulan hielo en la Patagonia chilena"},"content":{"rendered":"<div class=\"flex_column av_one_full  flex_column_div av-zero-column-padding first  avia-builder-el-0  el_before_av_one_full  avia-builder-el-first  \" style='border-radius:0px; '><div  class='avia-image-container  av-styling-    avia-builder-el-1  avia-builder-el-no-sibling  avia-align-center '  itemprop=\"image\" itemscope=\"itemscope\" itemtype=\"https:\/\/schema.org\/ImageObject\"  ><div class='avia-image-container-inner'><div class='avia-image-overlay-wrap'><img decoding=\"async\" class='wp-image-48001 avia-img-lazy-loading-not-48001 avia_image' src=\"https:\/\/radiorevelacionfm.cl\/wp-content\/uploads\/2024\/11\/Equipo-de-investigadores-en-el-frente-del-glaciar-1-1.jpeg\" alt='' title='Equipo de investigadores en el frente del glaciar (1) (1)' height=\"600\" width=\"800\"  itemprop=\"thumbnailUrl\" srcset=\"https:\/\/radiorevelacionfm.cl\/wp-content\/uploads\/2024\/11\/Equipo-de-investigadores-en-el-frente-del-glaciar-1-1.jpeg 800w, https:\/\/radiorevelacionfm.cl\/wp-content\/uploads\/2024\/11\/Equipo-de-investigadores-en-el-frente-del-glaciar-1-1-300x225.jpeg 300w, https:\/\/radiorevelacionfm.cl\/wp-content\/uploads\/2024\/11\/Equipo-de-investigadores-en-el-frente-del-glaciar-1-1-768x576.jpeg 768w, https:\/\/radiorevelacionfm.cl\/wp-content\/uploads\/2024\/11\/Equipo-de-investigadores-en-el-frente-del-glaciar-1-1-705x529.jpeg 705w, https:\/\/radiorevelacionfm.cl\/wp-content\/uploads\/2024\/11\/Equipo-de-investigadores-en-el-frente-del-glaciar-1-1-450x338.jpeg 450w, https:\/\/radiorevelacionfm.cl\/wp-content\/uploads\/2024\/11\/Equipo-de-investigadores-en-el-frente-del-glaciar-1-1-600x450.jpeg 600w\" sizes=\"(max-width: 800px) 100vw, 800px\" \/><\/div><\/div><\/div><\/div>\n<div class=\"flex_column av_one_full  flex_column_div av-zero-column-padding first  avia-builder-el-2  el_after_av_one_full  el_before_av_one_full  column-top-margin\" style='border-radius:0px; '><section class=\"av_textblock_section \"  itemscope=\"itemscope\" itemtype=\"https:\/\/schema.org\/BlogPosting\" itemprop=\"blogPost\" ><div class='avia_textblock  '   itemprop=\"text\" ><p style=\"text-align: center;\"><strong><span style=\"font-size: 18pt;\">Realizan expedici\u00f3n cient\u00edfica al \u201cP\u00edo XI\u201d, uno de los pocos glaciares que acumulan hielo en la Patagonia chilena<\/span><\/strong><\/p>\n<div id=\"gtx-trans\" style=\"position: absolute; left: -50px; top: 4.31534px;\">\n<div class=\"gtx-trans-icon\"><\/div>\n<\/div>\n<\/div><\/section><\/div>\n<div class=\"flex_column av_one_full  flex_column_div av-zero-column-padding first  avia-builder-el-4  el_after_av_one_full  el_before_av_hr  column-top-margin\" style='border-radius:0px; '><section class=\"av_textblock_section \"  itemscope=\"itemscope\" itemtype=\"https:\/\/schema.org\/BlogPosting\" itemprop=\"blogPost\" ><div class='avia_textblock  '   itemprop=\"text\" ><p style=\"text-align: justify;\">En la remota extensi\u00f3n de Campo de Hielo Sur, en la Patagonia chilena, un equipo de cient\u00edficos de las universidades de Concepci\u00f3n, Andr\u00e9s Bello y Austral ha realizado una expedici\u00f3n hacia el glaciar P\u00edo XI, el m\u00e1s grande de Am\u00e9rica del Sur y uno de los pocos en el mundo que, en lugar de retroceder, avanza. Este fen\u00f3meno excepcional ha motivado un enfoque multidisciplinario para desentra\u00f1ar los complejos mecanismos que podr\u00edan explicar su inusual crecimiento y su impacto en el ecosistema circundante.<\/p>\n<p style=\"text-align: justify;\">El equipo conformado por glaci\u00f3logos, ocean\u00f3grafos y bi\u00f3logos marinos se dirigi\u00f3 al Fiordo Eyre, en la Provincia de \u00daltima Esperanza de la Regi\u00f3n de Magallanes, donde se emplaza el glaciar, con la intenci\u00f3n de profundizar en el conocimiento de la din\u00e1mica glaciar, oce\u00e1nica y biol\u00f3gica de la zona. Una de las l\u00edderes de la expedici\u00f3n es la doctora Ilaria Tabone, glaci\u00f3loga y acad\u00e9mica del Departamento de Geof\u00edsica de la Universidad de Concepci\u00f3n.<\/p>\n<p style=\"text-align: justify;\">Durante la expedici\u00f3n, realizada del 1 al 9 de noviembre pasados, los cient\u00edficos instalaron una \u201cbaliza de ablaci\u00f3n\u201d en el glaciar. Este instrumento, que ser\u00e1 revisado en futuras expediciones, permitir\u00e1 medir la p\u00e9rdida de hielo por fusi\u00f3n superficial, comparando la altura inicial y final de la baliza instalada durante la temporada estival. Esta tarea es clave para analizar los cambios en la masa glaciar y su balance en relaci\u00f3n con las condiciones clim\u00e1ticas locales.<\/p>\n<p style=\"text-align: justify;\">Otro paso fue la instalaci\u00f3n de sensores t\u00e9rmicos a diversas elevaciones en la morrena lateral del glaciar, espec\u00edficamente a 200, 400, 600 y 800 metros de altitud. Estos dispositivos medir\u00e1n la temperatura superficial del aire durante un a\u00f1o, ayudando a estimar las diferencias de temperatura seg\u00fan la altitud, un factor que incide directamente en el balance de masa del glaciar. La construcci\u00f3n de estos soportes fue una colaboraci\u00f3n del profesor V\u00edctor Villagr\u00e1n, del laboratorio MidGeo de Geof\u00edsica de la UdeC, para asegurar la precisi\u00f3n de los datos recolectados en condiciones extremas.<\/p>\n<p style=\"text-align: justify;\">Adem\u00e1s, el equipo instal\u00f3 CTDs en distintos puntos del Fiordo Eyre. Estos instrumentos permiten registrar datos detallados de la salinidad, temperatura y profundidad del agua, esenciales para caracterizar las condiciones hidrogr\u00e1ficas del fiordo y entender c\u00f3mo las aguas interact\u00faan con el frente del glaciar.<\/p>\n<p style=\"text-align: justify;\">Aspectos cr\u00edticos de la investigaci\u00f3n son la acumulaci\u00f3n de sedimentos en los fiordos adyacentes, producto de la actividad del glaciar, y la influencia de la hidrolog\u00eda glaciar en estos dep\u00f3sitos. La hip\u00f3tesis principal del equipo apunta a que \u201cla din\u00e1mica glaciar, modulada por la hidrolog\u00eda subglacial, en conjunto con un posible aumento de las precipitaciones, est\u00e9 influyendo en el avance del glaciar y, consecuentemente, en la descarga de sedimentos en el frente glaciar\u201d.<\/p>\n<\/div><\/section><\/div><div  style='height:50px' class='hr hr-invisible   avia-builder-el-6  el_after_av_one_full  el_before_av_social_share '><span class='hr-inner ' ><span class='hr-inner-style'><\/span><\/span><\/div><\/p>\n<div  class='av-social-sharing-box  avia-builder-el-7  el_after_av_hr  el_before_av_hr  '><div class='av-share-box'><h5 class='av-share-link-description av-no-toc '>Compartir esta noticia<\/h5><ul class='av-share-box-list noLightbox'><li class='av-share-link av-social-link-facebook' ><a target=\"_blank\" aria-label=\"Compartir en Facebook\" href='https:\/\/www.facebook.com\/sharer.php?u=https:\/\/radiorevelacionfm.cl\/?p=48000&#038;t=Realizan%20expedici%C3%B3n%20cient%C3%ADfica%20al%20%E2%80%9CP%C3%ADo%20XI%E2%80%9D%2C%20uno%20de%20los%20pocos%20glaciares%20que%20acumulan%20hielo%20en%20la%20Patagonia%20chilena' aria-hidden='false' data-av_icon='\ue8f3' data-av_iconfont='entypo-fontello' title='' data-avia-related-tooltip='Compartir en Facebook' rel=\"noopener\"><span class='avia_hidden_link_text'>Compartir en Facebook<\/span><\/a><\/li><li class='av-share-link av-social-link-twitter' ><a target=\"_blank\" aria-label=\"Compartir en Twitter\" href='https:\/\/twitter.com\/share?text=Realizan%20expedici%C3%B3n%20cient%C3%ADfica%20al%20%E2%80%9CP%C3%ADo%20XI%E2%80%9D%2C%20uno%20de%20los%20pocos%20glaciares%20que%20acumulan%20hielo%20en%20la%20Patagonia%20chilena&#038;url=https:\/\/radiorevelacionfm.cl\/?p=48000' aria-hidden='false' data-av_icon='\ue8f1' data-av_iconfont='entypo-fontello' title='' data-avia-related-tooltip='Compartir en Twitter' rel=\"noopener\"><span class='avia_hidden_link_text'>Compartir en Twitter<\/span><\/a><\/li><li class='av-share-link av-social-link-whatsapp' ><a target=\"_blank\" aria-label=\"Compartir en Whatsapp\" href='https:\/\/api.whatsapp.com\/send?text=https:\/\/radiorevelacionfm.cl\/?p=48000' aria-hidden='false' data-av_icon='\uf232' data-av_iconfont='entypo-fontello' title='' data-avia-related-tooltip='Compartir en Whatsapp' rel=\"noopener\"><span class='avia_hidden_link_text'>Compartir en Whatsapp<\/span><\/a><\/li><li class='av-share-link av-social-link-linkedin' ><a target=\"_blank\" aria-label=\"Compartir en LinkedIn\" href='https:\/\/linkedin.com\/shareArticle?mini=true&#038;title=Realizan%20expedici%C3%B3n%20cient%C3%ADfica%20al%20%E2%80%9CP%C3%ADo%20XI%E2%80%9D%2C%20uno%20de%20los%20pocos%20glaciares%20que%20acumulan%20hielo%20en%20la%20Patagonia%20chilena&#038;url=https:\/\/radiorevelacionfm.cl\/?p=48000' aria-hidden='false' data-av_icon='\ue8fc' data-av_iconfont='entypo-fontello' title='' data-avia-related-tooltip='Compartir en LinkedIn' rel=\"noopener\"><span class='avia_hidden_link_text'>Compartir en LinkedIn<\/span><\/a><\/li><li class='av-share-link av-social-link-mail' ><a  aria-label=\"Compartir por correo\" href='mailto:?subject=Realizan%20expedici%C3%B3n%20cient%C3%ADfica%20al%20%E2%80%9CP%C3%ADo%20XI%E2%80%9D%2C%20uno%20de%20los%20pocos%20glaciares%20que%20acumulan%20hielo%20en%20la%20Patagonia%20chilena&#038;body=https:\/\/radiorevelacionfm.cl\/?p=48000' aria-hidden='false' data-av_icon='\ue805' data-av_iconfont='entypo-fontello' title='' data-avia-related-tooltip='Compartir por correo'><span class='avia_hidden_link_text'>Compartir por correo<\/span><\/a><\/li><\/ul><\/div><\/div>\n<div  style='height:50px' class='hr hr-invisible   avia-builder-el-8  el_after_av_social_share  el_before_av_comments_list '><span class='hr-inner ' ><span class='hr-inner-style'><\/span><\/span><\/div>\n<div  class='av-buildercomment  av-blog-meta-html-info-disabled av-blog-meta-tag-disabled  '><\/div>\n","protected":false},"excerpt":{"rendered":"","protected":false},"author":1,"featured_media":48001,"comment_status":"open","ping_status":"open","sticky":false,"template":"","format":"standard","meta":{"footnotes":""},"categories":[53],"tags":[],"class_list":["post-48000","post","type-post","status-publish","format-standard","has-post-thumbnail","hentry","category-ciencia"],"jetpack_featured_media_url":"https:\/\/radiorevelacionfm.cl\/wp-content\/uploads\/2024\/11\/Equipo-de-investigadores-en-el-frente-del-glaciar-1-1.jpeg","_links":{"self":[{"href":"https:\/\/radiorevelacionfm.cl\/index.php?rest_route=\/wp\/v2\/posts\/48000","targetHints":{"allow":["GET"]}}],"collection":[{"href":"https:\/\/radiorevelacionfm.cl\/index.php?rest_route=\/wp\/v2\/posts"}],"about":[{"href":"https:\/\/radiorevelacionfm.cl\/index.php?rest_route=\/wp\/v2\/types\/post"}],"author":[{"embeddable":true,"href":"https:\/\/radiorevelacionfm.cl\/index.php?rest_route=\/wp\/v2\/users\/1"}],"replies":[{"embeddable":true,"href":"https:\/\/radiorevelacionfm.cl\/index.php?rest_route=%2Fwp%2Fv2%2Fcomments&post=48000"}],"version-history":[{"count":2,"href":"https:\/\/radiorevelacionfm.cl\/index.php?rest_route=\/wp\/v2\/posts\/48000\/revisions"}],"predecessor-version":[{"id":48003,"href":"https:\/\/radiorevelacionfm.cl\/index.php?rest_route=\/wp\/v2\/posts\/48000\/revisions\/48003"}],"wp:featuredmedia":[{"embeddable":true,"href":"https:\/\/radiorevelacionfm.cl\/index.php?rest_route=\/wp\/v2\/media\/48001"}],"wp:attachment":[{"href":"https:\/\/radiorevelacionfm.cl\/index.php?rest_route=%2Fwp%2Fv2%2Fmedia&parent=48000"}],"wp:term":[{"taxonomy":"category","embeddable":true,"href":"https:\/\/radiorevelacionfm.cl\/index.php?rest_route=%2Fwp%2Fv2%2Fcategories&post=48000"},{"taxonomy":"post_tag","embeddable":true,"href":"https:\/\/radiorevelacionfm.cl\/index.php?rest_route=%2Fwp%2Fv2%2Ftags&post=48000"}],"curies":[{"name":"wp","href":"https:\/\/api.w.org\/{rel}","templated":true}]}}