{"id":47997,"date":"2024-11-15T13:03:23","date_gmt":"2024-11-15T16:03:23","guid":{"rendered":"https:\/\/radiorevelacionfm.cl\/?p=47997"},"modified":"2024-11-15T13:03:23","modified_gmt":"2024-11-15T16:03:23","slug":"encuesta-del-minciencia-busca-catastrar-a-quienes-promueven-la-ciencia-ciudadana-y-el-conocimiento-en-cada-rincon-de-chile","status":"publish","type":"post","link":"https:\/\/radiorevelacionfm.cl\/?p=47997","title":{"rendered":"Encuesta del MinCiencia busca catastrar a quienes promueven la ciencia ciudadana y el conocimiento en cada rinc\u00f3n de Chile"},"content":{"rendered":"<div class=\"flex_column av_one_full  flex_column_div av-zero-column-padding first  avia-builder-el-0  el_before_av_one_full  avia-builder-el-first  \" style='border-radius:0px; '><div  class='avia-image-container  av-styling-    avia-builder-el-1  avia-builder-el-no-sibling  avia-align-center '  itemprop=\"image\" itemscope=\"itemscope\" itemtype=\"https:\/\/schema.org\/ImageObject\"  ><div class='avia-image-container-inner'><div class='avia-image-overlay-wrap'><img decoding=\"async\" class='wp-image-47998 avia-img-lazy-loading-not-47998 avia_image' src=\"https:\/\/radiorevelacionfm.cl\/wp-content\/uploads\/2024\/11\/actorias-1_optimized.jpg\" alt='' title='actor\u00edas-(1)_optimized' height=\"600\" width=\"800\"  itemprop=\"thumbnailUrl\" srcset=\"https:\/\/radiorevelacionfm.cl\/wp-content\/uploads\/2024\/11\/actorias-1_optimized.jpg 800w, https:\/\/radiorevelacionfm.cl\/wp-content\/uploads\/2024\/11\/actorias-1_optimized-300x225.jpg 300w, https:\/\/radiorevelacionfm.cl\/wp-content\/uploads\/2024\/11\/actorias-1_optimized-768x576.jpg 768w, https:\/\/radiorevelacionfm.cl\/wp-content\/uploads\/2024\/11\/actorias-1_optimized-705x529.jpg 705w, https:\/\/radiorevelacionfm.cl\/wp-content\/uploads\/2024\/11\/actorias-1_optimized-450x338.jpg 450w, https:\/\/radiorevelacionfm.cl\/wp-content\/uploads\/2024\/11\/actorias-1_optimized-600x450.jpg 600w\" sizes=\"(max-width: 800px) 100vw, 800px\" \/><\/div><\/div><\/div><\/div><div class=\"flex_column av_one_full  flex_column_div av-zero-column-padding first  avia-builder-el-2  el_after_av_one_full  el_before_av_one_full  column-top-margin\" style='border-radius:0px; '><section class=\"av_textblock_section \"  itemscope=\"itemscope\" itemtype=\"https:\/\/schema.org\/BlogPosting\" itemprop=\"blogPost\" ><div class='avia_textblock  '   itemprop=\"text\" ><p style=\"text-align: center;\"><span style=\"font-size: 18pt;\"><b>Encuesta del MinCiencia busca catastrar a quienes promueven la ciencia ciudadana y el conocimiento en cada rinc\u00f3n de Chile<\/b><\/span><\/p>\n<div id=\"gtx-trans\" style=\"position: absolute; left: -50px; top: 4.31534px;\">\n<div class=\"gtx-trans-icon\"><\/div>\n<\/div>\n<\/div><\/section><\/div><div class=\"flex_column av_one_full  flex_column_div av-zero-column-padding first  avia-builder-el-4  el_after_av_one_full  el_before_av_hr  column-top-margin\" style='border-radius:0px; '><section class=\"av_textblock_section \"  itemscope=\"itemscope\" itemtype=\"https:\/\/schema.org\/BlogPosting\" itemprop=\"blogPost\" ><div class='avia_textblock  '   itemprop=\"text\" ><p style=\"font-weight: 400; text-align: justify;\"><em>Informaci\u00f3n recopilada permitir\u00e1 fortalecer las pol\u00edticas p\u00fablicas y promover un sistema de innovaci\u00f3n inclusivo y adaptado a las realidades de cada territorio.<\/em><\/p>\n<p style=\"font-weight: 400; text-align: justify;\">En un esfuerzo pionero, el Ministerio de Ciencia, Tecnolog\u00eda, Conocimiento e Innovaci\u00f3n (MinCiencia) lanz\u00f3 el \u201cCatastro de Actor\u00edas e Iniciativas de Ciencia y Conocimientos Locales\u201d. Esta iniciativa invita a todas las personas, organizaciones e instituciones, tanto formales como informales, que promueven la ciencia, tecnolog\u00eda e innovaci\u00f3n en conjunto con comunidades locales a participar en una encuesta, proceso que busca visibilizar y reconocer el impacto del conocimiento generado en cada territorio del pa\u00eds.<\/p>\n<p style=\"font-weight: 400; text-align: justify;\">A trav\u00e9s de un cuestionario en l\u00ednea, actores del sistema CTCI y de la ciencia ciudadana tendr\u00e1n la oportunidad de compartir informaci\u00f3n sobre sus actividades e iniciativas, contribuyendo as\u00ed a la formulaci\u00f3n de pol\u00edticas p\u00fablicas que respondan de manera efectiva a las necesidades de su territorio.<\/p>\n<p style=\"font-weight: 400; text-align: justify;\">La ministra de Ciencia, Tecnolog\u00eda, Conocimiento e Innovaci\u00f3n, Ais\u00e9n Etcheverry, enfatiz\u00f3 la importancia de esta convocatoria. \u201cEste catastro no solo es un estudio, sino un verdadero compromiso para que el conocimiento local, la ciencia ciudadana y la innovaci\u00f3n en terreno sean reconocidos y considerados. Es una oportunidad de dar voz a cada rinc\u00f3n del pa\u00eds y resaltar la diversidad de nuestra ciencia y tecnolog\u00eda\u201d.<\/p>\n<p style=\"font-weight: 400; text-align: justify;\">La participaci\u00f3n de todos los actores es importante, sin importar si cuentan o no con personalidad jur\u00eddica. Lo que busca esta herramienta es construir un sistema que refleje la diversidad de Chile, incluyendo a quienes trabajan en comunidades rurales y en sectores espec\u00edficos como por ejemplo miner\u00eda, agricultura y sostenibilidad. Este catastro permitir\u00e1 que cada organizaci\u00f3n, instituci\u00f3n o persona, desde su propia realidad, se convierta en una pieza clave para el desarrollo inclusivo y sostenible de la ciencia y tecnolog\u00eda en el pa\u00eds.<\/p>\n<p style=\"font-weight: 400; text-align: justify;\">Uno de los pilares de este levantamiento es visibilizar el conocimiento que nace desde las propias comunidades. \u201cEste esfuerzo es tambi\u00e9n una forma de validar el trabajo de personas y organizaciones que, desde la ciencia ciudadana, el trabajo interdisciplinario y la innovaci\u00f3n en terreno, est\u00e1n generando soluciones efectivas para sus entornos. Al involucrarlos, estamos fortaleciendo el tejido social y cient\u00edfico del pa\u00eds, promoviendo un ecosistema donde cada aporte cuenta\u201d, coment\u00f3 la ministra.<\/p>\n<p style=\"font-weight: 400; text-align: justify;\">Por su parte la seremi de Ciencia, Ver\u00f3nica Vallejos, indic\u00f3 que \u201ceste catastro para nosotras es muy importante porque la informaci\u00f3n que se recopile le permitir\u00e1 al Ministerio dise\u00f1ar pol\u00edticas acordes a la realidad de cada territorio, optimizando los recursos para dirigir inversiones y apoyos a \u00e1reas estrat\u00e9gicas y de mayor impacto, y nos permite identificar de mejor forma a todos aquellos actores que no corresponden directamente a la comunidad cient\u00edfica, pero que se vinculan a la generaci\u00f3n de conocimientos en la macrozona austral, en particular. Con esto esperamos fomentar la colaboraci\u00f3n entre diversos grupos e instituciones, adem\u00e1s de promover la inclusi\u00f3n y visibilizar actores que hoy est\u00e1n menos representados, fortaleciendo las capacidades locales e impulsando el desarrollo equitativo de la ciencia y la tecnolog\u00eda con la mirada territorial\u201d.<\/p>\n<p style=\"font-weight: 400; text-align: justify;\">El cuestionario estar\u00e1 disponible hasta el mi\u00e9rcoles 11 de diciembre a las 23.59 horas en el\u00a0<a href=\"https:\/\/minciencia.gob.cl\/encuesta-catastro-de-actorias-e-iniciativas-de-ciencia-y-conocim\" data-saferedirecturl=\"https:\/\/www.google.com\/url?q=https:\/\/minciencia.gob.cl\/encuesta-catastro-de-actorias-e-iniciativas-de-ciencia-y-conocim&amp;source=gmail&amp;ust=1731761430622000&amp;usg=AOvVaw0SY-LNUFzFT0c2gFzEXBPw\">siguiente link<\/a>.<\/p>\n<\/div><\/section><\/div><div  style='height:50px' class='hr hr-invisible   avia-builder-el-6  el_after_av_one_full  el_before_av_social_share '><span class='hr-inner ' ><span class='hr-inner-style'><\/span><\/span><\/div><\/p>\n<div  class='av-social-sharing-box  avia-builder-el-7  el_after_av_hr  el_before_av_hr  '><div class='av-share-box'><h5 class='av-share-link-description av-no-toc '>Compartir esta noticia<\/h5><ul class='av-share-box-list noLightbox'><li class='av-share-link av-social-link-facebook' ><a target=\"_blank\" aria-label=\"Compartir en Facebook\" href='https:\/\/www.facebook.com\/sharer.php?u=https:\/\/radiorevelacionfm.cl\/?p=47997&#038;t=Encuesta%20del%20MinCiencia%20busca%20catastrar%20a%20quienes%20promueven%20la%20ciencia%20ciudadana%20y%20el%20conocimiento%20en%20cada%20rinc%C3%B3n%20de%20Chile' aria-hidden='false' data-av_icon='\ue8f3' data-av_iconfont='entypo-fontello' title='' data-avia-related-tooltip='Compartir en Facebook' rel=\"noopener\"><span class='avia_hidden_link_text'>Compartir en Facebook<\/span><\/a><\/li><li class='av-share-link av-social-link-twitter' ><a target=\"_blank\" aria-label=\"Compartir en Twitter\" href='https:\/\/twitter.com\/share?text=Encuesta%20del%20MinCiencia%20busca%20catastrar%20a%20quienes%20promueven%20la%20ciencia%20ciudadana%20y%20el%20conocimiento%20en%20cada%20rinc%C3%B3n%20de%20Chile&#038;url=https:\/\/radiorevelacionfm.cl\/?p=47997' aria-hidden='false' data-av_icon='\ue8f1' data-av_iconfont='entypo-fontello' title='' data-avia-related-tooltip='Compartir en Twitter' rel=\"noopener\"><span class='avia_hidden_link_text'>Compartir en Twitter<\/span><\/a><\/li><li class='av-share-link av-social-link-whatsapp' ><a target=\"_blank\" aria-label=\"Compartir en Whatsapp\" href='https:\/\/api.whatsapp.com\/send?text=https:\/\/radiorevelacionfm.cl\/?p=47997' aria-hidden='false' data-av_icon='\uf232' data-av_iconfont='entypo-fontello' title='' data-avia-related-tooltip='Compartir en Whatsapp' rel=\"noopener\"><span class='avia_hidden_link_text'>Compartir en Whatsapp<\/span><\/a><\/li><li class='av-share-link av-social-link-linkedin' ><a target=\"_blank\" aria-label=\"Compartir en LinkedIn\" href='https:\/\/linkedin.com\/shareArticle?mini=true&#038;title=Encuesta%20del%20MinCiencia%20busca%20catastrar%20a%20quienes%20promueven%20la%20ciencia%20ciudadana%20y%20el%20conocimiento%20en%20cada%20rinc%C3%B3n%20de%20Chile&#038;url=https:\/\/radiorevelacionfm.cl\/?p=47997' aria-hidden='false' data-av_icon='\ue8fc' data-av_iconfont='entypo-fontello' title='' data-avia-related-tooltip='Compartir en LinkedIn' rel=\"noopener\"><span class='avia_hidden_link_text'>Compartir en LinkedIn<\/span><\/a><\/li><li class='av-share-link av-social-link-mail' ><a  aria-label=\"Compartir por correo\" href='mailto:?subject=Encuesta%20del%20MinCiencia%20busca%20catastrar%20a%20quienes%20promueven%20la%20ciencia%20ciudadana%20y%20el%20conocimiento%20en%20cada%20rinc%C3%B3n%20de%20Chile&#038;body=https:\/\/radiorevelacionfm.cl\/?p=47997' aria-hidden='false' data-av_icon='\ue805' data-av_iconfont='entypo-fontello' title='' data-avia-related-tooltip='Compartir por correo'><span class='avia_hidden_link_text'>Compartir por correo<\/span><\/a><\/li><\/ul><\/div><\/div>\n<div  style='height:50px' class='hr hr-invisible   avia-builder-el-8  el_after_av_social_share  el_before_av_comments_list '><span class='hr-inner ' ><span class='hr-inner-style'><\/span><\/span><\/div>\n<div  class='av-buildercomment  av-blog-meta-html-info-disabled av-blog-meta-tag-disabled  '><\/div>\n","protected":false},"excerpt":{"rendered":"","protected":false},"author":1,"featured_media":47998,"comment_status":"open","ping_status":"open","sticky":false,"template":"","format":"standard","meta":{"footnotes":""},"categories":[53],"tags":[],"class_list":["post-47997","post","type-post","status-publish","format-standard","has-post-thumbnail","hentry","category-ciencia"],"jetpack_featured_media_url":"https:\/\/radiorevelacionfm.cl\/wp-content\/uploads\/2024\/11\/actorias-1_optimized.jpg","_links":{"self":[{"href":"https:\/\/radiorevelacionfm.cl\/index.php?rest_route=\/wp\/v2\/posts\/47997","targetHints":{"allow":["GET"]}}],"collection":[{"href":"https:\/\/radiorevelacionfm.cl\/index.php?rest_route=\/wp\/v2\/posts"}],"about":[{"href":"https:\/\/radiorevelacionfm.cl\/index.php?rest_route=\/wp\/v2\/types\/post"}],"author":[{"embeddable":true,"href":"https:\/\/radiorevelacionfm.cl\/index.php?rest_route=\/wp\/v2\/users\/1"}],"replies":[{"embeddable":true,"href":"https:\/\/radiorevelacionfm.cl\/index.php?rest_route=%2Fwp%2Fv2%2Fcomments&post=47997"}],"version-history":[{"count":1,"href":"https:\/\/radiorevelacionfm.cl\/index.php?rest_route=\/wp\/v2\/posts\/47997\/revisions"}],"predecessor-version":[{"id":47999,"href":"https:\/\/radiorevelacionfm.cl\/index.php?rest_route=\/wp\/v2\/posts\/47997\/revisions\/47999"}],"wp:featuredmedia":[{"embeddable":true,"href":"https:\/\/radiorevelacionfm.cl\/index.php?rest_route=\/wp\/v2\/media\/47998"}],"wp:attachment":[{"href":"https:\/\/radiorevelacionfm.cl\/index.php?rest_route=%2Fwp%2Fv2%2Fmedia&parent=47997"}],"wp:term":[{"taxonomy":"category","embeddable":true,"href":"https:\/\/radiorevelacionfm.cl\/index.php?rest_route=%2Fwp%2Fv2%2Fcategories&post=47997"},{"taxonomy":"post_tag","embeddable":true,"href":"https:\/\/radiorevelacionfm.cl\/index.php?rest_route=%2Fwp%2Fv2%2Ftags&post=47997"}],"curies":[{"name":"wp","href":"https:\/\/api.w.org\/{rel}","templated":true}]}}