{"id":47994,"date":"2024-11-15T10:11:57","date_gmt":"2024-11-15T13:11:57","guid":{"rendered":"https:\/\/radiorevelacionfm.cl\/?p=47994"},"modified":"2024-11-15T10:11:57","modified_gmt":"2024-11-15T13:11:57","slug":"conaf-y-fundacion-fungi-realizan-importante-hallazgo-de-ranita-de-darwin-en-sector-ventisquero-del-parque-nacional-queulat","status":"publish","type":"post","link":"https:\/\/radiorevelacionfm.cl\/?p=47994","title":{"rendered":"Conaf y Fundaci\u00f3n Fungi realizan importante hallazgo de ranita de Darwin en sector ventisquero del Parque Nacional Queulat"},"content":{"rendered":"<div class=\"flex_column av_one_full  flex_column_div av-zero-column-padding first  avia-builder-el-0  el_before_av_one_full  avia-builder-el-first  \" style='border-radius:0px; '><div  class='avia-image-container  av-styling-    avia-builder-el-1  avia-builder-el-no-sibling  avia-align-center '  itemprop=\"image\" itemscope=\"itemscope\" itemtype=\"https:\/\/schema.org\/ImageObject\"  ><div class='avia-image-container-inner'><div class='avia-image-overlay-wrap'><img decoding=\"async\" class='wp-image-47995 avia-img-lazy-loading-not-47995 avia_image' src=\"https:\/\/radiorevelacionfm.cl\/wp-content\/uploads\/2024\/11\/54141695454_16acc87634_c-1-1-1.jpg\" alt='' title='54141695454_16acc87634_c (1) (1) (1)' height=\"600\" width=\"855\"  itemprop=\"thumbnailUrl\" srcset=\"https:\/\/radiorevelacionfm.cl\/wp-content\/uploads\/2024\/11\/54141695454_16acc87634_c-1-1-1.jpg 855w, https:\/\/radiorevelacionfm.cl\/wp-content\/uploads\/2024\/11\/54141695454_16acc87634_c-1-1-1-300x211.jpg 300w, https:\/\/radiorevelacionfm.cl\/wp-content\/uploads\/2024\/11\/54141695454_16acc87634_c-1-1-1-768x539.jpg 768w, https:\/\/radiorevelacionfm.cl\/wp-content\/uploads\/2024\/11\/54141695454_16acc87634_c-1-1-1-705x495.jpg 705w, https:\/\/radiorevelacionfm.cl\/wp-content\/uploads\/2024\/11\/54141695454_16acc87634_c-1-1-1-450x316.jpg 450w, https:\/\/radiorevelacionfm.cl\/wp-content\/uploads\/2024\/11\/54141695454_16acc87634_c-1-1-1-600x421.jpg 600w\" sizes=\"(max-width: 855px) 100vw, 855px\" \/><\/div><\/div><\/div><\/div><div class=\"flex_column av_one_full  flex_column_div av-zero-column-padding first  avia-builder-el-2  el_after_av_one_full  el_before_av_one_full  column-top-margin\" style='border-radius:0px; '><section class=\"av_textblock_section \"  itemscope=\"itemscope\" itemtype=\"https:\/\/schema.org\/BlogPosting\" itemprop=\"blogPost\" ><div class='avia_textblock  '   itemprop=\"text\" ><p style=\"text-align: center;\"><strong><span style=\"font-size: 18pt;\">Conaf y Fundaci\u00f3n Fungi realizan importante hallazgo de ranita de Darwin en sector ventisquero del Parque Nacional Queulat<\/span><\/strong><\/p>\n<div id=\"gtx-trans\" style=\"position: absolute; left: -50px; top: 4.31534px;\">\n<div class=\"gtx-trans-icon\"><\/div>\n<\/div>\n<\/div><\/section><\/div><div class=\"flex_column av_one_full  flex_column_div av-zero-column-padding first  avia-builder-el-4  el_after_av_one_full  el_before_av_hr  column-top-margin\" style='border-radius:0px; '><section class=\"av_textblock_section \"  itemscope=\"itemscope\" itemtype=\"https:\/\/schema.org\/BlogPosting\" itemprop=\"blogPost\" ><div class='avia_textblock  '   itemprop=\"text\" ><p class=\"v1gmail-MsoNoSpacing\" style=\"text-align: justify;\"><em>La especie est\u00e1 En Peligro de extinci\u00f3n y el avistamiento se realiz\u00f3 mientras se trabajaba en un estudio de hongos.<\/em><\/p>\n<p class=\"v1gmail-MsoNoSpacing\" style=\"text-align: justify;\">Una gran felicidad y un inmenso hallazgo, porque tras largos a\u00f1os de\u00a0 monitoreo realizados en el sector del ventisquero colgante del Parque Nacional Queulat, Regi\u00f3n de Ays\u00e9n, se confirm\u00f3 la presencia de la ranita de Darwin (<i>Rhinoderma darwinii<\/i>), especie En Peligro de extinci\u00f3n.<\/p>\n<p class=\"v1gmail-MsoNoSpacing\" style=\"text-align: justify;\">El hallazgo, realizado por los guardaparques de CONAF y miembros del equipo de la Fundaci\u00f3n Fungi, fue algo fortuito, porque se encontraban en una labor de recolecci\u00f3n de hongos en este parque nacional, y cuando se desviaron en uno de los senderos del sector ventisquero, avistaron el ejemplar de esta ranita, realizando registros fotogr\u00e1ficos.<\/p>\n<p class=\"v1gmail-MsoNoSpacing\" style=\"text-align: justify;\">Se trata del primer hallazgo de esta especie en este sector del Parque Nacional Queulat, la que tambi\u00e9n est\u00e1 en la categor\u00eda de \u00abEspecies Evolutivamente \u00danicas y Globalmente Amenazadas (EDGE)\u00bb,\u00a0 lo que significa que tiene pocos parientes cercanos, siendo una parte irremplazable del patrimonio natural del mundo. Adem\u00e1s, es la \u00fanica especie de anfibio conocida donde el macho cr\u00eda a los renacuajos dentro de su saco vocal<\/p>\n<p class=\"v1gmail-MsoNoSpacing\" style=\"text-align: justify;\">El pr\u00f3ximo paso, luego del hallazgo de este peque\u00f1o batracio (su longitud corporal oscila generalmente entre 25-30 mm.), ser\u00e1 efectuar un monitoreo para descubrir cu\u00e1ntos individuos componen la poblaci\u00f3n en este sector, debido a que es una especie que suele habitar en comunidad y no de manera solitaria. De esta forma se podr\u00e1n implementar medidas de protecci\u00f3n y conservaci\u00f3n de ella en esta \u00e1rea protegida del Estado.<\/p>\n<p class=\"v1gmail-MsoNoSpacing\" style=\"text-align: justify;\">La distribuci\u00f3n hist\u00f3rica de ranita de Darwin comprende tanto las cordilleras de la Costa y de los Andes, desde Concepci\u00f3n (Regi\u00f3n del Biob\u00edo) hasta Ays\u00e9n (Regi\u00f3n de Ays\u00e9n) en Chile, incluyendo un \u00e1rea de la Cordillera de los Andes de Argentina en las provincias de Neuqu\u00e9n y R\u00edo Negro. Tambi\u00e9n existen registros de esta especie en partes de la depresi\u00f3n intermedia del centro sur de Chile, entre Temuco y el sur de Valdivia.<\/p>\n<p class=\"v1gmail-MsoNoSpacing\" style=\"text-align: justify;\">Actualmente existe una Estrategia Binacional, entre Chile- Argentina, de ranitas de Darwin y se est\u00e1 trabajando, en conjunto entre organizaciones p\u00fablicas y privadas, en un Plan de Recuperaci\u00f3n, Conservaci\u00f3n y Gesti\u00f3n de esta especie.<\/p>\n<p class=\"v1gmail-MsoNoSpacing\" style=\"text-align: justify;\">En el texto de esta estrategia binacional, se resalta que \u00abdiversas poblaciones hist\u00f3ricas de\u00a0<i>R. darwinii<\/i>\u00a0han desaparecido durante los \u00faltimos 40 a\u00f1os, pero desde el a\u00f1o 2000, existen registros de la persistencia de al menos 66 poblaciones locales de esta especie en Chile y Argentina. Sin embargo, estas poblaciones son generalmente peque\u00f1as (&lt;100 individuos) y se encuentran altamente aisladas, algunas presentando un alto riesgo de extinci\u00f3n debido a amenazas como la p\u00e9rdida y degradaci\u00f3n del h\u00e1bitat, la quitridiomicosis (enfermedad infecciosa que afecta a los anfibios, causada por un hongo) y el cambio clim\u00e1tico\u00bb.<\/p>\n<\/div><\/section><\/div><div  style='height:50px' class='hr hr-invisible   avia-builder-el-6  el_after_av_one_full  el_before_av_social_share '><span class='hr-inner ' ><span class='hr-inner-style'><\/span><\/span><\/div><\/p>\n<div  class='av-social-sharing-box  avia-builder-el-7  el_after_av_hr  el_before_av_hr  '><div class='av-share-box'><h5 class='av-share-link-description av-no-toc '>Compartir esta noticia<\/h5><ul class='av-share-box-list noLightbox'><li class='av-share-link av-social-link-facebook' ><a target=\"_blank\" aria-label=\"Compartir en Facebook\" href='https:\/\/www.facebook.com\/sharer.php?u=https:\/\/radiorevelacionfm.cl\/?p=47994&#038;t=Conaf%20y%20Fundaci%C3%B3n%20Fungi%20realizan%20importante%20hallazgo%20de%20ranita%20de%20Darwin%20en%20sector%20ventisquero%20del%20Parque%20Nacional%20Queulat' aria-hidden='false' data-av_icon='\ue8f3' data-av_iconfont='entypo-fontello' title='' data-avia-related-tooltip='Compartir en Facebook' rel=\"noopener\"><span class='avia_hidden_link_text'>Compartir en Facebook<\/span><\/a><\/li><li class='av-share-link av-social-link-twitter' ><a target=\"_blank\" aria-label=\"Compartir en Twitter\" href='https:\/\/twitter.com\/share?text=Conaf%20y%20Fundaci%C3%B3n%20Fungi%20realizan%20importante%20hallazgo%20de%20ranita%20de%20Darwin%20en%20sector%20ventisquero%20del%20Parque%20Nacional%20Queulat&#038;url=https:\/\/radiorevelacionfm.cl\/?p=47994' aria-hidden='false' data-av_icon='\ue8f1' data-av_iconfont='entypo-fontello' title='' data-avia-related-tooltip='Compartir en Twitter' rel=\"noopener\"><span class='avia_hidden_link_text'>Compartir en Twitter<\/span><\/a><\/li><li class='av-share-link av-social-link-whatsapp' ><a target=\"_blank\" aria-label=\"Compartir en Whatsapp\" href='https:\/\/api.whatsapp.com\/send?text=https:\/\/radiorevelacionfm.cl\/?p=47994' aria-hidden='false' data-av_icon='\uf232' data-av_iconfont='entypo-fontello' title='' data-avia-related-tooltip='Compartir en Whatsapp' rel=\"noopener\"><span class='avia_hidden_link_text'>Compartir en Whatsapp<\/span><\/a><\/li><li class='av-share-link av-social-link-linkedin' ><a target=\"_blank\" aria-label=\"Compartir en LinkedIn\" href='https:\/\/linkedin.com\/shareArticle?mini=true&#038;title=Conaf%20y%20Fundaci%C3%B3n%20Fungi%20realizan%20importante%20hallazgo%20de%20ranita%20de%20Darwin%20en%20sector%20ventisquero%20del%20Parque%20Nacional%20Queulat&#038;url=https:\/\/radiorevelacionfm.cl\/?p=47994' aria-hidden='false' data-av_icon='\ue8fc' data-av_iconfont='entypo-fontello' title='' data-avia-related-tooltip='Compartir en LinkedIn' rel=\"noopener\"><span class='avia_hidden_link_text'>Compartir en LinkedIn<\/span><\/a><\/li><li class='av-share-link av-social-link-mail' ><a  aria-label=\"Compartir por correo\" href='mailto:?subject=Conaf%20y%20Fundaci%C3%B3n%20Fungi%20realizan%20importante%20hallazgo%20de%20ranita%20de%20Darwin%20en%20sector%20ventisquero%20del%20Parque%20Nacional%20Queulat&#038;body=https:\/\/radiorevelacionfm.cl\/?p=47994' aria-hidden='false' data-av_icon='\ue805' data-av_iconfont='entypo-fontello' title='' data-avia-related-tooltip='Compartir por correo'><span class='avia_hidden_link_text'>Compartir por correo<\/span><\/a><\/li><\/ul><\/div><\/div>\n<div  style='height:50px' class='hr hr-invisible   avia-builder-el-8  el_after_av_social_share  el_before_av_comments_list '><span class='hr-inner ' ><span class='hr-inner-style'><\/span><\/span><\/div>\n<div  class='av-buildercomment  av-blog-meta-html-info-disabled av-blog-meta-tag-disabled  '><\/div>\n","protected":false},"excerpt":{"rendered":"","protected":false},"author":1,"featured_media":47995,"comment_status":"open","ping_status":"open","sticky":false,"template":"","format":"standard","meta":{"footnotes":""},"categories":[38],"tags":[],"class_list":["post-47994","post","type-post","status-publish","format-standard","has-post-thumbnail","hentry","category-regional"],"jetpack_featured_media_url":"https:\/\/radiorevelacionfm.cl\/wp-content\/uploads\/2024\/11\/54141695454_16acc87634_c-1-1-1.jpg","_links":{"self":[{"href":"https:\/\/radiorevelacionfm.cl\/index.php?rest_route=\/wp\/v2\/posts\/47994","targetHints":{"allow":["GET"]}}],"collection":[{"href":"https:\/\/radiorevelacionfm.cl\/index.php?rest_route=\/wp\/v2\/posts"}],"about":[{"href":"https:\/\/radiorevelacionfm.cl\/index.php?rest_route=\/wp\/v2\/types\/post"}],"author":[{"embeddable":true,"href":"https:\/\/radiorevelacionfm.cl\/index.php?rest_route=\/wp\/v2\/users\/1"}],"replies":[{"embeddable":true,"href":"https:\/\/radiorevelacionfm.cl\/index.php?rest_route=%2Fwp%2Fv2%2Fcomments&post=47994"}],"version-history":[{"count":1,"href":"https:\/\/radiorevelacionfm.cl\/index.php?rest_route=\/wp\/v2\/posts\/47994\/revisions"}],"predecessor-version":[{"id":47996,"href":"https:\/\/radiorevelacionfm.cl\/index.php?rest_route=\/wp\/v2\/posts\/47994\/revisions\/47996"}],"wp:featuredmedia":[{"embeddable":true,"href":"https:\/\/radiorevelacionfm.cl\/index.php?rest_route=\/wp\/v2\/media\/47995"}],"wp:attachment":[{"href":"https:\/\/radiorevelacionfm.cl\/index.php?rest_route=%2Fwp%2Fv2%2Fmedia&parent=47994"}],"wp:term":[{"taxonomy":"category","embeddable":true,"href":"https:\/\/radiorevelacionfm.cl\/index.php?rest_route=%2Fwp%2Fv2%2Fcategories&post=47994"},{"taxonomy":"post_tag","embeddable":true,"href":"https:\/\/radiorevelacionfm.cl\/index.php?rest_route=%2Fwp%2Fv2%2Ftags&post=47994"}],"curies":[{"name":"wp","href":"https:\/\/api.w.org\/{rel}","templated":true}]}}