{"id":47991,"date":"2024-11-15T09:34:54","date_gmt":"2024-11-15T12:34:54","guid":{"rendered":"https:\/\/radiorevelacionfm.cl\/?p=47991"},"modified":"2024-11-15T09:34:54","modified_gmt":"2024-11-15T12:34:54","slug":"mop-fortalece-inversion-en-obras-portuarias-y-lacustres-en-la-region-de-aysen","status":"publish","type":"post","link":"https:\/\/radiorevelacionfm.cl\/?p=47991","title":{"rendered":"MOP fortalece inversi\u00f3n en obras portuarias y lacustres en la regi\u00f3n de Ays\u00e9n"},"content":{"rendered":"<div class=\"flex_column av_one_full  flex_column_div av-zero-column-padding first  avia-builder-el-0  el_before_av_one_full  avia-builder-el-first  \" style='border-radius:0px; '><div  class='avia-image-container  av-styling-    avia-builder-el-1  avia-builder-el-no-sibling  avia-align-center '  itemprop=\"image\" itemscope=\"itemscope\" itemtype=\"https:\/\/schema.org\/ImageObject\"  ><div class='avia-image-container-inner'><div class='avia-image-overlay-wrap'><img decoding=\"async\" class='wp-image-47992 avia-img-lazy-loading-not-47992 avia_image' src=\"https:\/\/radiorevelacionfm.cl\/wp-content\/uploads\/2024\/11\/pontOn-chilechico-3-1-1_optimized.jpg\" alt='' title='pont\u00d3n-chilechico-3-(1)-(1)_optimized' height=\"600\" width=\"800\"  itemprop=\"thumbnailUrl\" srcset=\"https:\/\/radiorevelacionfm.cl\/wp-content\/uploads\/2024\/11\/pontOn-chilechico-3-1-1_optimized.jpg 800w, https:\/\/radiorevelacionfm.cl\/wp-content\/uploads\/2024\/11\/pontOn-chilechico-3-1-1_optimized-300x225.jpg 300w, https:\/\/radiorevelacionfm.cl\/wp-content\/uploads\/2024\/11\/pontOn-chilechico-3-1-1_optimized-768x576.jpg 768w, https:\/\/radiorevelacionfm.cl\/wp-content\/uploads\/2024\/11\/pontOn-chilechico-3-1-1_optimized-705x529.jpg 705w, https:\/\/radiorevelacionfm.cl\/wp-content\/uploads\/2024\/11\/pontOn-chilechico-3-1-1_optimized-450x338.jpg 450w, https:\/\/radiorevelacionfm.cl\/wp-content\/uploads\/2024\/11\/pontOn-chilechico-3-1-1_optimized-600x450.jpg 600w\" sizes=\"(max-width: 800px) 100vw, 800px\" \/><\/div><\/div><\/div><\/div><div class=\"flex_column av_one_full  flex_column_div av-zero-column-padding first  avia-builder-el-2  el_after_av_one_full  el_before_av_one_full  column-top-margin\" style='border-radius:0px; '><section class=\"av_textblock_section \"  itemscope=\"itemscope\" itemtype=\"https:\/\/schema.org\/BlogPosting\" itemprop=\"blogPost\" ><div class='avia_textblock  '   itemprop=\"text\" ><p style=\"text-align: center;\"><strong><span style=\"font-size: 18pt;\">MOP fortalece inversi\u00f3n en obras portuarias y lacustres en la regi\u00f3n de Ays\u00e9n<\/span><\/strong><\/p>\n<div id=\"gtx-trans\" style=\"position: absolute; left: -50px; top: 4.31534px;\">\n<div class=\"gtx-trans-icon\"><\/div>\n<\/div>\n<\/div><\/section><\/div><div class=\"flex_column av_one_full  flex_column_div av-zero-column-padding first  avia-builder-el-4  el_after_av_one_full  el_before_av_hr  column-top-margin\" style='border-radius:0px; '><section class=\"av_textblock_section \"  itemscope=\"itemscope\" itemtype=\"https:\/\/schema.org\/BlogPosting\" itemprop=\"blogPost\" ><div class='avia_textblock  '   itemprop=\"text\" ><p style=\"text-align: justify;\">Un conjunto de obras portuarias y lacustres se est\u00e1n concretando en la regi\u00f3n de Ays\u00e9n, las que tienen como prop\u00f3sito mejorar las condiciones de conectividad y el bienestar de las personas. As\u00ed lo inform\u00f3 hoy, la Secretaria Regional Ministerial de Obras P\u00fablicas, Paloma Jara Vald\u00e9s en el marco de reuni\u00f3n de trabajo con el equipo regional de Obras Portuarias del MOP.<\/p>\n<p style=\"text-align: justify;\">Con un programa de inversi\u00f3n del gobierno del presidente Gabriel Boric a trav\u00e9s de la Direcci\u00f3n Regional de Obras Portuarias del MOP superior a los $5.000 millones y el objetivo de dotar de empleo, estas obras contribuir\u00e1n fuertemente al desarrollo del territorio, el turismo y a la econom\u00eda local agreg\u00f3 Paloma Jara.<\/p>\n<p style=\"text-align: justify;\">\u201cHoy estamos en condiciones de adjudicar la conservaci\u00f3n del muelle y la rampa ubicadas en Puerto Guadal, con la ejecuci\u00f3n de un contrato que bordea una inversi\u00f3n de $600 millones. Estas son infraestructuras que por alrededor de 15 a\u00f1os no han sido conservadas, por lo tanto, hoy como gobierno estamos poniendo \u00e9nfasis en recuperarla para que las y los vecinos puedan ocuparla. Para nosotros este es un importante logro, porque estamos cumpliendo los lineamientos de nuestro presidente Boric, respecto a llegar con infraestructura a los sectores apartados de nuestra regi\u00f3n y que les sirva de apoyo y\/o como herramienta para mejorar su conectividad y calidad de vida. Hemos proyectado en el pick de empleo ocupar una mano de obra cercana a las 15 o 20 personas. A esto se suman, las obras de conservaci\u00f3n de la infraestructura portuaria tanto en Chile Chico como en Puerto Ib\u00e1\u00f1ez, las que tienen una inversi\u00f3n cercana a los mil millones y que hoy presentan un 87% de avance; estas obras entregar\u00e1n seguridad en la operaci\u00f3n de embarque y desembarque y mejorar\u00e1 el confort y\/o est\u00e1ndar de la infraestructura que recibe a las y los pasajeros, as\u00ed que estamos muy contentos con los avances que estamos viendo en materia portuaria y lacustre, los que sabemos son una sentida necesidad de las y los vecinos\u201d, asegur\u00f3 la SEREMI del MOP.<\/p>\n<p style=\"text-align: justify;\">El Director Regional de Obras Portuarias del MOP, \u00c1lvaro D\u00edaz Contreras detall\u00f3 algunos alcances t\u00e9cnicos de los trabajos, indicando al respecto que \u201clas obras consideran el mejoramiento y la conservaci\u00f3n del muelle con el cambio del entablonado de madera completo, a la estructura met\u00e1lica se le har\u00e1 limpieza y se recuperaran los elementos met\u00e1licos; se les aplicar\u00e1 protecci\u00f3n anticorrosiva, iluminaci\u00f3n exterior, pavimento en la explanada, elementos de seguridad como barandas y bitas para embarcaciones menores. Adicionalmente, se considera recuperar el uso y la operaci\u00f3n de la rampa de conectividad que se encuentra a un costado del muelle y que se va a construir totalmente de nueva; se van a reponer los elementos de madera, los elementos de hormig\u00f3n, relleno de material granular e instalaci\u00f3n de enrocado de protecci\u00f3n. En tanto, la conservaci\u00f3n de la infraestructura portuaria de Puerto Ib\u00e1\u00f1ez y de Chile Chico, es una obra que involucr\u00f3 mejorar el Terminal de Pasajeros en Puerto Ib\u00e1\u00f1ez, reparar la calefacci\u00f3n, instalar accesibilidad universal, pavimentos exteriores, mejoramientos de iluminaci\u00f3n exterior, pintura, ampliaci\u00f3n de ba\u00f1os, reposicionamiento del port\u00f3n flotante en Chile Chico y una serie de obras mar\u00edtimas relacionadas con la infraestructura de las rampas y de los elementos de amarre para las embarcaciones\u201d.<\/p>\n<p style=\"text-align: justify;\">Con relaci\u00f3n a estos dos meses del a\u00f1o vamos a contar una cartera bien intensa de licitaciones, indic\u00f3 \u00c1lvaro D\u00edaz, quien adem\u00e1s agreg\u00f3: \u201cTenemos que realizar conservaciones de infraestructura de conectividad esenciales para la regi\u00f3n como es la conservaci\u00f3n de la rampa de conectividad de Puerto Ra\u00fal Mar\u00edn Balmaceda. Este proyecto est\u00e1 terminado y hoy nos encontramos en el proceso de admisibilidad para poder licitar prontamente ese contrato; tenemos tambi\u00e9n, la conservaci\u00f3n del varadero de Aguas Murtas en Puerto Ays\u00e9n, que es una infraestructura que est\u00e1 dedicada exclusivamente al sector de la pesca artesanal.\u00a0 A este varadero no se le ha hecho una conservaci\u00f3n durante muchos a\u00f1os, s\u00f3lo mantenciones menores por parte del Sindicato de Pescadores -quienes la administran actualmente- \u00a0por lo tanto, haremos esta importante inversi\u00f3n que se hab\u00eda comprometido tambi\u00e9n con los usuarios y usuarias el a\u00f1o pasado, cumpliendo con los compromisos de poder licitar ese contrato de conservaci\u00f3n durante este a\u00f1o\u201d.<\/p>\n<\/div><\/section><\/div><div  style='height:50px' class='hr hr-invisible   avia-builder-el-6  el_after_av_one_full  el_before_av_social_share '><span class='hr-inner ' ><span class='hr-inner-style'><\/span><\/span><\/div><\/p>\n<div  class='av-social-sharing-box  avia-builder-el-7  el_after_av_hr  el_before_av_hr  '><div class='av-share-box'><h5 class='av-share-link-description av-no-toc '>Compartir esta noticia<\/h5><ul class='av-share-box-list noLightbox'><li class='av-share-link av-social-link-facebook' ><a target=\"_blank\" aria-label=\"Compartir en Facebook\" href='https:\/\/www.facebook.com\/sharer.php?u=https:\/\/radiorevelacionfm.cl\/?p=47991&#038;t=MOP%20fortalece%20inversi%C3%B3n%20en%20obras%20portuarias%20y%20lacustres%20en%20la%20regi%C3%B3n%20de%20Ays%C3%A9n' aria-hidden='false' data-av_icon='\ue8f3' data-av_iconfont='entypo-fontello' title='' data-avia-related-tooltip='Compartir en Facebook' rel=\"noopener\"><span class='avia_hidden_link_text'>Compartir en Facebook<\/span><\/a><\/li><li class='av-share-link av-social-link-twitter' ><a target=\"_blank\" aria-label=\"Compartir en Twitter\" href='https:\/\/twitter.com\/share?text=MOP%20fortalece%20inversi%C3%B3n%20en%20obras%20portuarias%20y%20lacustres%20en%20la%20regi%C3%B3n%20de%20Ays%C3%A9n&#038;url=https:\/\/radiorevelacionfm.cl\/?p=47991' aria-hidden='false' data-av_icon='\ue8f1' data-av_iconfont='entypo-fontello' title='' data-avia-related-tooltip='Compartir en Twitter' rel=\"noopener\"><span class='avia_hidden_link_text'>Compartir en Twitter<\/span><\/a><\/li><li class='av-share-link av-social-link-whatsapp' ><a target=\"_blank\" aria-label=\"Compartir en Whatsapp\" href='https:\/\/api.whatsapp.com\/send?text=https:\/\/radiorevelacionfm.cl\/?p=47991' aria-hidden='false' data-av_icon='\uf232' data-av_iconfont='entypo-fontello' title='' data-avia-related-tooltip='Compartir en Whatsapp' rel=\"noopener\"><span class='avia_hidden_link_text'>Compartir en Whatsapp<\/span><\/a><\/li><li class='av-share-link av-social-link-linkedin' ><a target=\"_blank\" aria-label=\"Compartir en LinkedIn\" href='https:\/\/linkedin.com\/shareArticle?mini=true&#038;title=MOP%20fortalece%20inversi%C3%B3n%20en%20obras%20portuarias%20y%20lacustres%20en%20la%20regi%C3%B3n%20de%20Ays%C3%A9n&#038;url=https:\/\/radiorevelacionfm.cl\/?p=47991' aria-hidden='false' data-av_icon='\ue8fc' data-av_iconfont='entypo-fontello' title='' data-avia-related-tooltip='Compartir en LinkedIn' rel=\"noopener\"><span class='avia_hidden_link_text'>Compartir en LinkedIn<\/span><\/a><\/li><li class='av-share-link av-social-link-mail' ><a  aria-label=\"Compartir por correo\" href='mailto:?subject=MOP%20fortalece%20inversi%C3%B3n%20en%20obras%20portuarias%20y%20lacustres%20en%20la%20regi%C3%B3n%20de%20Ays%C3%A9n&#038;body=https:\/\/radiorevelacionfm.cl\/?p=47991' aria-hidden='false' data-av_icon='\ue805' data-av_iconfont='entypo-fontello' title='' data-avia-related-tooltip='Compartir por correo'><span class='avia_hidden_link_text'>Compartir por correo<\/span><\/a><\/li><\/ul><\/div><\/div>\n<div  style='height:50px' class='hr hr-invisible   avia-builder-el-8  el_after_av_social_share  el_before_av_comments_list '><span class='hr-inner ' ><span class='hr-inner-style'><\/span><\/span><\/div>\n<div  class='av-buildercomment  av-blog-meta-html-info-disabled av-blog-meta-tag-disabled  '><\/div>\n","protected":false},"excerpt":{"rendered":"","protected":false},"author":1,"featured_media":47992,"comment_status":"open","ping_status":"open","sticky":false,"template":"","format":"standard","meta":{"footnotes":""},"categories":[38],"tags":[],"class_list":["post-47991","post","type-post","status-publish","format-standard","has-post-thumbnail","hentry","category-regional"],"jetpack_featured_media_url":"https:\/\/radiorevelacionfm.cl\/wp-content\/uploads\/2024\/11\/pontOn-chilechico-3-1-1_optimized.jpg","_links":{"self":[{"href":"https:\/\/radiorevelacionfm.cl\/index.php?rest_route=\/wp\/v2\/posts\/47991","targetHints":{"allow":["GET"]}}],"collection":[{"href":"https:\/\/radiorevelacionfm.cl\/index.php?rest_route=\/wp\/v2\/posts"}],"about":[{"href":"https:\/\/radiorevelacionfm.cl\/index.php?rest_route=\/wp\/v2\/types\/post"}],"author":[{"embeddable":true,"href":"https:\/\/radiorevelacionfm.cl\/index.php?rest_route=\/wp\/v2\/users\/1"}],"replies":[{"embeddable":true,"href":"https:\/\/radiorevelacionfm.cl\/index.php?rest_route=%2Fwp%2Fv2%2Fcomments&post=47991"}],"version-history":[{"count":1,"href":"https:\/\/radiorevelacionfm.cl\/index.php?rest_route=\/wp\/v2\/posts\/47991\/revisions"}],"predecessor-version":[{"id":47993,"href":"https:\/\/radiorevelacionfm.cl\/index.php?rest_route=\/wp\/v2\/posts\/47991\/revisions\/47993"}],"wp:featuredmedia":[{"embeddable":true,"href":"https:\/\/radiorevelacionfm.cl\/index.php?rest_route=\/wp\/v2\/media\/47992"}],"wp:attachment":[{"href":"https:\/\/radiorevelacionfm.cl\/index.php?rest_route=%2Fwp%2Fv2%2Fmedia&parent=47991"}],"wp:term":[{"taxonomy":"category","embeddable":true,"href":"https:\/\/radiorevelacionfm.cl\/index.php?rest_route=%2Fwp%2Fv2%2Fcategories&post=47991"},{"taxonomy":"post_tag","embeddable":true,"href":"https:\/\/radiorevelacionfm.cl\/index.php?rest_route=%2Fwp%2Fv2%2Ftags&post=47991"}],"curies":[{"name":"wp","href":"https:\/\/api.w.org\/{rel}","templated":true}]}}