{"id":47985,"date":"2024-11-14T18:05:48","date_gmt":"2024-11-14T21:05:48","guid":{"rendered":"https:\/\/radiorevelacionfm.cl\/?p=47985"},"modified":"2024-11-14T18:05:48","modified_gmt":"2024-11-14T21:05:48","slug":"ultimo-dia-de-la-expo-lana-2024-una-celebracion-del-patrimonio-textil-de-aysen","status":"publish","type":"post","link":"https:\/\/radiorevelacionfm.cl\/?p=47985","title":{"rendered":"\u00daltimo d\u00eda de la Expo Lana 2024: Una celebraci\u00f3n del patrimonio textil de Ays\u00e9n"},"content":{"rendered":"<div class=\"flex_column av_one_full  flex_column_div av-zero-column-padding first  avia-builder-el-0  el_before_av_one_full  avia-builder-el-first  \" style='border-radius:0px; '><div  class='avia-image-container  av-styling-    avia-builder-el-1  avia-builder-el-no-sibling  avia-align-center '  itemprop=\"image\" itemscope=\"itemscope\" itemtype=\"https:\/\/schema.org\/ImageObject\"  ><div class='avia-image-container-inner'><div class='avia-image-overlay-wrap'><img decoding=\"async\" class='wp-image-47986 avia-img-lazy-loading-not-47986 avia_image' src=\"https:\/\/radiorevelacionfm.cl\/wp-content\/uploads\/2024\/11\/whatsapp-image-2024-11-14-at-17_optimized.17.092-1.jpeg\" alt='' title='whatsapp-image-2024-11-14-at-17_optimized.17.09(2)-(1)' height=\"600\" width=\"800\"  itemprop=\"thumbnailUrl\" srcset=\"https:\/\/radiorevelacionfm.cl\/wp-content\/uploads\/2024\/11\/whatsapp-image-2024-11-14-at-17_optimized.17.092-1.jpeg 800w, https:\/\/radiorevelacionfm.cl\/wp-content\/uploads\/2024\/11\/whatsapp-image-2024-11-14-at-17_optimized.17.092-1-300x225.jpeg 300w, https:\/\/radiorevelacionfm.cl\/wp-content\/uploads\/2024\/11\/whatsapp-image-2024-11-14-at-17_optimized.17.092-1-768x576.jpeg 768w, https:\/\/radiorevelacionfm.cl\/wp-content\/uploads\/2024\/11\/whatsapp-image-2024-11-14-at-17_optimized.17.092-1-705x529.jpeg 705w, https:\/\/radiorevelacionfm.cl\/wp-content\/uploads\/2024\/11\/whatsapp-image-2024-11-14-at-17_optimized.17.092-1-450x338.jpeg 450w, https:\/\/radiorevelacionfm.cl\/wp-content\/uploads\/2024\/11\/whatsapp-image-2024-11-14-at-17_optimized.17.092-1-600x450.jpeg 600w\" sizes=\"(max-width: 800px) 100vw, 800px\" \/><\/div><\/div><\/div><\/div><div class=\"flex_column av_one_full  flex_column_div av-zero-column-padding first  avia-builder-el-2  el_after_av_one_full  el_before_av_one_full  column-top-margin\" style='border-radius:0px; '><section class=\"av_textblock_section \"  itemscope=\"itemscope\" itemtype=\"https:\/\/schema.org\/BlogPosting\" itemprop=\"blogPost\" ><div class='avia_textblock  '   itemprop=\"text\" ><p style=\"text-align: center;\"><strong><span style=\"font-size: 18pt;\">\u00daltimo d\u00eda de la Expo Lana 2024: Una celebraci\u00f3n del patrimonio textil de Ays\u00e9n<\/span><\/strong><\/p>\n<div id=\"gtx-trans\" style=\"position: absolute; left: -50px; top: 4.31534px;\">\n<div class=\"gtx-trans-icon\"><\/div>\n<\/div>\n<\/div><\/section><\/div><div class=\"flex_column av_one_full  flex_column_div av-zero-column-padding first  avia-builder-el-4  el_after_av_one_full  el_before_av_hr  column-top-margin\" style='border-radius:0px; '><section class=\"av_textblock_section \"  itemscope=\"itemscope\" itemtype=\"https:\/\/schema.org\/BlogPosting\" itemprop=\"blogPost\" ><div class='avia_textblock  '   itemprop=\"text\" ><div>\n<div dir=\"auto\" style=\"text-align: justify;\">\n<p>La Expo Lana 2024, realizada en el marco de los Juegos Binacionales de la Araucan\u00eda en Ays\u00e9n junto a la Feria de Emprendedores de SERCOTEC, llega hoy a su \u00faltimo d\u00eda en la Plaza de Armas de Coyhaique, tras dos jornadas de actividades que han puesto en valor el trabajo textil y artesanal de la Agricultura Familiar Campesina e Ind\u00edgena (AFCI). Desde el 13 de noviembre, visitantes y turistas han tenido la oportunidad de conocer la riqueza cultural y productiva de la regi\u00f3n, con productos \u00fanicos que reflejan la identidad de la Patagonia chilena.<\/p>\n<p>Yessica Lagos C\u00e1rdenas, directora regional de INDAP Ays\u00e9n del Ministerio de Agricultura, resalt\u00f3 en sus palabras la relevancia de la Expo Lana como una plataforma que va m\u00e1s all\u00e1 de lo comercial: \u00abLa Expo Lana es un espacio tambi\u00e9n para visibilizar el valioso aporte de nuestras artesanas y campesinas. Un momento particularmente hermoso fue ver a estas mujeres modelando sus propios dise\u00f1os en lana el d\u00eda de apertura, una acci\u00f3n que reivindica su trabajo desde una perspectiva de g\u00e9nero y pone en valor su rol en la econom\u00eda y cultura de nuestra regi\u00f3n. Aqu\u00ed mostramos el compromiso de INDAP de seguir apoyando a quienes dan vida a esta herencia textil y cultural que nos define como regi\u00f3n.\u00bb<\/p>\n<p>La Expo Lana 2024\u00a0\u00a0junto a la Feria de Emprendedores de SERCOTEC, ha sido un espacio clave para potenciar los rubros locales y fortalecer el empoderamiento econ\u00f3mico de las mujeres rurales de la Regi\u00f3n de Ays\u00e9n, promoviendo la sostenibilidad y el desarrollo inclusivo de la Agricultura Familiar Campesina e Ind\u00edgena (AFCI). Entre las destacadas expositoras se encuentran: Enaldy Alvial Vivallo, de Lago Castor quien ofrece echarpes, pieceras y chombas, mientras que Carolina Nitor Hern\u00e1ndez, desde Puerto Cisnes, exhibe pieceras y cojines. Flor P\u00e9rez Mancilla, de Cerro Rosado, muestra sus hermosas almohadas, cobertores y sets de cuna, y Patricia Figueroa Cavalleri, de El Claro, sorprende con tejidos en telar de lana de oveja, incluyendo boinas y bajadas de cama.<\/p>\n<p>La diversidad de productos contin\u00faa con Ana Mar\u00eda Solis Figueroa, de Lago Verde, quien presenta art\u00edculos en fieltro h\u00famedo y prendas de vestir, y con Selma Cadin P\u00e9rez, de Cerro Galera, que trae echarpes y mantas. Tambi\u00e9n destaca la participaci\u00f3n de la Asociaci\u00f3n Gremial de Mujeres Campesinas de la Patagonia Ays\u00e9n, representando a Coyhaique, con su artesan\u00eda en lana que refleja el valioso trabajo femenino en la regi\u00f3n. Invitamos a la comunidad a adquirir estos productos en la Plaza de Armas de Coyhaique desde las 10:00 a 19:00 hrs este viernes 15 de noviembre y ser parte de esta celebraci\u00f3n de la cultura textil y la tradici\u00f3n local, fortaleciendo a la AFCI y apoyando a las artesanas que dan vida a esta herencia cultural.<\/p>\n<\/div>\n<\/div>\n<\/div><\/section><\/div><div  style='height:50px' class='hr hr-invisible   avia-builder-el-6  el_after_av_one_full  el_before_av_social_share '><span class='hr-inner ' ><span class='hr-inner-style'><\/span><\/span><\/div><\/p>\n<div  class='av-social-sharing-box  avia-builder-el-7  el_after_av_hr  el_before_av_hr  '><div class='av-share-box'><h5 class='av-share-link-description av-no-toc '>Compartir esta noticia<\/h5><ul class='av-share-box-list noLightbox'><li class='av-share-link av-social-link-facebook' ><a target=\"_blank\" aria-label=\"Compartir en Facebook\" href='https:\/\/www.facebook.com\/sharer.php?u=https:\/\/radiorevelacionfm.cl\/?p=47985&#038;t=%C3%9Altimo%20d%C3%ADa%20de%20la%20Expo%20Lana%202024%3A%20Una%20celebraci%C3%B3n%20del%20patrimonio%20textil%20de%20Ays%C3%A9n' aria-hidden='false' data-av_icon='\ue8f3' data-av_iconfont='entypo-fontello' title='' data-avia-related-tooltip='Compartir en Facebook' rel=\"noopener\"><span class='avia_hidden_link_text'>Compartir en Facebook<\/span><\/a><\/li><li class='av-share-link av-social-link-twitter' ><a target=\"_blank\" aria-label=\"Compartir en Twitter\" href='https:\/\/twitter.com\/share?text=%C3%9Altimo%20d%C3%ADa%20de%20la%20Expo%20Lana%202024%3A%20Una%20celebraci%C3%B3n%20del%20patrimonio%20textil%20de%20Ays%C3%A9n&#038;url=https:\/\/radiorevelacionfm.cl\/?p=47985' aria-hidden='false' data-av_icon='\ue8f1' data-av_iconfont='entypo-fontello' title='' data-avia-related-tooltip='Compartir en Twitter' rel=\"noopener\"><span class='avia_hidden_link_text'>Compartir en Twitter<\/span><\/a><\/li><li class='av-share-link av-social-link-whatsapp' ><a target=\"_blank\" aria-label=\"Compartir en Whatsapp\" href='https:\/\/api.whatsapp.com\/send?text=https:\/\/radiorevelacionfm.cl\/?p=47985' aria-hidden='false' data-av_icon='\uf232' data-av_iconfont='entypo-fontello' title='' data-avia-related-tooltip='Compartir en Whatsapp' rel=\"noopener\"><span class='avia_hidden_link_text'>Compartir en Whatsapp<\/span><\/a><\/li><li class='av-share-link av-social-link-linkedin' ><a target=\"_blank\" aria-label=\"Compartir en LinkedIn\" href='https:\/\/linkedin.com\/shareArticle?mini=true&#038;title=%C3%9Altimo%20d%C3%ADa%20de%20la%20Expo%20Lana%202024%3A%20Una%20celebraci%C3%B3n%20del%20patrimonio%20textil%20de%20Ays%C3%A9n&#038;url=https:\/\/radiorevelacionfm.cl\/?p=47985' aria-hidden='false' data-av_icon='\ue8fc' data-av_iconfont='entypo-fontello' title='' data-avia-related-tooltip='Compartir en LinkedIn' rel=\"noopener\"><span class='avia_hidden_link_text'>Compartir en LinkedIn<\/span><\/a><\/li><li class='av-share-link av-social-link-mail' ><a  aria-label=\"Compartir por correo\" href='mailto:?subject=%C3%9Altimo%20d%C3%ADa%20de%20la%20Expo%20Lana%202024%3A%20Una%20celebraci%C3%B3n%20del%20patrimonio%20textil%20de%20Ays%C3%A9n&#038;body=https:\/\/radiorevelacionfm.cl\/?p=47985' aria-hidden='false' data-av_icon='\ue805' data-av_iconfont='entypo-fontello' title='' data-avia-related-tooltip='Compartir por correo'><span class='avia_hidden_link_text'>Compartir por correo<\/span><\/a><\/li><\/ul><\/div><\/div>\n<div  style='height:50px' class='hr hr-invisible   avia-builder-el-8  el_after_av_social_share  el_before_av_comments_list '><span class='hr-inner ' ><span class='hr-inner-style'><\/span><\/span><\/div>\n<div  class='av-buildercomment  av-blog-meta-html-info-disabled av-blog-meta-tag-disabled  '><\/div>\n","protected":false},"excerpt":{"rendered":"","protected":false},"author":1,"featured_media":47986,"comment_status":"open","ping_status":"open","sticky":false,"template":"","format":"standard","meta":{"footnotes":""},"categories":[38],"tags":[],"class_list":["post-47985","post","type-post","status-publish","format-standard","has-post-thumbnail","hentry","category-regional"],"jetpack_featured_media_url":"https:\/\/radiorevelacionfm.cl\/wp-content\/uploads\/2024\/11\/whatsapp-image-2024-11-14-at-17_optimized.17.092-1.jpeg","_links":{"self":[{"href":"https:\/\/radiorevelacionfm.cl\/index.php?rest_route=\/wp\/v2\/posts\/47985","targetHints":{"allow":["GET"]}}],"collection":[{"href":"https:\/\/radiorevelacionfm.cl\/index.php?rest_route=\/wp\/v2\/posts"}],"about":[{"href":"https:\/\/radiorevelacionfm.cl\/index.php?rest_route=\/wp\/v2\/types\/post"}],"author":[{"embeddable":true,"href":"https:\/\/radiorevelacionfm.cl\/index.php?rest_route=\/wp\/v2\/users\/1"}],"replies":[{"embeddable":true,"href":"https:\/\/radiorevelacionfm.cl\/index.php?rest_route=%2Fwp%2Fv2%2Fcomments&post=47985"}],"version-history":[{"count":1,"href":"https:\/\/radiorevelacionfm.cl\/index.php?rest_route=\/wp\/v2\/posts\/47985\/revisions"}],"predecessor-version":[{"id":47987,"href":"https:\/\/radiorevelacionfm.cl\/index.php?rest_route=\/wp\/v2\/posts\/47985\/revisions\/47987"}],"wp:featuredmedia":[{"embeddable":true,"href":"https:\/\/radiorevelacionfm.cl\/index.php?rest_route=\/wp\/v2\/media\/47986"}],"wp:attachment":[{"href":"https:\/\/radiorevelacionfm.cl\/index.php?rest_route=%2Fwp%2Fv2%2Fmedia&parent=47985"}],"wp:term":[{"taxonomy":"category","embeddable":true,"href":"https:\/\/radiorevelacionfm.cl\/index.php?rest_route=%2Fwp%2Fv2%2Fcategories&post=47985"},{"taxonomy":"post_tag","embeddable":true,"href":"https:\/\/radiorevelacionfm.cl\/index.php?rest_route=%2Fwp%2Fv2%2Ftags&post=47985"}],"curies":[{"name":"wp","href":"https:\/\/api.w.org\/{rel}","templated":true}]}}