{"id":47982,"date":"2024-11-14T20:08:09","date_gmt":"2024-11-14T23:08:09","guid":{"rendered":"https:\/\/radiorevelacionfm.cl\/?p=47982"},"modified":"2024-11-14T20:08:09","modified_gmt":"2024-11-14T23:08:09","slug":"jardines-junji-son-reconocidos-como-establecimiento-educacional-promotor-de-la-salud","status":"publish","type":"post","link":"https:\/\/radiorevelacionfm.cl\/?p=47982","title":{"rendered":"Jardines JUNJI son reconocidos como \u201cEstablecimiento Educacional Promotor de la Salud\u201d"},"content":{"rendered":"<div class=\"flex_column av_one_full  flex_column_div av-zero-column-padding first  avia-builder-el-0  el_before_av_one_full  avia-builder-el-first  \" style='border-radius:0px; '><div  class='avia-image-container  av-styling-    avia-builder-el-1  avia-builder-el-no-sibling  avia-align-center '  itemprop=\"image\" itemscope=\"itemscope\" itemtype=\"https:\/\/schema.org\/ImageObject\"  ><div class='avia-image-container-inner'><div class='avia-image-overlay-wrap'><img decoding=\"async\" class='wp-image-47983 avia-img-lazy-loading-not-47983 avia_image' src=\"https:\/\/radiorevelacionfm.cl\/wp-content\/uploads\/2024\/11\/JJII_Promotores-de-la-salud-1-1-1.jpeg\" alt='' title='JJII_Promotores de la salud (1) (1) (1)' height=\"600\" width=\"800\"  itemprop=\"thumbnailUrl\" srcset=\"https:\/\/radiorevelacionfm.cl\/wp-content\/uploads\/2024\/11\/JJII_Promotores-de-la-salud-1-1-1.jpeg 800w, https:\/\/radiorevelacionfm.cl\/wp-content\/uploads\/2024\/11\/JJII_Promotores-de-la-salud-1-1-1-300x225.jpeg 300w, https:\/\/radiorevelacionfm.cl\/wp-content\/uploads\/2024\/11\/JJII_Promotores-de-la-salud-1-1-1-768x576.jpeg 768w, https:\/\/radiorevelacionfm.cl\/wp-content\/uploads\/2024\/11\/JJII_Promotores-de-la-salud-1-1-1-705x529.jpeg 705w, https:\/\/radiorevelacionfm.cl\/wp-content\/uploads\/2024\/11\/JJII_Promotores-de-la-salud-1-1-1-450x338.jpeg 450w, https:\/\/radiorevelacionfm.cl\/wp-content\/uploads\/2024\/11\/JJII_Promotores-de-la-salud-1-1-1-600x450.jpeg 600w\" sizes=\"(max-width: 800px) 100vw, 800px\" \/><\/div><\/div><\/div><\/div><div class=\"flex_column av_one_full  flex_column_div av-zero-column-padding first  avia-builder-el-2  el_after_av_one_full  el_before_av_one_full  column-top-margin\" style='border-radius:0px; '><section class=\"av_textblock_section \"  itemscope=\"itemscope\" itemtype=\"https:\/\/schema.org\/BlogPosting\" itemprop=\"blogPost\" ><div class='avia_textblock  '   itemprop=\"text\" ><p style=\"text-align: center;\"><strong><span style=\"font-size: 18pt;\">Jardines JUNJI son reconocidos como \u201cEstablecimiento Educacional Promotor de la Salud\u201d<\/span><\/strong><\/p>\n<div id=\"gtx-trans\" style=\"position: absolute; left: -50px; top: 4.31534px;\">\n<div class=\"gtx-trans-icon\"><\/div>\n<\/div>\n<\/div><\/section><\/div><div class=\"flex_column av_one_full  flex_column_div av-zero-column-padding first  avia-builder-el-4  el_after_av_one_full  el_before_av_hr  column-top-margin\" style='border-radius:0px; '><section class=\"av_textblock_section \"  itemscope=\"itemscope\" itemtype=\"https:\/\/schema.org\/BlogPosting\" itemprop=\"blogPost\" ><div class='avia_textblock  '   itemprop=\"text\" ><p style=\"text-align: justify;\"><em>Se trata de los jardines Arcoiris y Kau Kalem de la capital regional, relevando el compromiso con el desarrollo integral de ni\u00f1os y ni\u00f1as, sobre todo considerando que la salud f\u00edsica y mental son fundamentales para el logro de los aprendizajes.<\/em><\/p>\n<p style=\"text-align: justify;\">Esta semana, dos jardines pertenecientes a la Junta Nacional de Jardines Infantiles, JUNJI, se acreditaron como \u201cEstablecimiento educacional promotor de la salud\u201d, iniciativa que reconoce la labor de la comunidad educativa en torno al bienestar y el desarrollo integral de la poblaci\u00f3n infantil y adolescente, sobre todo considerando que la salud f\u00edsica y mental son fundamentales para el logro de los aprendizajes.<\/p>\n<p style=\"text-align: justify;\">Se trata de los jardines Kau Kalem y Arcoiris de la ciudad de Coyhaique, quienes entre los a\u00f1os 2023 y 2024 han desarrollado una serie de acciones e intervenciones junto a los ni\u00f1os, ni\u00f1as y comunidad educativa, potenciando factores protectores de la salud integral tales como convivencia, habilidades para la vida, buen trato e inclusi\u00f3n, impulsando una cultura de vida sana y de estilos de vida saludables, ense\u00f1anzas que acompa\u00f1ar\u00e1n a estos peque\u00f1os para el resto de su vida.<\/p>\n<p style=\"text-align: justify;\">\u201cEsta es una herramienta fundamental para instalar h\u00e1bitos de vida saludable y factores protectores para la salud de todos nuestros ni\u00f1os y ni\u00f1as, y tambi\u00e9n de la comunidad educativa. Valoramos tremendamente el compromiso de estos jardines infantiles por haberse certificado como un establecimiento que protege la salud de todas y todos\u201d, se\u00f1al\u00f3 la seremi de Salud Ays\u00e9n, Carmen Monsalve.<\/p>\n<p style=\"text-align: justify;\">Por su parte, Andrea Flores, encargada JI Kau Kalem destac\u00f3 que lograr esta certificaci\u00f3n implic\u00f3 un trabajo de dos a\u00f1os, generando estrategias que permitan inculcar en los preescolares h\u00e1bitos saludables que los acompa\u00f1en para toda la vida.<\/p>\n<p style=\"text-align: justify;\">\u201cPara nosotros es sumamente importante contar con esta certificaci\u00f3n, ya que es un trabajo que llevamos haciendo durante dos a\u00f1os. Con el equipo hemos ideado diferentes estrategias para fomentar la cultura de la vida sana en todos sus aspectos: se desprende del proyecto educativo, los estilos de vida saludable se potencian y se buscan distintas acciones y estrategias para llevarlas a cabo, potenci\u00e1ndolas en el aula con los ni\u00f1os y ni\u00f1as, que son los protagonistas de sus propios aprendizajes\u201d.<\/p>\n<p style=\"text-align: justify;\">En tanto, Daniela Molina, directora JI Arcoiris, precis\u00f3 que esta es una renovaci\u00f3n de la certificaci\u00f3n, lo que sin duda demuestra el compromiso de toda la comunidad educativa \u2013 educadoras, familias, ni\u00f1os y ni\u00f1as- con los estilos de vida saludables.<\/p>\n<p style=\"text-align: justify;\">\u201cEstamos haciendo un trabajo minucioso con las ni\u00f1as, ni\u00f1os, las familias y el equipo educativo para que tomemos conciencia de la importancia de alimentarnos de manera saludable, consumiendo una variedad importante de frutas y verduras, porque eso va a aportar exclusivamente al desarrollo integral y en su crecimiento, ayud\u00e1ndolos a fortalecer su sistema inmune y aprendizajes. Agradecemos este espacio, la posibilidad de renovar nuestra certificaci\u00f3n y la linda presentaci\u00f3n que hoy nos entregaron\u201d, sostuvo la educadora de p\u00e1rvulos.<\/p>\n<\/div><\/section><\/div><div  style='height:50px' class='hr hr-invisible   avia-builder-el-6  el_after_av_one_full  el_before_av_social_share '><span class='hr-inner ' ><span class='hr-inner-style'><\/span><\/span><\/div><\/p>\n<div  class='av-social-sharing-box  avia-builder-el-7  el_after_av_hr  el_before_av_hr  '><div class='av-share-box'><h5 class='av-share-link-description av-no-toc '>Compartir esta noticia<\/h5><ul class='av-share-box-list noLightbox'><li class='av-share-link av-social-link-facebook' ><a target=\"_blank\" aria-label=\"Compartir en Facebook\" href='https:\/\/www.facebook.com\/sharer.php?u=https:\/\/radiorevelacionfm.cl\/?p=47982&#038;t=Jardines%20JUNJI%20son%20reconocidos%20como%20%E2%80%9CEstablecimiento%20Educacional%20Promotor%20de%20la%20Salud%E2%80%9D' aria-hidden='false' data-av_icon='\ue8f3' data-av_iconfont='entypo-fontello' title='' data-avia-related-tooltip='Compartir en Facebook' rel=\"noopener\"><span class='avia_hidden_link_text'>Compartir en Facebook<\/span><\/a><\/li><li class='av-share-link av-social-link-twitter' ><a target=\"_blank\" aria-label=\"Compartir en Twitter\" href='https:\/\/twitter.com\/share?text=Jardines%20JUNJI%20son%20reconocidos%20como%20%E2%80%9CEstablecimiento%20Educacional%20Promotor%20de%20la%20Salud%E2%80%9D&#038;url=https:\/\/radiorevelacionfm.cl\/?p=47982' aria-hidden='false' data-av_icon='\ue8f1' data-av_iconfont='entypo-fontello' title='' data-avia-related-tooltip='Compartir en Twitter' rel=\"noopener\"><span class='avia_hidden_link_text'>Compartir en Twitter<\/span><\/a><\/li><li class='av-share-link av-social-link-whatsapp' ><a target=\"_blank\" aria-label=\"Compartir en Whatsapp\" href='https:\/\/api.whatsapp.com\/send?text=https:\/\/radiorevelacionfm.cl\/?p=47982' aria-hidden='false' data-av_icon='\uf232' data-av_iconfont='entypo-fontello' title='' data-avia-related-tooltip='Compartir en Whatsapp' rel=\"noopener\"><span class='avia_hidden_link_text'>Compartir en Whatsapp<\/span><\/a><\/li><li class='av-share-link av-social-link-linkedin' ><a target=\"_blank\" aria-label=\"Compartir en LinkedIn\" href='https:\/\/linkedin.com\/shareArticle?mini=true&#038;title=Jardines%20JUNJI%20son%20reconocidos%20como%20%E2%80%9CEstablecimiento%20Educacional%20Promotor%20de%20la%20Salud%E2%80%9D&#038;url=https:\/\/radiorevelacionfm.cl\/?p=47982' aria-hidden='false' data-av_icon='\ue8fc' data-av_iconfont='entypo-fontello' title='' data-avia-related-tooltip='Compartir en LinkedIn' rel=\"noopener\"><span class='avia_hidden_link_text'>Compartir en LinkedIn<\/span><\/a><\/li><li class='av-share-link av-social-link-mail' ><a  aria-label=\"Compartir por correo\" href='mailto:?subject=Jardines%20JUNJI%20son%20reconocidos%20como%20%E2%80%9CEstablecimiento%20Educacional%20Promotor%20de%20la%20Salud%E2%80%9D&#038;body=https:\/\/radiorevelacionfm.cl\/?p=47982' aria-hidden='false' data-av_icon='\ue805' data-av_iconfont='entypo-fontello' title='' data-avia-related-tooltip='Compartir por correo'><span class='avia_hidden_link_text'>Compartir por correo<\/span><\/a><\/li><\/ul><\/div><\/div>\n<div  style='height:50px' class='hr hr-invisible   avia-builder-el-8  el_after_av_social_share  el_before_av_comments_list '><span class='hr-inner ' ><span class='hr-inner-style'><\/span><\/span><\/div>\n<div  class='av-buildercomment  av-blog-meta-html-info-disabled av-blog-meta-tag-disabled  '><\/div>\n","protected":false},"excerpt":{"rendered":"","protected":false},"author":1,"featured_media":47983,"comment_status":"open","ping_status":"open","sticky":false,"template":"","format":"standard","meta":{"footnotes":""},"categories":[46],"tags":[],"class_list":["post-47982","post","type-post","status-publish","format-standard","has-post-thumbnail","hentry","category-salud"],"jetpack_featured_media_url":"https:\/\/radiorevelacionfm.cl\/wp-content\/uploads\/2024\/11\/JJII_Promotores-de-la-salud-1-1-1.jpeg","_links":{"self":[{"href":"https:\/\/radiorevelacionfm.cl\/index.php?rest_route=\/wp\/v2\/posts\/47982","targetHints":{"allow":["GET"]}}],"collection":[{"href":"https:\/\/radiorevelacionfm.cl\/index.php?rest_route=\/wp\/v2\/posts"}],"about":[{"href":"https:\/\/radiorevelacionfm.cl\/index.php?rest_route=\/wp\/v2\/types\/post"}],"author":[{"embeddable":true,"href":"https:\/\/radiorevelacionfm.cl\/index.php?rest_route=\/wp\/v2\/users\/1"}],"replies":[{"embeddable":true,"href":"https:\/\/radiorevelacionfm.cl\/index.php?rest_route=%2Fwp%2Fv2%2Fcomments&post=47982"}],"version-history":[{"count":1,"href":"https:\/\/radiorevelacionfm.cl\/index.php?rest_route=\/wp\/v2\/posts\/47982\/revisions"}],"predecessor-version":[{"id":47984,"href":"https:\/\/radiorevelacionfm.cl\/index.php?rest_route=\/wp\/v2\/posts\/47982\/revisions\/47984"}],"wp:featuredmedia":[{"embeddable":true,"href":"https:\/\/radiorevelacionfm.cl\/index.php?rest_route=\/wp\/v2\/media\/47983"}],"wp:attachment":[{"href":"https:\/\/radiorevelacionfm.cl\/index.php?rest_route=%2Fwp%2Fv2%2Fmedia&parent=47982"}],"wp:term":[{"taxonomy":"category","embeddable":true,"href":"https:\/\/radiorevelacionfm.cl\/index.php?rest_route=%2Fwp%2Fv2%2Fcategories&post=47982"},{"taxonomy":"post_tag","embeddable":true,"href":"https:\/\/radiorevelacionfm.cl\/index.php?rest_route=%2Fwp%2Fv2%2Ftags&post=47982"}],"curies":[{"name":"wp","href":"https:\/\/api.w.org\/{rel}","templated":true}]}}