{"id":47979,"date":"2024-11-15T11:15:28","date_gmt":"2024-11-15T14:15:28","guid":{"rendered":"https:\/\/radiorevelacionfm.cl\/?p=47979"},"modified":"2024-11-15T11:15:28","modified_gmt":"2024-11-15T14:15:28","slug":"diputada-raphael-el-gobierno-sigue-titubeando-en-condenar-la-violencia-en-los-establecimientos-educacionales","status":"publish","type":"post","link":"https:\/\/radiorevelacionfm.cl\/?p=47979","title":{"rendered":"Diputada Raphael: \u201cEl gobierno sigue titubeando en condenar la violencia en los establecimientos educacionales\u201d"},"content":{"rendered":"<div class=\"flex_column av_one_full  flex_column_div av-zero-column-padding first  avia-builder-el-0  el_before_av_one_full  avia-builder-el-first  \" style='border-radius:0px; '><div  class='avia-image-container  av-styling-    avia-builder-el-1  avia-builder-el-no-sibling  avia-align-center '  itemprop=\"image\" itemscope=\"itemscope\" itemtype=\"https:\/\/schema.org\/ImageObject\"  ><div class='avia-image-container-inner'><div class='avia-image-overlay-wrap'><img decoding=\"async\" class='wp-image-47980 avia-img-lazy-loading-not-47980 avia_image' src=\"https:\/\/radiorevelacionfm.cl\/wp-content\/uploads\/2024\/11\/Foto-diputada-MRM-1-1.jpeg\" alt='' title='Foto diputada MRM (1) (1)' height=\"600\" width=\"884\"  itemprop=\"thumbnailUrl\" srcset=\"https:\/\/radiorevelacionfm.cl\/wp-content\/uploads\/2024\/11\/Foto-diputada-MRM-1-1.jpeg 884w, https:\/\/radiorevelacionfm.cl\/wp-content\/uploads\/2024\/11\/Foto-diputada-MRM-1-1-300x204.jpeg 300w, https:\/\/radiorevelacionfm.cl\/wp-content\/uploads\/2024\/11\/Foto-diputada-MRM-1-1-768x521.jpeg 768w, https:\/\/radiorevelacionfm.cl\/wp-content\/uploads\/2024\/11\/Foto-diputada-MRM-1-1-705x479.jpeg 705w, https:\/\/radiorevelacionfm.cl\/wp-content\/uploads\/2024\/11\/Foto-diputada-MRM-1-1-450x305.jpeg 450w, https:\/\/radiorevelacionfm.cl\/wp-content\/uploads\/2024\/11\/Foto-diputada-MRM-1-1-600x407.jpeg 600w\" sizes=\"(max-width: 884px) 100vw, 884px\" \/><\/div><\/div><\/div><\/div><div class=\"flex_column av_one_full  flex_column_div av-zero-column-padding first  avia-builder-el-2  el_after_av_one_full  el_before_av_one_full  column-top-margin\" style='border-radius:0px; '><section class=\"av_textblock_section \"  itemscope=\"itemscope\" itemtype=\"https:\/\/schema.org\/BlogPosting\" itemprop=\"blogPost\" ><div class='avia_textblock  '   itemprop=\"text\" ><p style=\"text-align: center;\"><strong><span style=\"font-size: 18pt;\">Diputada Raphael: \u201cEl gobierno sigue titubeando en condenar la violencia en los establecimientos educacionales\u201d<\/span><\/strong><\/p>\n<div id=\"gtx-trans\" style=\"position: absolute; left: -50px; top: 4.31534px;\">\n<div class=\"gtx-trans-icon\"><\/div>\n<\/div>\n<\/div><\/section><\/div><div class=\"flex_column av_one_full  flex_column_div av-zero-column-padding first  avia-builder-el-4  el_after_av_one_full  el_before_av_hr  column-top-margin\" style='border-radius:0px; '><section class=\"av_textblock_section \"  itemscope=\"itemscope\" itemtype=\"https:\/\/schema.org\/BlogPosting\" itemprop=\"blogPost\" ><div class='avia_textblock  '   itemprop=\"text\" ><p style=\"text-align: justify;\"><em>Esto tras la aprobaci\u00f3n de indicaci\u00f3n en la Ley de presupuestos que prohibir\u00e1 acceso a gratuidad a alumnos sancionados por Ley Aula Segura<\/em><\/p>\n<p style=\"text-align: justify;\">La diputada de RN por la regi\u00f3n de Ays\u00e9n e integrante de la Comisi\u00f3n de Educaci\u00f3n de la C\u00e1mara valor\u00f3 la aprobaci\u00f3n que prohibir\u00e1 el acceso a la gratuidad a los estudiantes que sean sancionados por actos graves de violencia en el marco de la Ley Aula Segura. La iniciativa, que apunta a fortalecer la seguridad y convivencia en el sistema educativo, fue respaldada por los legisladores como un avance necesario para asegurar que los recursos p\u00fablicos sean destinados a quienes valoran el entorno escolar.<\/p>\n<p style=\"text-align: justify;\">En este contexto, la parlamentaria cuestion\u00f3 la intervenci\u00f3n del Ejecutivo para que la votaci\u00f3n de la indicaci\u00f3n se realizar\u00e1 de manera separada del proyecto principal. \u201cEs preocupante que el gobierno busque diluir la importancia de esta medida mediante maniobras de votaci\u00f3n separada. La indicaci\u00f3n es clara y representa una demanda de los apoderados y docentes por una educaci\u00f3n m\u00e1s segura y justa para todos. No es justo que los chilenos financien a trav\u00e9s de sus impuestos y su esfuerzo diario la educaci\u00f3n de alumnos que se dedican a delinquir y no a estudiar\u201d.<\/p>\n<p style=\"text-align: justify;\">Por su parte, la diputada Marcia Raphael subray\u00f3 el impacto positivo de la medida en la comunidad educativa:<\/p>\n<p style=\"text-align: justify;\">\u201cLa educaci\u00f3n debe ser un espacio seguro y libre de violencia. Esta indicaci\u00f3n busca no solo proteger a los estudiantes y docentes, sino tambi\u00e9n garantizar que los recursos p\u00fablicos se usen para quienes realmente valoran y respetan su entorno educativo. Este tipo de medidas refuerza nuestro compromiso con una educaci\u00f3n de calidad y con el bienestar de toda la comunidad escolar.\u201d<\/p>\n<p style=\"text-align: justify;\">De esta forma, la diputada reafirm\u00f3 su compromiso con la seguridad en los establecimientos y su disposici\u00f3n a defender la indicaci\u00f3n en las siguientes etapas legislativas, haciendo un llamado a sus colegas y al Ejecutivo a priorizar el inter\u00e9s de la comunidad escolar y la efectiva convivencia dentro de las instituciones educativas.<\/p>\n<p style=\"text-align: justify;\">Para cerrar, la legisladora cuestion\u00f3 que al ejecutivo \u201cle tiemble la mano\u201d a la hora de defender la seguridad y el derecho a la educaci\u00f3n que tienen los ni\u00f1os y adolescentes de Chile.<\/p>\n<\/div><\/section><\/div><div  style='height:50px' class='hr hr-invisible   avia-builder-el-6  el_after_av_one_full  el_before_av_social_share '><span class='hr-inner ' ><span class='hr-inner-style'><\/span><\/span><\/div><\/p>\n<div  class='av-social-sharing-box  avia-builder-el-7  el_after_av_hr  el_before_av_hr  '><div class='av-share-box'><h5 class='av-share-link-description av-no-toc '>Compartir esta noticia<\/h5><ul class='av-share-box-list noLightbox'><li class='av-share-link av-social-link-facebook' ><a target=\"_blank\" aria-label=\"Compartir en Facebook\" href='https:\/\/www.facebook.com\/sharer.php?u=https:\/\/radiorevelacionfm.cl\/?p=47979&#038;t=Diputada%20Raphael%3A%20%E2%80%9CEl%20gobierno%20sigue%20titubeando%20en%20condenar%20la%20violencia%20en%20los%20establecimientos%20educacionales%E2%80%9D' aria-hidden='false' data-av_icon='\ue8f3' data-av_iconfont='entypo-fontello' title='' data-avia-related-tooltip='Compartir en Facebook' rel=\"noopener\"><span class='avia_hidden_link_text'>Compartir en Facebook<\/span><\/a><\/li><li class='av-share-link av-social-link-twitter' ><a target=\"_blank\" aria-label=\"Compartir en Twitter\" href='https:\/\/twitter.com\/share?text=Diputada%20Raphael%3A%20%E2%80%9CEl%20gobierno%20sigue%20titubeando%20en%20condenar%20la%20violencia%20en%20los%20establecimientos%20educacionales%E2%80%9D&#038;url=https:\/\/radiorevelacionfm.cl\/?p=47979' aria-hidden='false' data-av_icon='\ue8f1' data-av_iconfont='entypo-fontello' title='' data-avia-related-tooltip='Compartir en Twitter' rel=\"noopener\"><span class='avia_hidden_link_text'>Compartir en Twitter<\/span><\/a><\/li><li class='av-share-link av-social-link-whatsapp' ><a target=\"_blank\" aria-label=\"Compartir en Whatsapp\" href='https:\/\/api.whatsapp.com\/send?text=https:\/\/radiorevelacionfm.cl\/?p=47979' aria-hidden='false' data-av_icon='\uf232' data-av_iconfont='entypo-fontello' title='' data-avia-related-tooltip='Compartir en Whatsapp' rel=\"noopener\"><span class='avia_hidden_link_text'>Compartir en Whatsapp<\/span><\/a><\/li><li class='av-share-link av-social-link-linkedin' ><a target=\"_blank\" aria-label=\"Compartir en LinkedIn\" href='https:\/\/linkedin.com\/shareArticle?mini=true&#038;title=Diputada%20Raphael%3A%20%E2%80%9CEl%20gobierno%20sigue%20titubeando%20en%20condenar%20la%20violencia%20en%20los%20establecimientos%20educacionales%E2%80%9D&#038;url=https:\/\/radiorevelacionfm.cl\/?p=47979' aria-hidden='false' data-av_icon='\ue8fc' data-av_iconfont='entypo-fontello' title='' data-avia-related-tooltip='Compartir en LinkedIn' rel=\"noopener\"><span class='avia_hidden_link_text'>Compartir en LinkedIn<\/span><\/a><\/li><li class='av-share-link av-social-link-mail' ><a  aria-label=\"Compartir por correo\" href='mailto:?subject=Diputada%20Raphael%3A%20%E2%80%9CEl%20gobierno%20sigue%20titubeando%20en%20condenar%20la%20violencia%20en%20los%20establecimientos%20educacionales%E2%80%9D&#038;body=https:\/\/radiorevelacionfm.cl\/?p=47979' aria-hidden='false' data-av_icon='\ue805' data-av_iconfont='entypo-fontello' title='' data-avia-related-tooltip='Compartir por correo'><span class='avia_hidden_link_text'>Compartir por correo<\/span><\/a><\/li><\/ul><\/div><\/div>\n<div  style='height:50px' class='hr hr-invisible   avia-builder-el-8  el_after_av_social_share  el_before_av_comments_list '><span class='hr-inner ' ><span class='hr-inner-style'><\/span><\/span><\/div>\n<div  class='av-buildercomment  av-blog-meta-html-info-disabled av-blog-meta-tag-disabled  '><\/div>\n","protected":false},"excerpt":{"rendered":"","protected":false},"author":1,"featured_media":47980,"comment_status":"open","ping_status":"open","sticky":false,"template":"","format":"standard","meta":{"footnotes":""},"categories":[35],"tags":[],"class_list":["post-47979","post","type-post","status-publish","format-standard","has-post-thumbnail","hentry","category-politica"],"jetpack_featured_media_url":"https:\/\/radiorevelacionfm.cl\/wp-content\/uploads\/2024\/11\/Foto-diputada-MRM-1-1.jpeg","_links":{"self":[{"href":"https:\/\/radiorevelacionfm.cl\/index.php?rest_route=\/wp\/v2\/posts\/47979","targetHints":{"allow":["GET"]}}],"collection":[{"href":"https:\/\/radiorevelacionfm.cl\/index.php?rest_route=\/wp\/v2\/posts"}],"about":[{"href":"https:\/\/radiorevelacionfm.cl\/index.php?rest_route=\/wp\/v2\/types\/post"}],"author":[{"embeddable":true,"href":"https:\/\/radiorevelacionfm.cl\/index.php?rest_route=\/wp\/v2\/users\/1"}],"replies":[{"embeddable":true,"href":"https:\/\/radiorevelacionfm.cl\/index.php?rest_route=%2Fwp%2Fv2%2Fcomments&post=47979"}],"version-history":[{"count":1,"href":"https:\/\/radiorevelacionfm.cl\/index.php?rest_route=\/wp\/v2\/posts\/47979\/revisions"}],"predecessor-version":[{"id":47981,"href":"https:\/\/radiorevelacionfm.cl\/index.php?rest_route=\/wp\/v2\/posts\/47979\/revisions\/47981"}],"wp:featuredmedia":[{"embeddable":true,"href":"https:\/\/radiorevelacionfm.cl\/index.php?rest_route=\/wp\/v2\/media\/47980"}],"wp:attachment":[{"href":"https:\/\/radiorevelacionfm.cl\/index.php?rest_route=%2Fwp%2Fv2%2Fmedia&parent=47979"}],"wp:term":[{"taxonomy":"category","embeddable":true,"href":"https:\/\/radiorevelacionfm.cl\/index.php?rest_route=%2Fwp%2Fv2%2Fcategories&post=47979"},{"taxonomy":"post_tag","embeddable":true,"href":"https:\/\/radiorevelacionfm.cl\/index.php?rest_route=%2Fwp%2Fv2%2Ftags&post=47979"}],"curies":[{"name":"wp","href":"https:\/\/api.w.org\/{rel}","templated":true}]}}