{"id":47976,"date":"2024-11-15T09:52:27","date_gmt":"2024-11-15T12:52:27","guid":{"rendered":"https:\/\/radiorevelacionfm.cl\/?p=47976"},"modified":"2024-11-15T09:52:27","modified_gmt":"2024-11-15T12:52:27","slug":"institucionalidad-academia-y-actores-privados-desarrollaron-dialogo-sobre-cooperativismo-en-aysen","status":"publish","type":"post","link":"https:\/\/radiorevelacionfm.cl\/?p=47976","title":{"rendered":"Institucionalidad, academia y actores privados, desarrollaron di\u00e1logo sobre cooperativismo en Ays\u00e9n"},"content":{"rendered":"<div class=\"flex_column av_one_full  flex_column_div av-zero-column-padding first  avia-builder-el-0  el_before_av_one_full  avia-builder-el-first  \" style='border-radius:0px; '><div  class='avia-image-container  av-styling-    avia-builder-el-1  avia-builder-el-no-sibling  avia-align-center '  itemprop=\"image\" itemscope=\"itemscope\" itemtype=\"https:\/\/schema.org\/ImageObject\"  ><div class='avia-image-container-inner'><div class='avia-image-overlay-wrap'><img decoding=\"async\" class='wp-image-47977 avia-img-lazy-loading-not-47977 avia_image' src=\"https:\/\/radiorevelacionfm.cl\/wp-content\/uploads\/2024\/11\/dialogo-1_optimized-1.jpg\" alt='' title='dialogo-(1)_optimized (1)' height=\"600\" width=\"1067\"  itemprop=\"thumbnailUrl\" srcset=\"https:\/\/radiorevelacionfm.cl\/wp-content\/uploads\/2024\/11\/dialogo-1_optimized-1.jpg 1067w, https:\/\/radiorevelacionfm.cl\/wp-content\/uploads\/2024\/11\/dialogo-1_optimized-1-300x169.jpg 300w, https:\/\/radiorevelacionfm.cl\/wp-content\/uploads\/2024\/11\/dialogo-1_optimized-1-1030x579.jpg 1030w, https:\/\/radiorevelacionfm.cl\/wp-content\/uploads\/2024\/11\/dialogo-1_optimized-1-768x432.jpg 768w, https:\/\/radiorevelacionfm.cl\/wp-content\/uploads\/2024\/11\/dialogo-1_optimized-1-705x396.jpg 705w, https:\/\/radiorevelacionfm.cl\/wp-content\/uploads\/2024\/11\/dialogo-1_optimized-1-450x253.jpg 450w, https:\/\/radiorevelacionfm.cl\/wp-content\/uploads\/2024\/11\/dialogo-1_optimized-1-600x337.jpg 600w\" sizes=\"(max-width: 1067px) 100vw, 1067px\" \/><\/div><\/div><\/div><\/div><div class=\"flex_column av_one_full  flex_column_div av-zero-column-padding first  avia-builder-el-2  el_after_av_one_full  el_before_av_one_full  column-top-margin\" style='border-radius:0px; '><section class=\"av_textblock_section \"  itemscope=\"itemscope\" itemtype=\"https:\/\/schema.org\/BlogPosting\" itemprop=\"blogPost\" ><div class='avia_textblock  '   itemprop=\"text\" ><p style=\"text-align: center;\"><strong><span style=\"font-size: 18pt;\">Institucionalidad, academia y actores privados, desarrollaron di\u00e1logo sobre cooperativismo en Ays\u00e9n<\/span><\/strong><\/p>\n<div id=\"gtx-trans\" style=\"position: absolute; left: -50px; top: 4.31534px;\">\n<div class=\"gtx-trans-icon\"><\/div>\n<\/div>\n<\/div><\/section><\/div><div class=\"flex_column av_one_full  flex_column_div av-zero-column-padding first  avia-builder-el-4  el_after_av_one_full  el_before_av_hr  column-top-margin\" style='border-radius:0px; '><section class=\"av_textblock_section \"  itemscope=\"itemscope\" itemtype=\"https:\/\/schema.org\/BlogPosting\" itemprop=\"blogPost\" ><div class='avia_textblock  '   itemprop=\"text\" ><p style=\"text-align: justify;\">Las cooperativas poseen valores y principios que la diferencian de otros modelos econ\u00f3micos ya que se basan en la igualdad y equidad,\u00a0 siendo organizaciones altamente democr\u00e1ticas, cuyos miembros participan voluntariamente para hacer frente a sus necesidades, aspiraciones econ\u00f3micas, sociales y culturales.<\/p>\n<p style=\"text-align: justify;\">En este contexto y convocados por el Seremi de Econom\u00eda, Fomento y Turismo; Felipe Rojas Pizarro, se reunieron en un di\u00e1logo denominado \u201cDesaf\u00edos y Oportunidades del Cooperativismo en Ays\u00e9n\u201d, diversos actores del ecosistema del emprendimiento y la asociatividad. Entre ellos; Universidad de Ays\u00e9n, UACH Campus Patagonia, Sence, Sercotec, sector privado, Divisi\u00f3n de Asociatividad y Cooperativas del Ministerio de Econom\u00eda y Gobierno Regional, para conocer la experiencia de las cooperativas en Espa\u00f1a, mediante el relato del Dr. Juan Sebasti\u00e1n Castillo, Catedr\u00e1tico de la Universidad de Castilla, La Mancha y contrastarlo con la realidad local.<\/p>\n<p style=\"text-align: justify;\">El Seremi de Econom\u00eda Felipe Rojas relev\u00f3 la importancia de este di\u00e1logo para robustecer el cooperativismo en nuestra regi\u00f3n: \u201cRevisamos experiencias de pol\u00edticas p\u00fablicas aplicadas en la promoci\u00f3n y difusi\u00f3n de las cooperativas en la Regi\u00f3n de Ays\u00e9n, sus fortalezas, debilidades y aspectos a mejorar. Adem\u00e1s, abrimos el camino para vincular el cooperativismo y la asociatividad con la academia y especialmente, conocimos la experiencia de Espa\u00f1a en esta tem\u00e1tica y c\u00f3mo el mundo de las cooperativas es relevante para las comunidades aut\u00f3nomas y c\u00f3mo algunos elementos de esta experiencia se podr\u00edan replicar en nuestro pa\u00eds\u201d.<\/p>\n<p style=\"text-align: justify;\">Para Gonzalo Marf\u00e1n, Jefe de Proyecto FIC Cooperativas, que ejecuta UACH Campus Patagonia, la importancia de estos di\u00e1logos es fundamental: \u201cLos mundos p\u00fablico, privado y academia deben trabajar en conjunto por el bienestar social. Como Universidad Austral Campus Patagonia actores relevantes de la academia, velamos por la generaci\u00f3n de conocimiento y tambi\u00e9n por la integraci\u00f3n funcional de los mismos. En espec\u00edfico, vemos en la asociatividad y el cooperativismo una estrategia de negocios que aporta a las sinergias empresariales y con ello a este deseado bienestar social\u201d.<\/p>\n<p style=\"text-align: justify;\">Por su parte Esteban Cofr\u00e9, Acad\u00e9mico Universidad de Ays\u00e9n, perteneciente al Departamento de Ciencias Sociales, puso sobre relieve la gran importancia de la asociatividad: \u201cEste di\u00e1logo nos ayuda much\u00edsimo para trabajar en la proyecci\u00f3n de la carrera de Ingenier\u00eda Comercial en torno a la importancia de la asociatividad como una forma de hacer negocios de manera sostenible y sustentable. No solamente desde la Ingenier\u00eda Comercial, sino que desde todos los \u00e1mbitos de las Ciencias Sociales. Para nosotras y nosotros en la Universidad de Ays\u00e9n, es un compromiso poder organizarnos en torno a c\u00f3mo podemos aportar en el desarrollo econ\u00f3mico y social del territorio\u201d.<\/p>\n<p style=\"text-align: justify;\">Uno de los invitados y principales expositores dentro de este di\u00e1logo fue el Dr. Juan Sebasti\u00e1n Castillo, Catedr\u00e1tico de la Universidad de Castilla, Espa\u00f1a quien destac\u00f3 lo in\u00e9dito de esta instancia: \u201cHa sido un di\u00e1logo muy interesante y estoy sorprendido ya que es gratificante ver que la administraci\u00f3n de todo \u00e1mbito, junto con el mundo universitario dialoguen e intenten encontrar un punto de vista com\u00fan, es algo que no suele ser frecuente en ning\u00fan lado y que dice mucho del inter\u00e9s que demuestra Chile y esta regi\u00f3n por desarrollar este tipo de econom\u00eda sostenible\u201d.<\/p>\n<p style=\"text-align: justify;\">De este modo el cooperativismo avanza en la Regi\u00f3n de Ays\u00e9n, para potenciar un modelo econ\u00f3mico que genera empleo, agrega valor al desarrollo del pa\u00eds y ayuda a profundizar la democracia econ\u00f3mica en cada territorio, poniendo a las personas al centro, de la mano de la asociatividad y mejorando la calidad de vida de sus socios y socias.<\/p>\n<\/div><\/section><\/div><div  style='height:50px' class='hr hr-invisible   avia-builder-el-6  el_after_av_one_full  el_before_av_social_share '><span class='hr-inner ' ><span class='hr-inner-style'><\/span><\/span><\/div><\/p>\n<div  class='av-social-sharing-box  avia-builder-el-7  el_after_av_hr  el_before_av_hr  '><div class='av-share-box'><h5 class='av-share-link-description av-no-toc '>Compartir esta noticia<\/h5><ul class='av-share-box-list noLightbox'><li class='av-share-link av-social-link-facebook' ><a target=\"_blank\" aria-label=\"Compartir en Facebook\" href='https:\/\/www.facebook.com\/sharer.php?u=https:\/\/radiorevelacionfm.cl\/?p=47976&#038;t=Institucionalidad%2C%20academia%20y%20actores%20privados%2C%20desarrollaron%20di%C3%A1logo%20sobre%20cooperativismo%20en%20Ays%C3%A9n' aria-hidden='false' data-av_icon='\ue8f3' data-av_iconfont='entypo-fontello' title='' data-avia-related-tooltip='Compartir en Facebook' rel=\"noopener\"><span class='avia_hidden_link_text'>Compartir en Facebook<\/span><\/a><\/li><li class='av-share-link av-social-link-twitter' ><a target=\"_blank\" aria-label=\"Compartir en Twitter\" href='https:\/\/twitter.com\/share?text=Institucionalidad%2C%20academia%20y%20actores%20privados%2C%20desarrollaron%20di%C3%A1logo%20sobre%20cooperativismo%20en%20Ays%C3%A9n&#038;url=https:\/\/radiorevelacionfm.cl\/?p=47976' aria-hidden='false' data-av_icon='\ue8f1' data-av_iconfont='entypo-fontello' title='' data-avia-related-tooltip='Compartir en Twitter' rel=\"noopener\"><span class='avia_hidden_link_text'>Compartir en Twitter<\/span><\/a><\/li><li class='av-share-link av-social-link-whatsapp' ><a target=\"_blank\" aria-label=\"Compartir en Whatsapp\" href='https:\/\/api.whatsapp.com\/send?text=https:\/\/radiorevelacionfm.cl\/?p=47976' aria-hidden='false' data-av_icon='\uf232' data-av_iconfont='entypo-fontello' title='' data-avia-related-tooltip='Compartir en Whatsapp' rel=\"noopener\"><span class='avia_hidden_link_text'>Compartir en Whatsapp<\/span><\/a><\/li><li class='av-share-link av-social-link-linkedin' ><a target=\"_blank\" aria-label=\"Compartir en LinkedIn\" href='https:\/\/linkedin.com\/shareArticle?mini=true&#038;title=Institucionalidad%2C%20academia%20y%20actores%20privados%2C%20desarrollaron%20di%C3%A1logo%20sobre%20cooperativismo%20en%20Ays%C3%A9n&#038;url=https:\/\/radiorevelacionfm.cl\/?p=47976' aria-hidden='false' data-av_icon='\ue8fc' data-av_iconfont='entypo-fontello' title='' data-avia-related-tooltip='Compartir en LinkedIn' rel=\"noopener\"><span class='avia_hidden_link_text'>Compartir en LinkedIn<\/span><\/a><\/li><li class='av-share-link av-social-link-mail' ><a  aria-label=\"Compartir por correo\" href='mailto:?subject=Institucionalidad%2C%20academia%20y%20actores%20privados%2C%20desarrollaron%20di%C3%A1logo%20sobre%20cooperativismo%20en%20Ays%C3%A9n&#038;body=https:\/\/radiorevelacionfm.cl\/?p=47976' aria-hidden='false' data-av_icon='\ue805' data-av_iconfont='entypo-fontello' title='' data-avia-related-tooltip='Compartir por correo'><span class='avia_hidden_link_text'>Compartir por correo<\/span><\/a><\/li><\/ul><\/div><\/div>\n<div  style='height:50px' class='hr hr-invisible   avia-builder-el-8  el_after_av_social_share  el_before_av_comments_list '><span class='hr-inner ' ><span class='hr-inner-style'><\/span><\/span><\/div>\n<div  class='av-buildercomment  av-blog-meta-html-info-disabled av-blog-meta-tag-disabled  '><\/div>\n","protected":false},"excerpt":{"rendered":"","protected":false},"author":1,"featured_media":47977,"comment_status":"open","ping_status":"open","sticky":false,"template":"","format":"standard","meta":{"footnotes":""},"categories":[38],"tags":[],"class_list":["post-47976","post","type-post","status-publish","format-standard","has-post-thumbnail","hentry","category-regional"],"jetpack_featured_media_url":"https:\/\/radiorevelacionfm.cl\/wp-content\/uploads\/2024\/11\/dialogo-1_optimized-1.jpg","_links":{"self":[{"href":"https:\/\/radiorevelacionfm.cl\/index.php?rest_route=\/wp\/v2\/posts\/47976","targetHints":{"allow":["GET"]}}],"collection":[{"href":"https:\/\/radiorevelacionfm.cl\/index.php?rest_route=\/wp\/v2\/posts"}],"about":[{"href":"https:\/\/radiorevelacionfm.cl\/index.php?rest_route=\/wp\/v2\/types\/post"}],"author":[{"embeddable":true,"href":"https:\/\/radiorevelacionfm.cl\/index.php?rest_route=\/wp\/v2\/users\/1"}],"replies":[{"embeddable":true,"href":"https:\/\/radiorevelacionfm.cl\/index.php?rest_route=%2Fwp%2Fv2%2Fcomments&post=47976"}],"version-history":[{"count":1,"href":"https:\/\/radiorevelacionfm.cl\/index.php?rest_route=\/wp\/v2\/posts\/47976\/revisions"}],"predecessor-version":[{"id":47978,"href":"https:\/\/radiorevelacionfm.cl\/index.php?rest_route=\/wp\/v2\/posts\/47976\/revisions\/47978"}],"wp:featuredmedia":[{"embeddable":true,"href":"https:\/\/radiorevelacionfm.cl\/index.php?rest_route=\/wp\/v2\/media\/47977"}],"wp:attachment":[{"href":"https:\/\/radiorevelacionfm.cl\/index.php?rest_route=%2Fwp%2Fv2%2Fmedia&parent=47976"}],"wp:term":[{"taxonomy":"category","embeddable":true,"href":"https:\/\/radiorevelacionfm.cl\/index.php?rest_route=%2Fwp%2Fv2%2Fcategories&post=47976"},{"taxonomy":"post_tag","embeddable":true,"href":"https:\/\/radiorevelacionfm.cl\/index.php?rest_route=%2Fwp%2Fv2%2Ftags&post=47976"}],"curies":[{"name":"wp","href":"https:\/\/api.w.org\/{rel}","templated":true}]}}