{"id":47973,"date":"2024-11-14T15:55:56","date_gmt":"2024-11-14T18:55:56","guid":{"rendered":"https:\/\/radiorevelacionfm.cl\/?p=47973"},"modified":"2024-11-14T15:55:56","modified_gmt":"2024-11-14T18:55:56","slug":"con-apoyo-de-biblioteca-publica-colegios-adventistas-de-chile-realizan-cuentacuentos-con-ninos-as-de-la-escuela-aysen","status":"publish","type":"post","link":"https:\/\/radiorevelacionfm.cl\/?p=47973","title":{"rendered":"Con apoyo de Biblioteca Publica Colegios Adventistas de Chile realizan cuentacuentos con ni\u00f1os\/as de la escuela Ays\u00e9n"},"content":{"rendered":"<div class=\"flex_column av_one_full  flex_column_div av-zero-column-padding first  avia-builder-el-0  el_before_av_one_full  avia-builder-el-first  \" style='border-radius:0px; '><div  class='avia-image-container  av-styling-    avia-builder-el-1  avia-builder-el-no-sibling  avia-align-center '  itemprop=\"image\" itemscope=\"itemscope\" itemtype=\"https:\/\/schema.org\/ImageObject\"  ><div class='avia-image-container-inner'><div class='avia-image-overlay-wrap'><img decoding=\"async\" class='wp-image-47974 avia-img-lazy-loading-not-47974 avia_image' src=\"https:\/\/radiorevelacionfm.cl\/wp-content\/uploads\/2024\/11\/cuentacuentos-5-1-1.jpeg\" alt='' title='cuentacuentos 5 (1) (1)' height=\"600\" width=\"800\"  itemprop=\"thumbnailUrl\" srcset=\"https:\/\/radiorevelacionfm.cl\/wp-content\/uploads\/2024\/11\/cuentacuentos-5-1-1.jpeg 800w, https:\/\/radiorevelacionfm.cl\/wp-content\/uploads\/2024\/11\/cuentacuentos-5-1-1-300x225.jpeg 300w, https:\/\/radiorevelacionfm.cl\/wp-content\/uploads\/2024\/11\/cuentacuentos-5-1-1-768x576.jpeg 768w, https:\/\/radiorevelacionfm.cl\/wp-content\/uploads\/2024\/11\/cuentacuentos-5-1-1-705x529.jpeg 705w, https:\/\/radiorevelacionfm.cl\/wp-content\/uploads\/2024\/11\/cuentacuentos-5-1-1-450x338.jpeg 450w, https:\/\/radiorevelacionfm.cl\/wp-content\/uploads\/2024\/11\/cuentacuentos-5-1-1-600x450.jpeg 600w\" sizes=\"(max-width: 800px) 100vw, 800px\" \/><\/div><\/div><\/div><\/div><div class=\"flex_column av_one_full  flex_column_div av-zero-column-padding first  avia-builder-el-2  el_after_av_one_full  el_before_av_one_full  column-top-margin\" style='border-radius:0px; '><section class=\"av_textblock_section \"  itemscope=\"itemscope\" itemtype=\"https:\/\/schema.org\/BlogPosting\" itemprop=\"blogPost\" ><div class='avia_textblock  '   itemprop=\"text\" ><p style=\"text-align: center;\"><strong><span style=\"font-size: 18pt;\">Con apoyo de Biblioteca Publica Colegios Adventistas de Chile realizan cuentacuentos con ni\u00f1os\/as de la escuela Ays\u00e9n<\/span><\/strong><\/p>\n<div id=\"gtx-trans\" style=\"position: absolute; left: -50px; top: 4.31534px;\">\n<div class=\"gtx-trans-icon\"><\/div>\n<\/div>\n<\/div><\/section><\/div><div class=\"flex_column av_one_full  flex_column_div av-zero-column-padding first  avia-builder-el-4  el_after_av_one_full  el_before_av_hr  column-top-margin\" style='border-radius:0px; '><section class=\"av_textblock_section \"  itemscope=\"itemscope\" itemtype=\"https:\/\/schema.org\/BlogPosting\" itemprop=\"blogPost\" ><div class='avia_textblock  '   itemprop=\"text\" ><p style=\"text-align: justify;\">Felices concluyeron una actividad extraescolar ni\u00f1os y ni\u00f1as de pre k\u00ednder y k\u00ednder de la escuela Ays\u00e9n, quienes fueron invitados por los Colegios Adventistas de Chile y la Biblioteca P\u00fablica de Puerto Ays\u00e9n a una jornada de entretenidos cuentacuentos.<\/p>\n<p style=\"text-align: justify;\">\u201cEstamos agradecidos de Dios y contentos de poder acompa\u00f1arlos aqu\u00ed en Puerto Ays\u00e9n junto a esta delegaci\u00f3n con diferentes alumnos desde Angol hasta Punta Arenas, hay varios ni\u00f1os que nos est\u00e1n acompa\u00f1ando y queremos poder ayudarles en lo que podamos. Siempre entregando el mensaje de que Jes\u00fas puede cambiar la vida de las personas\u201d, manifest\u00f3, Esteban Cifuentes, pastor del Colegio Adventista de Temuco.<\/p>\n<p style=\"text-align: justify;\">Por su parte, Samuel R\u00edos, pastor de la iglesia Adventista de Puerto Ays\u00e9n, se\u00f1al\u00f3, \u201cles agradecemos mucho por haber abierto los espacios de la biblioteca municipal, porque pudimos realizar una bonita actividad con los ni\u00f1os, gracias tambi\u00e9n a Yasna que nos ayud\u00f3 a coordinar toda esta actividad y a todo su equipo de la biblioteca, porque se le est\u00e1 dando un buen uso. As\u00ed es que, agradecidos por esta bonita instancia y sigamos cultivando el h\u00e1bito de la lectura, de la cultura y compartiendo un mensaje de esperanza a la comunidad\u201d.<\/p>\n<p style=\"text-align: justify;\">En tanto, Pamela Olivares, encargada de convivencia escolar de la escuela Ays\u00e9n, coment\u00f3, \u201cagradecer a la biblioteca municipal que nos invit\u00f3 a esta actividad a los pre k\u00ednder y k\u00ednder, que vinieron del colegio Adventista de Chile, quienes realizaron un cuentacuentos dirigido a los estudiantes m\u00e1s peque\u00f1os de nuestra escuela. As\u00ed es que, de todo coraz\u00f3n agradecer esta invitaci\u00f3n a esa actividad\u201d, puntualiz\u00f3.<\/p>\n<\/div><\/section><\/div><div  style='height:50px' class='hr hr-invisible   avia-builder-el-6  el_after_av_one_full  el_before_av_social_share '><span class='hr-inner ' ><span class='hr-inner-style'><\/span><\/span><\/div><\/p>\n<div  class='av-social-sharing-box  avia-builder-el-7  el_after_av_hr  el_before_av_hr  '><div class='av-share-box'><h5 class='av-share-link-description av-no-toc '>Compartir esta noticia<\/h5><ul class='av-share-box-list noLightbox'><li class='av-share-link av-social-link-facebook' ><a target=\"_blank\" aria-label=\"Compartir en Facebook\" href='https:\/\/www.facebook.com\/sharer.php?u=https:\/\/radiorevelacionfm.cl\/?p=47973&#038;t=Con%20apoyo%20de%20Biblioteca%20Publica%20Colegios%20Adventistas%20de%20Chile%20realizan%20cuentacuentos%20con%20ni%C3%B1os%2Fas%20de%20la%20escuela%20Ays%C3%A9n' aria-hidden='false' data-av_icon='\ue8f3' data-av_iconfont='entypo-fontello' title='' data-avia-related-tooltip='Compartir en Facebook' rel=\"noopener\"><span class='avia_hidden_link_text'>Compartir en Facebook<\/span><\/a><\/li><li class='av-share-link av-social-link-twitter' ><a target=\"_blank\" aria-label=\"Compartir en Twitter\" href='https:\/\/twitter.com\/share?text=Con%20apoyo%20de%20Biblioteca%20Publica%20Colegios%20Adventistas%20de%20Chile%20realizan%20cuentacuentos%20con%20ni%C3%B1os%2Fas%20de%20la%20escuela%20Ays%C3%A9n&#038;url=https:\/\/radiorevelacionfm.cl\/?p=47973' aria-hidden='false' data-av_icon='\ue8f1' data-av_iconfont='entypo-fontello' title='' data-avia-related-tooltip='Compartir en Twitter' rel=\"noopener\"><span class='avia_hidden_link_text'>Compartir en Twitter<\/span><\/a><\/li><li class='av-share-link av-social-link-whatsapp' ><a target=\"_blank\" aria-label=\"Compartir en Whatsapp\" href='https:\/\/api.whatsapp.com\/send?text=https:\/\/radiorevelacionfm.cl\/?p=47973' aria-hidden='false' data-av_icon='\uf232' data-av_iconfont='entypo-fontello' title='' data-avia-related-tooltip='Compartir en Whatsapp' rel=\"noopener\"><span class='avia_hidden_link_text'>Compartir en Whatsapp<\/span><\/a><\/li><li class='av-share-link av-social-link-linkedin' ><a target=\"_blank\" aria-label=\"Compartir en LinkedIn\" href='https:\/\/linkedin.com\/shareArticle?mini=true&#038;title=Con%20apoyo%20de%20Biblioteca%20Publica%20Colegios%20Adventistas%20de%20Chile%20realizan%20cuentacuentos%20con%20ni%C3%B1os%2Fas%20de%20la%20escuela%20Ays%C3%A9n&#038;url=https:\/\/radiorevelacionfm.cl\/?p=47973' aria-hidden='false' data-av_icon='\ue8fc' data-av_iconfont='entypo-fontello' title='' data-avia-related-tooltip='Compartir en LinkedIn' rel=\"noopener\"><span class='avia_hidden_link_text'>Compartir en LinkedIn<\/span><\/a><\/li><li class='av-share-link av-social-link-mail' ><a  aria-label=\"Compartir por correo\" href='mailto:?subject=Con%20apoyo%20de%20Biblioteca%20Publica%20Colegios%20Adventistas%20de%20Chile%20realizan%20cuentacuentos%20con%20ni%C3%B1os%2Fas%20de%20la%20escuela%20Ays%C3%A9n&#038;body=https:\/\/radiorevelacionfm.cl\/?p=47973' aria-hidden='false' data-av_icon='\ue805' data-av_iconfont='entypo-fontello' title='' data-avia-related-tooltip='Compartir por correo'><span class='avia_hidden_link_text'>Compartir por correo<\/span><\/a><\/li><\/ul><\/div><\/div>\n<div  style='height:50px' class='hr hr-invisible   avia-builder-el-8  el_after_av_social_share  el_before_av_comments_list '><span class='hr-inner ' ><span class='hr-inner-style'><\/span><\/span><\/div>\n<div  class='av-buildercomment  av-blog-meta-html-info-disabled av-blog-meta-tag-disabled  '><\/div>\n","protected":false},"excerpt":{"rendered":"","protected":false},"author":1,"featured_media":47974,"comment_status":"open","ping_status":"open","sticky":false,"template":"","format":"standard","meta":{"footnotes":""},"categories":[38],"tags":[],"class_list":["post-47973","post","type-post","status-publish","format-standard","has-post-thumbnail","hentry","category-regional"],"jetpack_featured_media_url":"https:\/\/radiorevelacionfm.cl\/wp-content\/uploads\/2024\/11\/cuentacuentos-5-1-1.jpeg","_links":{"self":[{"href":"https:\/\/radiorevelacionfm.cl\/index.php?rest_route=\/wp\/v2\/posts\/47973","targetHints":{"allow":["GET"]}}],"collection":[{"href":"https:\/\/radiorevelacionfm.cl\/index.php?rest_route=\/wp\/v2\/posts"}],"about":[{"href":"https:\/\/radiorevelacionfm.cl\/index.php?rest_route=\/wp\/v2\/types\/post"}],"author":[{"embeddable":true,"href":"https:\/\/radiorevelacionfm.cl\/index.php?rest_route=\/wp\/v2\/users\/1"}],"replies":[{"embeddable":true,"href":"https:\/\/radiorevelacionfm.cl\/index.php?rest_route=%2Fwp%2Fv2%2Fcomments&post=47973"}],"version-history":[{"count":1,"href":"https:\/\/radiorevelacionfm.cl\/index.php?rest_route=\/wp\/v2\/posts\/47973\/revisions"}],"predecessor-version":[{"id":47975,"href":"https:\/\/radiorevelacionfm.cl\/index.php?rest_route=\/wp\/v2\/posts\/47973\/revisions\/47975"}],"wp:featuredmedia":[{"embeddable":true,"href":"https:\/\/radiorevelacionfm.cl\/index.php?rest_route=\/wp\/v2\/media\/47974"}],"wp:attachment":[{"href":"https:\/\/radiorevelacionfm.cl\/index.php?rest_route=%2Fwp%2Fv2%2Fmedia&parent=47973"}],"wp:term":[{"taxonomy":"category","embeddable":true,"href":"https:\/\/radiorevelacionfm.cl\/index.php?rest_route=%2Fwp%2Fv2%2Fcategories&post=47973"},{"taxonomy":"post_tag","embeddable":true,"href":"https:\/\/radiorevelacionfm.cl\/index.php?rest_route=%2Fwp%2Fv2%2Ftags&post=47973"}],"curies":[{"name":"wp","href":"https:\/\/api.w.org\/{rel}","templated":true}]}}