{"id":47970,"date":"2024-11-14T15:00:25","date_gmt":"2024-11-14T18:00:25","guid":{"rendered":"https:\/\/radiorevelacionfm.cl\/?p=47970"},"modified":"2024-11-14T15:00:25","modified_gmt":"2024-11-14T18:00:25","slug":"andrea-macias-renuncia-al-cargo-de-gobernadora-regional-de-aysen","status":"publish","type":"post","link":"https:\/\/radiorevelacionfm.cl\/?p=47970","title":{"rendered":"Andrea Mac\u00edas renuncia al cargo de Gobernadora Regional de Ays\u00e9n"},"content":{"rendered":"<div class=\"flex_column av_one_full  flex_column_div av-zero-column-padding first  avia-builder-el-0  el_before_av_one_full  avia-builder-el-first  \" style='border-radius:0px; '><div  class='avia-image-container  av-styling-    avia-builder-el-1  avia-builder-el-no-sibling  avia-align-center '  itemprop=\"image\" itemscope=\"itemscope\" itemtype=\"https:\/\/schema.org\/ImageObject\"  ><div class='avia-image-container-inner'><div class='avia-image-overlay-wrap'><img decoding=\"async\" class='wp-image-41194 avia-img-lazy-loading-not-41194 avia_image' src=\"https:\/\/radiorevelacionfm.cl\/wp-content\/uploads\/2024\/04\/Gobernadora-Andrea-Macias-1-1.jpeg\" alt='' title='Gobernadora Andrea Macias (1) (1)' height=\"600\" width=\"900\"  itemprop=\"thumbnailUrl\" srcset=\"https:\/\/radiorevelacionfm.cl\/wp-content\/uploads\/2024\/04\/Gobernadora-Andrea-Macias-1-1.jpeg 900w, https:\/\/radiorevelacionfm.cl\/wp-content\/uploads\/2024\/04\/Gobernadora-Andrea-Macias-1-1-300x200.jpeg 300w, https:\/\/radiorevelacionfm.cl\/wp-content\/uploads\/2024\/04\/Gobernadora-Andrea-Macias-1-1-768x512.jpeg 768w, https:\/\/radiorevelacionfm.cl\/wp-content\/uploads\/2024\/04\/Gobernadora-Andrea-Macias-1-1-705x470.jpeg 705w, https:\/\/radiorevelacionfm.cl\/wp-content\/uploads\/2024\/04\/Gobernadora-Andrea-Macias-1-1-450x300.jpeg 450w, https:\/\/radiorevelacionfm.cl\/wp-content\/uploads\/2024\/04\/Gobernadora-Andrea-Macias-1-1-600x400.jpeg 600w\" sizes=\"(max-width: 900px) 100vw, 900px\" \/><\/div><\/div><\/div><\/div><div class=\"flex_column av_one_full  flex_column_div av-zero-column-padding first  avia-builder-el-2  el_after_av_one_full  el_before_av_one_full  column-top-margin\" style='border-radius:0px; '><section class=\"av_textblock_section \"  itemscope=\"itemscope\" itemtype=\"https:\/\/schema.org\/BlogPosting\" itemprop=\"blogPost\" ><div class='avia_textblock  '   itemprop=\"text\" ><p style=\"text-align: center;\"><strong><span style=\"font-size: 18pt;\">Andrea Mac\u00edas renuncia al cargo de Gobernadora Regional de Ays\u00e9n<\/span><\/strong><\/p>\n<div id=\"gtx-trans\" style=\"position: absolute; left: -50px; top: 4.31534px;\">\n<div class=\"gtx-trans-icon\"><\/div>\n<\/div>\n<\/div><\/section><\/div><div class=\"flex_column av_one_full  flex_column_div av-zero-column-padding first  avia-builder-el-4  el_after_av_one_full  el_before_av_hr  column-top-margin\" style='border-radius:0px; '><section class=\"av_textblock_section \"  itemscope=\"itemscope\" itemtype=\"https:\/\/schema.org\/BlogPosting\" itemprop=\"blogPost\" ><div class='avia_textblock  '   itemprop=\"text\" ><p style=\"text-align: justify;\">En un punto de prensa esta ma\u00f1ana, 14 de noviembre de 2024, la primera autoridad regional Andrea Mac\u00edas Palma, dio a conocer su decisi\u00f3n. Junto con ello realiz\u00f3 un repaso de las principales gestiones en ejecuci\u00f3n por parte del organismo.<\/p>\n<p style=\"text-align: justify;\">Agradezco profundamente el honor de haber sido la primera persona en ocupar el cargo de Gobernadora Regional de Ays\u00e9n y de haber tenido el privilegio de servir a nuestra regi\u00f3n con el m\u00e1ximo compromiso, dedicaci\u00f3n y transparencia. Hoy, sin lugar a dudas, contamos con un Gobierno Regional fortalecido, que permitir\u00e1 a las futuras autoridades y al Consejo Regional desempe\u00f1ar sus funciones de mejor manera, y en eso contribuimos decididamente. Fuimos la administraci\u00f3n que asumi\u00f3 la responsabilidad hist\u00f3rica de inaugurar esta nueva etapa, con la primera autoridad regional elegida por la ciudadan\u00eda.<\/p>\n<p style=\"text-align: justify;\">Dejo un Gobierno Regional sano, tanto administrativa como financieramente, con una ejecuci\u00f3n presupuestaria que, como anticipamos, se encontrar\u00e1 entre el 90 al 95% para el mes de diciembre y con un incremento real de ejecuci\u00f3n durante todos estos a\u00f1os de gesti\u00f3n, o sea, desde nuestra llegada se invirtieron m\u00e1s recursos que nunca antes en nuestra regi\u00f3n. Estoy segura de que los logros alcanzados perdurar\u00e1n, beneficiando a cada persona de nuestra querida comunidad.<\/p>\n<p style=\"text-align: justify;\">Por cierto, enfrentamos con mucha autocr\u00edtica este proceso; es necesario hacerlo por el beneficio de mejorar la calidad de lo que se propone, lo que la ciudadan\u00eda espera de nosotros, y como un ejercicio saludable de reflexionar cuando las cosas no salen como se esperan, proceso en el que seguimos, porque entendemos es un proceso que toma su tiempo y que debe hacerse con responsabilidad.<\/p>\n<p style=\"text-align: justify;\">Entre las m\u00e1s de 470 iniciativas en ejecuci\u00f3n, quiero destacar diez que, a mi juicio, representan nuestra gesti\u00f3n y muestran c\u00f3mo dimos m\u00e1s poder a los territorios y pusimos en el centro de la gesti\u00f3n a las personas y sus oportunidades:<\/p>\n<p style=\"text-align: justify;\">1.- Programas de Fomento Productivo para las 10 comunas: Ays\u00e9n es la primera regi\u00f3n en implementar programas de fomento productivo en cada una de sus comunas, gestionados directamente por los municipios. Dejamos este proceso en continuidad, con la expectativa de que se convierta en una pol\u00edtica p\u00fablica permanente del Gobierno Regional.<\/p>\n<p style=\"text-align: justify;\">2.- Subsidios de operaci\u00f3n comunales: Consolidamos subsidios para las 10 comunas de la regi\u00f3n en \u00e1reas clave como electricidad, alcantarillado, gesti\u00f3n de residuos y \u00e1reas verdes. Esto permiti\u00f3 a los municipios liberar recursos del fondo com\u00fan municipal para atender otras necesidades prioritarias de sus comunidades.<\/p>\n<p style=\"text-align: justify;\">3.- Convenio de programaci\u00f3n con el Ministerio de Obras P\u00fablicas: Logramos que el Ministerio de Obras P\u00fablicas asumiera el 70% de la inversi\u00f3n acordada para la Carretera Austral, garantizando su financiamiento \u00edntegro. El desaf\u00edo ahora ser\u00e1 exigir la agilidad necesaria para que este proyecto avance al ritmo esperado.<\/p>\n<p style=\"text-align: justify;\">4.- Programa de Reducci\u00f3n de Lista de Espera: Implementamos un programa que est\u00e1 permitiendo realizar m\u00e1s de 13 mil prestaciones de salud, beneficiando a 1 de cada 4 personas en la regi\u00f3n. Este impacto positivo mejorar\u00e1 el acceso a servicios de salud en los pr\u00f3ximos meses.<\/p>\n<p style=\"text-align: justify;\">5.- Buses El\u00e9ctricos para Coyhaique: Entre 2025 y 2026 llegar\u00e1n a Coyhaique los primeros buses el\u00e9ctricos, una pol\u00edtica p\u00fablica que transformar\u00e1 el transporte de la ciudad, beneficiando principalmente a j\u00f3venes, ni\u00f1os y personas mayores. La vida les cambiar\u00e1 a muchos, y nos sentimos orgullosos de haber sido parte de ello.<\/p>\n<p style=\"text-align: justify;\">6.- Fondo Regional de Iniciativa Local (FRIL): Con el aumento significativo de inversi\u00f3n en el FRIL (m\u00e1s de 4 veces), construimos y estamos construyendo m\u00e1s de 30 canchas y multicancha en toda la regi\u00f3n, sedes vecinales en todas las comunas, nuevas plazas y plazoletas, recintos deportivos, cierres perimetrales, paraderos, calles, veredas, entre otras tantas. Todo esto de la mano de empresas locales y mano de obra regional.<\/p>\n<p style=\"text-align: justify;\">7.- Seguridad Ciudadana con perspectiva de g\u00e9nero y Red de Emergencia: Aportamos en la adquisici\u00f3n de veh\u00edculos para generar una red de seguridad ciudadana en Coyhaique, Ays\u00e9n, Cochrane y Cisnes, enfoc\u00e1ndonos en la prevenci\u00f3n de la violencia de g\u00e9nero. Adem\u00e1s, creamos la primera red regional (en las 10 comunas) de emergencia y desastre, lo que nos permite estar mejor preparados como regi\u00f3n.<\/p>\n<p style=\"text-align: justify;\">8.- Plan de Desarrollo de Zonas Extremas: Desarrollamos un proceso participativo en todas las comunas (con m\u00e1s de 1000 personas participantes), resultando en una cartera preliminar de 193 iniciativas por m\u00e1s de 2,5 billones de pesos, equivalente a 32 presupuestos de inversi\u00f3n del Gobierno Regional. Estas iniciativas transformar\u00e1n la regi\u00f3n en los pr\u00f3ximos diez a\u00f1os, y estamos orgullosos de este logro.<\/p>\n<p style=\"text-align: justify;\">9.- Crecimiento del 8%, con una nueva mirada: El fondo del 8% ha experimentado un cambio significativo, duplicando su presupuesto al pasar de una ejecuci\u00f3n de 2.800 millones en 2021 a m\u00e1s de 6.000 millones en 2024, alcanzando cifras hist\u00f3ricas.<\/p>\n<p style=\"text-align: justify;\">10.- Programa de Caminos intraprediales: Durante los pr\u00f3ximos dos a\u00f1os se abrir\u00e1n m\u00e1s de 580 kil\u00f3metros de caminos intraprediales, equivalente a la distancia entre Puerto Chacabuco y Tortel, mejorando la conectividad de la gente de nuestro campo.<\/p>\n<p style=\"text-align: justify;\">Podr\u00eda detallar cada una de las 473 iniciativas en ejecuci\u00f3n y las numerosas acciones con las que hemos impactado positivamente cada territorio, pero no es el objetivo de esta carta. No obstante, quiero se\u00f1alar que, para quienes se preguntan por algunos hitos de infraestructura de esta administraci\u00f3n, en los pr\u00f3ximos meses y a\u00f1os ver\u00e1n c\u00f3mo se construyen el Centro Artesanal de Coyhaique, la Primera Compa\u00f1\u00eda de Bomberos de Coyhaique, el Centro de Gesti\u00f3n de Residuos Cochrane-Tortel, y las nuevas Escuelas Espa\u00f1a y Despertar de Ays\u00e9n. Estas iniciativas ser\u00e1n hitos importantes de nuestro legado, y es as\u00ed como en las pr\u00f3ximas semanas ver\u00e1n c\u00f3mo se conservan la Escuela de M\u00fasica de Coyhaique o los clubes Cochrane (Ays\u00e9n), F\u00e9nix (Cisnes) y 21 de mayo (Coyhaique) y la puesta en marcha de la primera casa de infancia en nuestra regi\u00f3n, que permitir\u00e1 a ni\u00f1os y ni\u00f1as que son vulnerados socialmente tener un espacio acogedor y seguro. Ya no hay vuelta atr\u00e1s, todos estos: \u00a1ser\u00e1n una realidad!<\/p>\n<p style=\"text-align: justify;\">Quiero dar un espacio especial a nuestra Universidad de Ays\u00e9n. Juntos hemos impulsado un apoyo significativo a este proyecto; hoy tenemos el compromiso de avanzar en la construcci\u00f3n del Edificio Fundacional y del Aulario, dos proyectos que forman parte medular del Plan de Desarrollo de Zonas Extremas y que permitir\u00e1n que la regi\u00f3n avance en el desarrollo del talento de nuestra gente. Estoy convencida de que esa es la \u00fanica forma de que nuestra regi\u00f3n progrese: si el foco no se pone ah\u00ed, dif\u00edcilmente podremos dar el gran salto al desarrollo.<\/p>\n<p style=\"text-align: justify;\">Por todo lo anterior, en esta misiva vengo a presentar mi renuncia voluntaria al cargo de Gobernadora Regional de Ays\u00e9n, considerando que es un requisito cesar en el cargo con un a\u00f1o de antelaci\u00f3n para postular a una eventual candidatura en las elecciones programadas para el 16 de noviembre de 2025. Esta decisi\u00f3n se enmarca en lo dispuesto por el art\u00edculo 40, letra b) de la Ley Org\u00e1nica Constitucional de Gobierno y Administraci\u00f3n Regional, y en concordancia con el art\u00edculo 57 numeral 2 de nuestra Constituci\u00f3n Pol\u00edtica de la Rep\u00fablica. Por ello, en cumplimiento de las normas citadas, presento mi renuncia para el d\u00eda 15 de noviembre de 2024, para que se haga efectiva a partir de las 00.00 horas del d\u00eda 16 de noviembre del mismo a\u00f1o 2024, seg\u00fan lo previsto en el acuerdo del Consejo Directivo del Servicio Electoral N\u00b0O557\/25.09.24\/1.<\/p>\n<p style=\"text-align: justify;\">Agradezco de coraz\u00f3n a todas y todos quienes me acompa\u00f1aron en este camino: a los funcionarios y funcionarias del Gobierno Regional, que pusieron lo mejor de s\u00ed para cumplir en pos de una mejor regi\u00f3n; a mi equipo, que dej\u00f3 todas sus energ\u00edas en este proyecto, y a sus familias, que soportaron la ausencia de sus seres queridos para entregarle a los dem\u00e1s una mejor calidad de vida.<\/p>\n<p style=\"text-align: justify;\">Dejo el cargo tambi\u00e9n con una preocupaci\u00f3n: es probable que, en Chile, en las diecis\u00e9is regiones, solo queden liderando hombres. Esto nos invita a reflexionar sobre la necesidad urgente de seguir luchando por la equidad de g\u00e9nero en la pol\u00edtica. Nos queda mucho por hacer, y conf\u00edo en que seguiremos trabajando para cambiar esta realidad.<\/p>\n<\/div><\/section><\/div><div  style='height:50px' class='hr hr-invisible   avia-builder-el-6  el_after_av_one_full  el_before_av_social_share '><span class='hr-inner ' ><span class='hr-inner-style'><\/span><\/span><\/div><\/p>\n<div  class='av-social-sharing-box  avia-builder-el-7  el_after_av_hr  el_before_av_hr  '><div class='av-share-box'><h5 class='av-share-link-description av-no-toc '>Compartir esta noticia<\/h5><ul class='av-share-box-list noLightbox'><li class='av-share-link av-social-link-facebook' ><a target=\"_blank\" aria-label=\"Compartir en Facebook\" href='https:\/\/www.facebook.com\/sharer.php?u=https:\/\/radiorevelacionfm.cl\/?p=47970&#038;t=Andrea%20Mac%C3%ADas%20renuncia%20al%20cargo%20de%20Gobernadora%20Regional%20de%20Ays%C3%A9n' aria-hidden='false' data-av_icon='\ue8f3' data-av_iconfont='entypo-fontello' title='' data-avia-related-tooltip='Compartir en Facebook' rel=\"noopener\"><span class='avia_hidden_link_text'>Compartir en Facebook<\/span><\/a><\/li><li class='av-share-link av-social-link-twitter' ><a target=\"_blank\" aria-label=\"Compartir en Twitter\" href='https:\/\/twitter.com\/share?text=Andrea%20Mac%C3%ADas%20renuncia%20al%20cargo%20de%20Gobernadora%20Regional%20de%20Ays%C3%A9n&#038;url=https:\/\/radiorevelacionfm.cl\/?p=47970' aria-hidden='false' data-av_icon='\ue8f1' data-av_iconfont='entypo-fontello' title='' data-avia-related-tooltip='Compartir en Twitter' rel=\"noopener\"><span class='avia_hidden_link_text'>Compartir en Twitter<\/span><\/a><\/li><li class='av-share-link av-social-link-whatsapp' ><a target=\"_blank\" aria-label=\"Compartir en Whatsapp\" href='https:\/\/api.whatsapp.com\/send?text=https:\/\/radiorevelacionfm.cl\/?p=47970' aria-hidden='false' data-av_icon='\uf232' data-av_iconfont='entypo-fontello' title='' data-avia-related-tooltip='Compartir en Whatsapp' rel=\"noopener\"><span class='avia_hidden_link_text'>Compartir en Whatsapp<\/span><\/a><\/li><li class='av-share-link av-social-link-linkedin' ><a target=\"_blank\" aria-label=\"Compartir en LinkedIn\" href='https:\/\/linkedin.com\/shareArticle?mini=true&#038;title=Andrea%20Mac%C3%ADas%20renuncia%20al%20cargo%20de%20Gobernadora%20Regional%20de%20Ays%C3%A9n&#038;url=https:\/\/radiorevelacionfm.cl\/?p=47970' aria-hidden='false' data-av_icon='\ue8fc' data-av_iconfont='entypo-fontello' title='' data-avia-related-tooltip='Compartir en LinkedIn' rel=\"noopener\"><span class='avia_hidden_link_text'>Compartir en LinkedIn<\/span><\/a><\/li><li class='av-share-link av-social-link-mail' ><a  aria-label=\"Compartir por correo\" href='mailto:?subject=Andrea%20Mac%C3%ADas%20renuncia%20al%20cargo%20de%20Gobernadora%20Regional%20de%20Ays%C3%A9n&#038;body=https:\/\/radiorevelacionfm.cl\/?p=47970' aria-hidden='false' data-av_icon='\ue805' data-av_iconfont='entypo-fontello' title='' data-avia-related-tooltip='Compartir por correo'><span class='avia_hidden_link_text'>Compartir por correo<\/span><\/a><\/li><\/ul><\/div><\/div>\n<div  style='height:50px' class='hr hr-invisible   avia-builder-el-8  el_after_av_social_share  el_before_av_comments_list '><span class='hr-inner ' ><span class='hr-inner-style'><\/span><\/span><\/div>\n<div  class='av-buildercomment  av-blog-meta-html-info-disabled av-blog-meta-tag-disabled  '><\/div>\n","protected":false},"excerpt":{"rendered":"","protected":false},"author":1,"featured_media":41194,"comment_status":"open","ping_status":"open","sticky":false,"template":"","format":"standard","meta":{"footnotes":""},"categories":[38],"tags":[],"class_list":["post-47970","post","type-post","status-publish","format-standard","has-post-thumbnail","hentry","category-regional"],"jetpack_featured_media_url":"https:\/\/radiorevelacionfm.cl\/wp-content\/uploads\/2024\/04\/Gobernadora-Andrea-Macias-1-1.jpeg","_links":{"self":[{"href":"https:\/\/radiorevelacionfm.cl\/index.php?rest_route=\/wp\/v2\/posts\/47970","targetHints":{"allow":["GET"]}}],"collection":[{"href":"https:\/\/radiorevelacionfm.cl\/index.php?rest_route=\/wp\/v2\/posts"}],"about":[{"href":"https:\/\/radiorevelacionfm.cl\/index.php?rest_route=\/wp\/v2\/types\/post"}],"author":[{"embeddable":true,"href":"https:\/\/radiorevelacionfm.cl\/index.php?rest_route=\/wp\/v2\/users\/1"}],"replies":[{"embeddable":true,"href":"https:\/\/radiorevelacionfm.cl\/index.php?rest_route=%2Fwp%2Fv2%2Fcomments&post=47970"}],"version-history":[{"count":1,"href":"https:\/\/radiorevelacionfm.cl\/index.php?rest_route=\/wp\/v2\/posts\/47970\/revisions"}],"predecessor-version":[{"id":47972,"href":"https:\/\/radiorevelacionfm.cl\/index.php?rest_route=\/wp\/v2\/posts\/47970\/revisions\/47972"}],"wp:featuredmedia":[{"embeddable":true,"href":"https:\/\/radiorevelacionfm.cl\/index.php?rest_route=\/wp\/v2\/media\/41194"}],"wp:attachment":[{"href":"https:\/\/radiorevelacionfm.cl\/index.php?rest_route=%2Fwp%2Fv2%2Fmedia&parent=47970"}],"wp:term":[{"taxonomy":"category","embeddable":true,"href":"https:\/\/radiorevelacionfm.cl\/index.php?rest_route=%2Fwp%2Fv2%2Fcategories&post=47970"},{"taxonomy":"post_tag","embeddable":true,"href":"https:\/\/radiorevelacionfm.cl\/index.php?rest_route=%2Fwp%2Fv2%2Ftags&post=47970"}],"curies":[{"name":"wp","href":"https:\/\/api.w.org\/{rel}","templated":true}]}}