{"id":47964,"date":"2024-11-14T13:36:56","date_gmt":"2024-11-14T16:36:56","guid":{"rendered":"https:\/\/radiorevelacionfm.cl\/?p=47964"},"modified":"2024-11-14T13:36:56","modified_gmt":"2024-11-14T16:36:56","slug":"calisto-valora-aprobacion-de-recursos-para-el-bono-de-zonas-extremas-de-las-manipuladoras-de-alimento","status":"publish","type":"post","link":"https:\/\/radiorevelacionfm.cl\/?p=47964","title":{"rendered":"Calisto valora aprobaci\u00f3n de recursos para el bono de zonas extremas de las manipuladoras de alimento"},"content":{"rendered":"<div class=\"flex_column av_one_full  flex_column_div av-zero-column-padding first  avia-builder-el-0  el_before_av_one_full  avia-builder-el-first  \" style='border-radius:0px; '><div  class='avia-image-container  av-styling-    avia-builder-el-1  avia-builder-el-no-sibling  avia-align-center '  itemprop=\"image\" itemscope=\"itemscope\" itemtype=\"https:\/\/schema.org\/ImageObject\"  ><div class='avia-image-container-inner'><div class='avia-image-overlay-wrap'><img decoding=\"async\" class='wp-image-47965 avia-img-lazy-loading-not-47965 avia_image' src=\"https:\/\/radiorevelacionfm.cl\/wp-content\/uploads\/2024\/11\/FOTO-MANIPULADORAS-1-1.jpeg\" alt='' title='FOTO MANIPULADORAS (1) (1)' height=\"600\" width=\"800\"  itemprop=\"thumbnailUrl\" srcset=\"https:\/\/radiorevelacionfm.cl\/wp-content\/uploads\/2024\/11\/FOTO-MANIPULADORAS-1-1.jpeg 800w, https:\/\/radiorevelacionfm.cl\/wp-content\/uploads\/2024\/11\/FOTO-MANIPULADORAS-1-1-300x225.jpeg 300w, https:\/\/radiorevelacionfm.cl\/wp-content\/uploads\/2024\/11\/FOTO-MANIPULADORAS-1-1-768x576.jpeg 768w, https:\/\/radiorevelacionfm.cl\/wp-content\/uploads\/2024\/11\/FOTO-MANIPULADORAS-1-1-705x529.jpeg 705w, https:\/\/radiorevelacionfm.cl\/wp-content\/uploads\/2024\/11\/FOTO-MANIPULADORAS-1-1-450x338.jpeg 450w, https:\/\/radiorevelacionfm.cl\/wp-content\/uploads\/2024\/11\/FOTO-MANIPULADORAS-1-1-600x450.jpeg 600w\" sizes=\"(max-width: 800px) 100vw, 800px\" \/><\/div><\/div><\/div><\/div><div class=\"flex_column av_one_full  flex_column_div av-zero-column-padding first  avia-builder-el-2  el_after_av_one_full  el_before_av_one_full  column-top-margin\" style='border-radius:0px; '><section class=\"av_textblock_section \"  itemscope=\"itemscope\" itemtype=\"https:\/\/schema.org\/BlogPosting\" itemprop=\"blogPost\" ><div class='avia_textblock  '   itemprop=\"text\" ><p style=\"text-align: center;\"><span style=\"font-size: 18pt;\"><b>Calisto valora aprobaci\u00f3n de recursos para el bono de zonas extremas de las manipuladoras de alimento<\/b><\/span><\/p>\n<div id=\"gtx-trans\" style=\"position: absolute; left: -50px; top: 4.31534px;\">\n<div class=\"gtx-trans-icon\"><\/div>\n<\/div>\n<\/div><\/section><\/div><div class=\"flex_column av_one_full  flex_column_div av-zero-column-padding first  avia-builder-el-4  el_after_av_one_full  el_before_av_hr  column-top-margin\" style='border-radius:0px; '><section class=\"av_textblock_section \"  itemscope=\"itemscope\" itemtype=\"https:\/\/schema.org\/BlogPosting\" itemprop=\"blogPost\" ><div class='avia_textblock  '   itemprop=\"text\" ><p style=\"font-weight: 400; text-align: justify;\">Como una gran noticia calific\u00f3 el diputado Miguel \u00c1ngel Calisto la incorporaci\u00f3n en el Presupuesto de Educaci\u00f3n 2025 de los recursos para el bono de Zonas Extremas para las Manipuladoras de Alimento, instancia donde adem\u00e1s se logr\u00f3 un protocolo que incluye el \u00edndice de manipuladoras por raci\u00f3n, herramienta que permitir\u00e1 al Estado fiscalizar y as\u00ed evitar vulneraciones a sus derechos laborales.<\/p>\n<p style=\"font-weight: 400; text-align: justify;\">Seg\u00fan el diputado Miguel \u00c1ngel Calisto, \u201cquiero resaltar el esfuerzo, el trabajo que ha hecho la Federaci\u00f3n Nacional de Manipuladoras de Alimento, FENAMA, para sacar adelante este compromiso de protocolo con el gobierno que fue respaldado tambi\u00e9n por nosotros en la C\u00e1mara de Diputados en el marco de la discusi\u00f3n del presupuesto\u201d.<\/p>\n<p style=\"font-weight: 400; text-align: justify;\">\u201cLas manipuladoras de alimento cumplen con un rol fundamental en nuestro pa\u00eds. Nos tienen posicionados a nivel internacional como uno de los mejores programas de alimentaci\u00f3n y eso es gracias al trabajo que realizan todos los d\u00edas nuestras manipuladoras de alimento. Se logr\u00f3 incorporar el \u00edndice de manipuladoras por raci\u00f3n de tal manera que tambi\u00e9n sea un instrumento fiscalizable por parte de los instrumentos del Estado para garantizar que se le cumplan sus derechos laborales, porque ellas le hacen la pega al Estado. Por eso es que es tan importante que se cumplan entonces todos los procesos de fiscalizaci\u00f3n\u201d, asegur\u00f3.<\/p>\n<p style=\"font-weight: 400; text-align: justify;\">Calisto asegur\u00f3 que \u201cdel mismo modo, logramos el bono zona extrema una vez m\u00e1s y esto es gracias al esfuerzo de las dirigentes de nuestra regi\u00f3n, que est\u00e1n siempre comprometidas y adem\u00e1s que se lo merecen, porque se trata de lugares aislados. Muchas veces son las manipuladoras que sacan de su propio bolsillo para incluso comprar \u00a0comprar cosas que a veces no llegan por distintas cuestiones de log\u00edstica o por clima\u201d.<\/p>\n<p style=\"font-weight: 400; text-align: justify;\">\u201cYo creo que hay que destacar el trabajo que ellas realizan, porque le dan dignidad a nuestros ni\u00f1as y ni\u00f1os. As\u00ed que felices de poder haber logrado este objetivo juntos, y lo m\u00e1s importante es que vamos a seguir fiscalizando que lo que est\u00e1 escrito en el protocolo por parte del gobierno hoy d\u00eda se cumple\u201d, indic\u00f3 el legislador.<\/p>\n<p style=\"font-weight: 400; text-align: justify;\">Por su parte, Deyanira Sanhueza, dirigenta de Fenama, asegur\u00f3 que \u201cquiero darle las gracias al diputado Calisto por haber estado con nosotros, por haber acogido nuestro petitorio. Por fin se nos logr\u00f3 incorporar en nuestro contrato individual el 70&#215;1 y el 40&#215;1 en jard\u00edn, estamos muy contentas la verdad porque nos han vulnerado demasiado en nuestros lugares de trabajo\u201d.<\/p>\n<p style=\"font-weight: 400; text-align: justify;\">Finalmente, la dirigenta se\u00f1al\u00f3 que \u201ctambi\u00e9n estamos contentas con el bono de Zonas Extremas que logramos tambi\u00e9n como Federaci\u00f3n Fenama, logramos sacarlo. Esperando que esto se empiece ya a fiscalizar con mayor regularidad y que esto no se detenga. Esperamos que no nos abandonen por ning\u00fan lado porque las empresas no cumplen con los protocolos\u201d.<\/p>\n<\/div><\/section><\/div><div  style='height:50px' class='hr hr-invisible   avia-builder-el-6  el_after_av_one_full  el_before_av_social_share '><span class='hr-inner ' ><span class='hr-inner-style'><\/span><\/span><\/div><\/p>\n<div  class='av-social-sharing-box  avia-builder-el-7  el_after_av_hr  el_before_av_hr  '><div class='av-share-box'><h5 class='av-share-link-description av-no-toc '>Compartir esta noticia<\/h5><ul class='av-share-box-list noLightbox'><li class='av-share-link av-social-link-facebook' ><a target=\"_blank\" aria-label=\"Compartir en Facebook\" href='https:\/\/www.facebook.com\/sharer.php?u=https:\/\/radiorevelacionfm.cl\/?p=47964&#038;t=Calisto%20valora%20aprobaci%C3%B3n%20de%20recursos%20para%20el%20bono%20de%20zonas%20extremas%20de%20las%20manipuladoras%20de%20alimento' aria-hidden='false' data-av_icon='\ue8f3' data-av_iconfont='entypo-fontello' title='' data-avia-related-tooltip='Compartir en Facebook' rel=\"noopener\"><span class='avia_hidden_link_text'>Compartir en Facebook<\/span><\/a><\/li><li class='av-share-link av-social-link-twitter' ><a target=\"_blank\" aria-label=\"Compartir en Twitter\" href='https:\/\/twitter.com\/share?text=Calisto%20valora%20aprobaci%C3%B3n%20de%20recursos%20para%20el%20bono%20de%20zonas%20extremas%20de%20las%20manipuladoras%20de%20alimento&#038;url=https:\/\/radiorevelacionfm.cl\/?p=47964' aria-hidden='false' data-av_icon='\ue8f1' data-av_iconfont='entypo-fontello' title='' data-avia-related-tooltip='Compartir en Twitter' rel=\"noopener\"><span class='avia_hidden_link_text'>Compartir en Twitter<\/span><\/a><\/li><li class='av-share-link av-social-link-whatsapp' ><a target=\"_blank\" aria-label=\"Compartir en Whatsapp\" href='https:\/\/api.whatsapp.com\/send?text=https:\/\/radiorevelacionfm.cl\/?p=47964' aria-hidden='false' data-av_icon='\uf232' data-av_iconfont='entypo-fontello' title='' data-avia-related-tooltip='Compartir en Whatsapp' rel=\"noopener\"><span class='avia_hidden_link_text'>Compartir en Whatsapp<\/span><\/a><\/li><li class='av-share-link av-social-link-linkedin' ><a target=\"_blank\" aria-label=\"Compartir en LinkedIn\" href='https:\/\/linkedin.com\/shareArticle?mini=true&#038;title=Calisto%20valora%20aprobaci%C3%B3n%20de%20recursos%20para%20el%20bono%20de%20zonas%20extremas%20de%20las%20manipuladoras%20de%20alimento&#038;url=https:\/\/radiorevelacionfm.cl\/?p=47964' aria-hidden='false' data-av_icon='\ue8fc' data-av_iconfont='entypo-fontello' title='' data-avia-related-tooltip='Compartir en LinkedIn' rel=\"noopener\"><span class='avia_hidden_link_text'>Compartir en LinkedIn<\/span><\/a><\/li><li class='av-share-link av-social-link-mail' ><a  aria-label=\"Compartir por correo\" href='mailto:?subject=Calisto%20valora%20aprobaci%C3%B3n%20de%20recursos%20para%20el%20bono%20de%20zonas%20extremas%20de%20las%20manipuladoras%20de%20alimento&#038;body=https:\/\/radiorevelacionfm.cl\/?p=47964' aria-hidden='false' data-av_icon='\ue805' data-av_iconfont='entypo-fontello' title='' data-avia-related-tooltip='Compartir por correo'><span class='avia_hidden_link_text'>Compartir por correo<\/span><\/a><\/li><\/ul><\/div><\/div>\n<div  style='height:50px' class='hr hr-invisible   avia-builder-el-8  el_after_av_social_share  el_before_av_comments_list '><span class='hr-inner ' ><span class='hr-inner-style'><\/span><\/span><\/div>\n<div  class='av-buildercomment  av-blog-meta-html-info-disabled av-blog-meta-tag-disabled  '><\/div>\n","protected":false},"excerpt":{"rendered":"","protected":false},"author":1,"featured_media":47965,"comment_status":"open","ping_status":"open","sticky":false,"template":"","format":"standard","meta":{"footnotes":""},"categories":[35],"tags":[],"class_list":["post-47964","post","type-post","status-publish","format-standard","has-post-thumbnail","hentry","category-politica"],"jetpack_featured_media_url":"https:\/\/radiorevelacionfm.cl\/wp-content\/uploads\/2024\/11\/FOTO-MANIPULADORAS-1-1.jpeg","_links":{"self":[{"href":"https:\/\/radiorevelacionfm.cl\/index.php?rest_route=\/wp\/v2\/posts\/47964","targetHints":{"allow":["GET"]}}],"collection":[{"href":"https:\/\/radiorevelacionfm.cl\/index.php?rest_route=\/wp\/v2\/posts"}],"about":[{"href":"https:\/\/radiorevelacionfm.cl\/index.php?rest_route=\/wp\/v2\/types\/post"}],"author":[{"embeddable":true,"href":"https:\/\/radiorevelacionfm.cl\/index.php?rest_route=\/wp\/v2\/users\/1"}],"replies":[{"embeddable":true,"href":"https:\/\/radiorevelacionfm.cl\/index.php?rest_route=%2Fwp%2Fv2%2Fcomments&post=47964"}],"version-history":[{"count":1,"href":"https:\/\/radiorevelacionfm.cl\/index.php?rest_route=\/wp\/v2\/posts\/47964\/revisions"}],"predecessor-version":[{"id":47966,"href":"https:\/\/radiorevelacionfm.cl\/index.php?rest_route=\/wp\/v2\/posts\/47964\/revisions\/47966"}],"wp:featuredmedia":[{"embeddable":true,"href":"https:\/\/radiorevelacionfm.cl\/index.php?rest_route=\/wp\/v2\/media\/47965"}],"wp:attachment":[{"href":"https:\/\/radiorevelacionfm.cl\/index.php?rest_route=%2Fwp%2Fv2%2Fmedia&parent=47964"}],"wp:term":[{"taxonomy":"category","embeddable":true,"href":"https:\/\/radiorevelacionfm.cl\/index.php?rest_route=%2Fwp%2Fv2%2Fcategories&post=47964"},{"taxonomy":"post_tag","embeddable":true,"href":"https:\/\/radiorevelacionfm.cl\/index.php?rest_route=%2Fwp%2Fv2%2Ftags&post=47964"}],"curies":[{"name":"wp","href":"https:\/\/api.w.org\/{rel}","templated":true}]}}