{"id":47961,"date":"2024-11-14T12:53:24","date_gmt":"2024-11-14T15:53:24","guid":{"rendered":"https:\/\/radiorevelacionfm.cl\/?p=47961"},"modified":"2024-11-14T12:53:24","modified_gmt":"2024-11-14T15:53:24","slug":"en-el-cdp-de-puerto-aysen-gendarmeria-inauguro-moderno-sistema-de-redes-contra-incendio","status":"publish","type":"post","link":"https:\/\/radiorevelacionfm.cl\/?p=47961","title":{"rendered":"En el CDP de Puerto Ays\u00e9n: Gendarmer\u00eda inaugur\u00f3 moderno sistema de redes contra incendio"},"content":{"rendered":"<div class=\"flex_column av_one_full  flex_column_div av-zero-column-padding first  avia-builder-el-0  el_before_av_one_full  avia-builder-el-first  \" style='border-radius:0px; '><div  class='avia-image-container  av-styling-    avia-builder-el-1  avia-builder-el-no-sibling  avia-align-center '  itemprop=\"image\" itemscope=\"itemscope\" itemtype=\"https:\/\/schema.org\/ImageObject\"  ><div class='avia-image-container-inner'><div class='avia-image-overlay-wrap'><img decoding=\"async\" class='wp-image-47962 avia-img-lazy-loading-not-47962 avia_image' src=\"https:\/\/radiorevelacionfm.cl\/wp-content\/uploads\/2024\/11\/img_4422-3-1_optimized.jpg\" alt='' title='img_4422-(3)-(1)_optimized' height=\"600\" width=\"909\"  itemprop=\"thumbnailUrl\" srcset=\"https:\/\/radiorevelacionfm.cl\/wp-content\/uploads\/2024\/11\/img_4422-3-1_optimized.jpg 909w, https:\/\/radiorevelacionfm.cl\/wp-content\/uploads\/2024\/11\/img_4422-3-1_optimized-300x198.jpg 300w, https:\/\/radiorevelacionfm.cl\/wp-content\/uploads\/2024\/11\/img_4422-3-1_optimized-768x507.jpg 768w, https:\/\/radiorevelacionfm.cl\/wp-content\/uploads\/2024\/11\/img_4422-3-1_optimized-705x465.jpg 705w, https:\/\/radiorevelacionfm.cl\/wp-content\/uploads\/2024\/11\/img_4422-3-1_optimized-450x297.jpg 450w, https:\/\/radiorevelacionfm.cl\/wp-content\/uploads\/2024\/11\/img_4422-3-1_optimized-600x396.jpg 600w\" sizes=\"(max-width: 909px) 100vw, 909px\" \/><\/div><\/div><\/div><\/div><div class=\"flex_column av_one_full  flex_column_div av-zero-column-padding first  avia-builder-el-2  el_after_av_one_full  el_before_av_one_full  column-top-margin\" style='border-radius:0px; '><section class=\"av_textblock_section \"  itemscope=\"itemscope\" itemtype=\"https:\/\/schema.org\/BlogPosting\" itemprop=\"blogPost\" ><div class='avia_textblock  '   itemprop=\"text\" ><p style=\"text-align: center;\"><strong><span style=\"font-size: 18pt;\">En el CDP de Puerto Ays\u00e9n: Gendarmer\u00eda inaugur\u00f3 moderno sistema de redes contra incendio<\/span><\/strong><\/p>\n<div id=\"gtx-trans\" style=\"position: absolute; left: -50px; top: 4.31534px;\">\n<div class=\"gtx-trans-icon\"><\/div>\n<\/div>\n<\/div><\/section><\/div><div class=\"flex_column av_one_full  flex_column_div av-zero-column-padding first  avia-builder-el-4  el_after_av_one_full  el_before_av_hr  column-top-margin\" style='border-radius:0px; '><section class=\"av_textblock_section \"  itemscope=\"itemscope\" itemtype=\"https:\/\/schema.org\/BlogPosting\" itemprop=\"blogPost\" ><div class='avia_textblock  '   itemprop=\"text\" ><p style=\"text-align: justify;\">El sistema tiene como objetivo dar una primera respuesta oportuna ante una emergencia con presencia de fuego y disminuir los riesgos de p\u00e9rdidas humanas y materiales.<\/p>\n<p style=\"text-align: justify;\">Este mi\u00e9rcoles fue inaugurado el Sistema de Redes Contra Incendio del Centro de Detenci\u00f3n Preventiva (CDP) de Puerto Ays\u00e9n, moderno equipamiento que permitir\u00e1 mejorar los est\u00e1ndares de seguridad y brindar a Gendarmer\u00eda una mejor respuesta ante emergencias con presencia de fuego en el recinto penitenciario porte\u00f1o.<\/p>\n<p style=\"text-align: justify;\">El proyecto tuvo un costo de m\u00e1s de 571 millones de pesos, un periodo de ejecuci\u00f3n de siete meses y se traduce en la construcci\u00f3n de un sistema de red h\u00fameda primaria, con once gabinetes de manguera, una red seca para la conexi\u00f3n de bomberos con \u00a0otras cuatro salidas en distintos sectores del recinto, adem\u00e1s de una red el\u00e9ctrica inerte.<\/p>\n<p style=\"text-align: justify;\">\u201cUn evento cr\u00edtico con presencia de fuego, nos demanda gran capacidad de respuesta, pues la prioridad es salvar vidas, luego la infraestructura y el restablecimiento del r\u00e9gimen penitenciario, desde ese punto de vista esta inversi\u00f3n sectorial de m\u00e1s de 500 millones de pesos va en directo beneficio de nuestros ejes estrat\u00e9gicos de seguridad y reinserci\u00f3n social\u201d indic\u00f3 el director regional de Gendarmer\u00eda, teniente coronel, Pablo Torres Herrera.<\/p>\n<p style=\"text-align: justify;\">La concreci\u00f3n de esta anhelada iniciativa es un trabajo de largo aliento de m\u00e1s de una d\u00e9cada y tiene como objetivo m\u00e1s concreto disminuir los tiempos de respuesta ante una emergencia con presencia de fuego, disminuir las probabilidades de p\u00e9rdidas humanas y materiales y contar con funcionarios capacitados para actuar de la forma m\u00e1s apropiada ante un siniestro.<\/p>\n<p style=\"text-align: justify;\">\u201cEsta red h\u00fameda\u00a0 pone al CDP de Puerto Ays\u00e9n a la vanguardia en esta materia tan sensible de tener capacidad operativa en caso de un incendio, este equipamiento viene a dotar a este recinto de las condiciones m\u00ednimas y necesarias para actuar en los primeros momentos de que exista un siniestro, esperamos que ello no ocurra, pero en el evento de que ocurra tenemos la capacidad de enfrentarlo adecuadamente\u201d agreg\u00f3 el Secretario Regional Ministerial de Justicia y DDHH, Samuel Navarro Castro.<\/p>\n<p style=\"text-align: justify;\">El sistema ser\u00e1 alimentado por un estanque de acumulaci\u00f3n de agua de 100 mil litros, impulsado por una motobomba principal capaz de inyectar al sistema una presi\u00f3n de agua m\u00ednima de siete bares, que permitir\u00e1n una autonom\u00eda para esa primera respuesta inicial que puede marcar la diferencia entre la vida y la muerte.<\/p>\n<p style=\"text-align: justify;\">\u201cEsta red que cuenta con estanques de acumulaci\u00f3n de agua que permiten almacenas 100 mil litros y nos brindan una autonom\u00eda de 20 minutos para actuar antes de la llegada de los equipos de emergencia, en este caso Bomberos\u201d explic\u00f3 el encargado de la Brigada Especial Contra Incendios (Beci) del CDP de Puerto Ays\u00e9n, cabo 1\u00b0 Josu\u00e9 Vargas Carim\u00e1n.<\/p>\n<p style=\"text-align: justify;\">Por \u00faltimo hay que indicar que estas redes se suman al esfuerzo que viene realizando Gendarmer\u00eda de Chile en los \u00faltimos a\u00f1os en esta materia y que se han traducido en la adquisici\u00f3n de equipamiento bomberil y capacitaci\u00f3n del personal penitenciario, as\u00ed como la creaci\u00f3n de las Beci.<\/p>\n<\/div><\/section><\/div><div  style='height:50px' class='hr hr-invisible   avia-builder-el-6  el_after_av_one_full  el_before_av_social_share '><span class='hr-inner ' ><span class='hr-inner-style'><\/span><\/span><\/div><\/p>\n<div  class='av-social-sharing-box  avia-builder-el-7  el_after_av_hr  el_before_av_hr  '><div class='av-share-box'><h5 class='av-share-link-description av-no-toc '>Compartir esta noticia<\/h5><ul class='av-share-box-list noLightbox'><li class='av-share-link av-social-link-facebook' ><a target=\"_blank\" aria-label=\"Compartir en Facebook\" href='https:\/\/www.facebook.com\/sharer.php?u=https:\/\/radiorevelacionfm.cl\/?p=47961&#038;t=En%20el%20CDP%20de%20Puerto%20Ays%C3%A9n%3A%20Gendarmer%C3%ADa%20inaugur%C3%B3%20moderno%20sistema%20de%20redes%20contra%20incendio' aria-hidden='false' data-av_icon='\ue8f3' data-av_iconfont='entypo-fontello' title='' data-avia-related-tooltip='Compartir en Facebook' rel=\"noopener\"><span class='avia_hidden_link_text'>Compartir en Facebook<\/span><\/a><\/li><li class='av-share-link av-social-link-twitter' ><a target=\"_blank\" aria-label=\"Compartir en Twitter\" href='https:\/\/twitter.com\/share?text=En%20el%20CDP%20de%20Puerto%20Ays%C3%A9n%3A%20Gendarmer%C3%ADa%20inaugur%C3%B3%20moderno%20sistema%20de%20redes%20contra%20incendio&#038;url=https:\/\/radiorevelacionfm.cl\/?p=47961' aria-hidden='false' data-av_icon='\ue8f1' data-av_iconfont='entypo-fontello' title='' data-avia-related-tooltip='Compartir en Twitter' rel=\"noopener\"><span class='avia_hidden_link_text'>Compartir en Twitter<\/span><\/a><\/li><li class='av-share-link av-social-link-whatsapp' ><a target=\"_blank\" aria-label=\"Compartir en Whatsapp\" href='https:\/\/api.whatsapp.com\/send?text=https:\/\/radiorevelacionfm.cl\/?p=47961' aria-hidden='false' data-av_icon='\uf232' data-av_iconfont='entypo-fontello' title='' data-avia-related-tooltip='Compartir en Whatsapp' rel=\"noopener\"><span class='avia_hidden_link_text'>Compartir en Whatsapp<\/span><\/a><\/li><li class='av-share-link av-social-link-linkedin' ><a target=\"_blank\" aria-label=\"Compartir en LinkedIn\" href='https:\/\/linkedin.com\/shareArticle?mini=true&#038;title=En%20el%20CDP%20de%20Puerto%20Ays%C3%A9n%3A%20Gendarmer%C3%ADa%20inaugur%C3%B3%20moderno%20sistema%20de%20redes%20contra%20incendio&#038;url=https:\/\/radiorevelacionfm.cl\/?p=47961' aria-hidden='false' data-av_icon='\ue8fc' data-av_iconfont='entypo-fontello' title='' data-avia-related-tooltip='Compartir en LinkedIn' rel=\"noopener\"><span class='avia_hidden_link_text'>Compartir en LinkedIn<\/span><\/a><\/li><li class='av-share-link av-social-link-mail' ><a  aria-label=\"Compartir por correo\" href='mailto:?subject=En%20el%20CDP%20de%20Puerto%20Ays%C3%A9n%3A%20Gendarmer%C3%ADa%20inaugur%C3%B3%20moderno%20sistema%20de%20redes%20contra%20incendio&#038;body=https:\/\/radiorevelacionfm.cl\/?p=47961' aria-hidden='false' data-av_icon='\ue805' data-av_iconfont='entypo-fontello' title='' data-avia-related-tooltip='Compartir por correo'><span class='avia_hidden_link_text'>Compartir por correo<\/span><\/a><\/li><\/ul><\/div><\/div>\n<div  style='height:50px' class='hr hr-invisible   avia-builder-el-8  el_after_av_social_share  el_before_av_comments_list '><span class='hr-inner ' ><span class='hr-inner-style'><\/span><\/span><\/div>\n<div  class='av-buildercomment  av-blog-meta-html-info-disabled av-blog-meta-tag-disabled  '><\/div>\n","protected":false},"excerpt":{"rendered":"","protected":false},"author":1,"featured_media":47962,"comment_status":"open","ping_status":"open","sticky":false,"template":"","format":"standard","meta":{"footnotes":""},"categories":[55],"tags":[],"class_list":["post-47961","post","type-post","status-publish","format-standard","has-post-thumbnail","hentry","category-justicia"],"jetpack_featured_media_url":"https:\/\/radiorevelacionfm.cl\/wp-content\/uploads\/2024\/11\/img_4422-3-1_optimized.jpg","_links":{"self":[{"href":"https:\/\/radiorevelacionfm.cl\/index.php?rest_route=\/wp\/v2\/posts\/47961","targetHints":{"allow":["GET"]}}],"collection":[{"href":"https:\/\/radiorevelacionfm.cl\/index.php?rest_route=\/wp\/v2\/posts"}],"about":[{"href":"https:\/\/radiorevelacionfm.cl\/index.php?rest_route=\/wp\/v2\/types\/post"}],"author":[{"embeddable":true,"href":"https:\/\/radiorevelacionfm.cl\/index.php?rest_route=\/wp\/v2\/users\/1"}],"replies":[{"embeddable":true,"href":"https:\/\/radiorevelacionfm.cl\/index.php?rest_route=%2Fwp%2Fv2%2Fcomments&post=47961"}],"version-history":[{"count":1,"href":"https:\/\/radiorevelacionfm.cl\/index.php?rest_route=\/wp\/v2\/posts\/47961\/revisions"}],"predecessor-version":[{"id":47963,"href":"https:\/\/radiorevelacionfm.cl\/index.php?rest_route=\/wp\/v2\/posts\/47961\/revisions\/47963"}],"wp:featuredmedia":[{"embeddable":true,"href":"https:\/\/radiorevelacionfm.cl\/index.php?rest_route=\/wp\/v2\/media\/47962"}],"wp:attachment":[{"href":"https:\/\/radiorevelacionfm.cl\/index.php?rest_route=%2Fwp%2Fv2%2Fmedia&parent=47961"}],"wp:term":[{"taxonomy":"category","embeddable":true,"href":"https:\/\/radiorevelacionfm.cl\/index.php?rest_route=%2Fwp%2Fv2%2Fcategories&post=47961"},{"taxonomy":"post_tag","embeddable":true,"href":"https:\/\/radiorevelacionfm.cl\/index.php?rest_route=%2Fwp%2Fv2%2Ftags&post=47961"}],"curies":[{"name":"wp","href":"https:\/\/api.w.org\/{rel}","templated":true}]}}