{"id":4796,"date":"2021-06-02T10:25:03","date_gmt":"2021-06-02T13:25:03","guid":{"rendered":"https:\/\/radiorevelacionfm.cl\/?p=4796"},"modified":"2021-06-02T10:47:11","modified_gmt":"2021-06-02T13:47:11","slug":"sandoval-y-cuenta-publica-presidencial-fue-un-discurso-de-cierre-de-tratar-de-poner-sobre-relieve-algunas-acciones","status":"publish","type":"post","link":"https:\/\/radiorevelacionfm.cl\/?p=4796","title":{"rendered":"Sandoval y cuenta p\u00fablica presidencial \u201cFue un discurso de cierre, de tratar de poner sobre relieve algunas acciones\u201d"},"content":{"rendered":"<div class=\"flex_column av_one_full  flex_column_div av-zero-column-padding first  avia-builder-el-0  el_before_av_one_full  avia-builder-el-first  \" style='border-radius:0px; '><div  class='avia-image-container  av-styling-    avia-builder-el-1  avia-builder-el-no-sibling  avia-align-center '  itemprop=\"image\" itemscope=\"itemscope\" itemtype=\"https:\/\/schema.org\/ImageObject\"  ><div class='avia-image-container-inner'><div class='avia-image-overlay-wrap'><img decoding=\"async\" class='wp-image-4797 avia-img-lazy-loading-not-4797 avia_image' src=\"https:\/\/radiorevelacionfm.cl\/wp-content\/uploads\/2021\/06\/Sandoval-8-1-1.jpg\" alt='' title='Sandoval-8 (1) (1)' height=\"600\" width=\"926\"  itemprop=\"thumbnailUrl\" srcset=\"https:\/\/radiorevelacionfm.cl\/wp-content\/uploads\/2021\/06\/Sandoval-8-1-1.jpg 926w, https:\/\/radiorevelacionfm.cl\/wp-content\/uploads\/2021\/06\/Sandoval-8-1-1-300x194.jpg 300w, https:\/\/radiorevelacionfm.cl\/wp-content\/uploads\/2021\/06\/Sandoval-8-1-1-768x498.jpg 768w, https:\/\/radiorevelacionfm.cl\/wp-content\/uploads\/2021\/06\/Sandoval-8-1-1-705x457.jpg 705w, https:\/\/radiorevelacionfm.cl\/wp-content\/uploads\/2021\/06\/Sandoval-8-1-1-600x389.jpg 600w\" sizes=\"(max-width: 926px) 100vw, 926px\" \/><\/div><\/div><\/div><\/div><div class=\"flex_column av_one_full  flex_column_div av-zero-column-padding first  avia-builder-el-2  el_after_av_one_full  el_before_av_one_full  column-top-margin\" style='border-radius:0px; '><section class=\"av_textblock_section \"  itemscope=\"itemscope\" itemtype=\"https:\/\/schema.org\/BlogPosting\" itemprop=\"blogPost\" ><div class='avia_textblock  '   itemprop=\"text\" ><p style=\"text-align: center;\"><strong><span style=\"font-size: 18pt;\">Sandoval y cuenta p\u00fablica presidencial \u201cFue un discurso de cierre, de tratar de poner sobre relieve algunas acciones\u201d<\/span><\/strong><\/p>\n<div id=\"gtx-trans\" style=\"position: absolute; left: -50px; top: 4.31534px;\">\n<div class=\"gtx-trans-icon\"><\/div>\n<\/div>\n<\/div><\/section><\/div><div class=\"flex_column av_one_full  flex_column_div av-zero-column-padding first  avia-builder-el-4  el_after_av_one_full  el_before_av_hr  column-top-margin\" style='border-radius:0px; '><section class=\"av_textblock_section \"  itemscope=\"itemscope\" itemtype=\"https:\/\/schema.org\/BlogPosting\" itemprop=\"blogPost\" ><div class='avia_textblock  '   itemprop=\"text\" ><p style=\"text-align: justify;\">\u201cEn realidad lo que hizo fue un discurso de cierre, tratar de poner sobre relieve algunas acciones, algunas l\u00edneas; cu\u00e1l es el legado del presidente, que es la pregunta que a uno le asiste\u201d. Con estas palabras, el senador David Sandoval se refiri\u00f3 a la cuenta p\u00fablica entregada por el Presidente Sebasti\u00e1n Pi\u00f1era, este martes 1 de junio en el Congreso, en Valpara\u00edso.<\/p>\n<p style=\"text-align: justify;\">\u201cEvidentemente que ha sido un gobierno complejo\u201d, se\u00f1al\u00f3 el parlamentario, refiri\u00e9ndose espec\u00edficamente al estallido social del octubre de 2019 y tambi\u00e9n a la pandemia por coronavirus, que la actual administraci\u00f3n gubernamental ha debido enfrentar durante estos \u00faltimos dos a\u00f1os. \u201cEl estallido social fruto de una miop\u00eda, de una ausencia de la inteligencia pol\u00edtica <strong>de todos los sectores<\/strong> que no supimos dimensionar que el desarrollo no solamente se mide por tasas de crecimiento, por responsabilidad fiscal, sino que tambi\u00e9n se mide por bienestar. Vino la crisis sanitaria, que es donde pudo haber sido la gran apuesta del Gobierno, con tantos cuestionamientos\u201d, indic\u00f3.<\/p>\n<p style=\"text-align: justify;\">\u201cHa sido un discurso sustentado en una visi\u00f3n donde la crisis econ\u00f3mica, la pandemia, y toda la crisis social que se ha vivido, gener\u00f3 una diversidad de acciones que muchas veces se fueron desdibujando en el tiempo\u201d, puntualiz\u00f3.<\/p>\n<p style=\"text-align: justify;\"><strong>Matrimonio igualitario <\/strong><\/p>\n<p style=\"text-align: justify;\">Sandoval consider\u00f3 que en el discurso se trat\u00f3 de poner un sello de algo inesperado para el sector, como lo es el matrimonio igualitario. \u201cPodemos estar o no de acuerdo, pero evidentemente ser\u00e1 el mayor punto que se va a tratar en estos d\u00edas\u201d, se\u00f1al\u00f3, agregando que \u201cnuevamente el foco del Gobierno, en materia de su legado, queda muy desdibujado\u201d.<\/p>\n<p style=\"text-align: justify;\">Finalmente, dijo que en la cuenta p\u00fablica \u201cfaltaron las luces\u201d, recalcando que \u201ceste Gobierno del presidente Pi\u00f1era se top\u00f3 con esta realidad y la realidad super\u00f3 al Gobierno\u201d.<\/p>\n<\/div><\/section><\/div><div  style='height:50px' class='hr hr-invisible   avia-builder-el-6  el_after_av_one_full  el_before_av_social_share '><span class='hr-inner ' ><span class='hr-inner-style'><\/span><\/span><\/div><\/p>\n<div  class='av-social-sharing-box  avia-builder-el-7  el_after_av_hr  el_before_av_hr  '><div class='av-share-box'><h5 class='av-share-link-description av-no-toc '>Compartir esta noticia<\/h5><ul class='av-share-box-list noLightbox'><li class='av-share-link av-social-link-facebook' ><a target=\"_blank\" aria-label=\"Compartir en Facebook\" href='https:\/\/www.facebook.com\/sharer.php?u=https:\/\/radiorevelacionfm.cl\/?p=4796&#038;t=Sandoval%20y%20cuenta%20p%C3%BAblica%20presidencial%20%E2%80%9CFue%20un%20discurso%20de%20cierre%2C%20de%20tratar%20de%20poner%20sobre%20relieve%20algunas%20acciones%E2%80%9D' aria-hidden='false' data-av_icon='\ue8f3' data-av_iconfont='entypo-fontello' title='' data-avia-related-tooltip='Compartir en Facebook' rel=\"noopener\"><span class='avia_hidden_link_text'>Compartir en Facebook<\/span><\/a><\/li><li class='av-share-link av-social-link-twitter' ><a target=\"_blank\" aria-label=\"Compartir en Twitter\" href='https:\/\/twitter.com\/share?text=Sandoval%20y%20cuenta%20p%C3%BAblica%20presidencial%20%E2%80%9CFue%20un%20discurso%20de%20cierre%2C%20de%20tratar%20de%20poner%20sobre%20relieve%20algunas%20acciones%E2%80%9D&#038;url=https:\/\/radiorevelacionfm.cl\/?p=4796' aria-hidden='false' data-av_icon='\ue8f1' data-av_iconfont='entypo-fontello' title='' data-avia-related-tooltip='Compartir en Twitter' rel=\"noopener\"><span class='avia_hidden_link_text'>Compartir en Twitter<\/span><\/a><\/li><li class='av-share-link av-social-link-whatsapp' ><a target=\"_blank\" aria-label=\"Compartir en Whatsapp\" href='https:\/\/api.whatsapp.com\/send?text=https:\/\/radiorevelacionfm.cl\/?p=4796' aria-hidden='false' data-av_icon='\uf232' data-av_iconfont='entypo-fontello' title='' data-avia-related-tooltip='Compartir en Whatsapp' rel=\"noopener\"><span class='avia_hidden_link_text'>Compartir en Whatsapp<\/span><\/a><\/li><li class='av-share-link av-social-link-linkedin' ><a target=\"_blank\" aria-label=\"Compartir en LinkedIn\" href='https:\/\/linkedin.com\/shareArticle?mini=true&#038;title=Sandoval%20y%20cuenta%20p%C3%BAblica%20presidencial%20%E2%80%9CFue%20un%20discurso%20de%20cierre%2C%20de%20tratar%20de%20poner%20sobre%20relieve%20algunas%20acciones%E2%80%9D&#038;url=https:\/\/radiorevelacionfm.cl\/?p=4796' aria-hidden='false' data-av_icon='\ue8fc' data-av_iconfont='entypo-fontello' title='' data-avia-related-tooltip='Compartir en LinkedIn' rel=\"noopener\"><span class='avia_hidden_link_text'>Compartir en LinkedIn<\/span><\/a><\/li><li class='av-share-link av-social-link-mail' ><a  aria-label=\"Compartir por correo\" href='mailto:?subject=Sandoval%20y%20cuenta%20p%C3%BAblica%20presidencial%20%E2%80%9CFue%20un%20discurso%20de%20cierre%2C%20de%20tratar%20de%20poner%20sobre%20relieve%20algunas%20acciones%E2%80%9D&#038;body=https:\/\/radiorevelacionfm.cl\/?p=4796' aria-hidden='false' data-av_icon='\ue805' data-av_iconfont='entypo-fontello' title='' data-avia-related-tooltip='Compartir por correo'><span class='avia_hidden_link_text'>Compartir por correo<\/span><\/a><\/li><\/ul><\/div><\/div>\n<div  style='height:50px' class='hr hr-invisible   avia-builder-el-8  el_after_av_social_share  el_before_av_comments_list '><span class='hr-inner ' ><span class='hr-inner-style'><\/span><\/span><\/div>\n<div  class='av-buildercomment  av-blog-meta-html-info-disabled av-blog-meta-tag-disabled  '><\/div>\n","protected":false},"excerpt":{"rendered":"","protected":false},"author":1,"featured_media":4797,"comment_status":"open","ping_status":"open","sticky":false,"template":"","format":"standard","meta":{"footnotes":""},"categories":[35],"tags":[],"class_list":["post-4796","post","type-post","status-publish","format-standard","has-post-thumbnail","hentry","category-politica"],"jetpack_featured_media_url":"https:\/\/radiorevelacionfm.cl\/wp-content\/uploads\/2021\/06\/Sandoval-8-1-1.jpg","_links":{"self":[{"href":"https:\/\/radiorevelacionfm.cl\/index.php?rest_route=\/wp\/v2\/posts\/4796","targetHints":{"allow":["GET"]}}],"collection":[{"href":"https:\/\/radiorevelacionfm.cl\/index.php?rest_route=\/wp\/v2\/posts"}],"about":[{"href":"https:\/\/radiorevelacionfm.cl\/index.php?rest_route=\/wp\/v2\/types\/post"}],"author":[{"embeddable":true,"href":"https:\/\/radiorevelacionfm.cl\/index.php?rest_route=\/wp\/v2\/users\/1"}],"replies":[{"embeddable":true,"href":"https:\/\/radiorevelacionfm.cl\/index.php?rest_route=%2Fwp%2Fv2%2Fcomments&post=4796"}],"version-history":[{"count":1,"href":"https:\/\/radiorevelacionfm.cl\/index.php?rest_route=\/wp\/v2\/posts\/4796\/revisions"}],"predecessor-version":[{"id":4798,"href":"https:\/\/radiorevelacionfm.cl\/index.php?rest_route=\/wp\/v2\/posts\/4796\/revisions\/4798"}],"wp:featuredmedia":[{"embeddable":true,"href":"https:\/\/radiorevelacionfm.cl\/index.php?rest_route=\/wp\/v2\/media\/4797"}],"wp:attachment":[{"href":"https:\/\/radiorevelacionfm.cl\/index.php?rest_route=%2Fwp%2Fv2%2Fmedia&parent=4796"}],"wp:term":[{"taxonomy":"category","embeddable":true,"href":"https:\/\/radiorevelacionfm.cl\/index.php?rest_route=%2Fwp%2Fv2%2Fcategories&post=4796"},{"taxonomy":"post_tag","embeddable":true,"href":"https:\/\/radiorevelacionfm.cl\/index.php?rest_route=%2Fwp%2Fv2%2Ftags&post=4796"}],"curies":[{"name":"wp","href":"https:\/\/api.w.org\/{rel}","templated":true}]}}