{"id":47958,"date":"2024-11-14T11:24:13","date_gmt":"2024-11-14T14:24:13","guid":{"rendered":"https:\/\/radiorevelacionfm.cl\/?p=47958"},"modified":"2024-11-14T11:24:13","modified_gmt":"2024-11-14T14:24:13","slug":"refuerzan-llamado-a-postular-a-salas-cuna-y-jardines-infantiles-para-el-2025","status":"publish","type":"post","link":"https:\/\/radiorevelacionfm.cl\/?p=47958","title":{"rendered":"Refuerzan llamado a postular a salas cuna y jardines infantiles para el 2025"},"content":{"rendered":"<div class=\"flex_column av_one_full  flex_column_div av-zero-column-padding first  avia-builder-el-0  el_before_av_one_full  avia-builder-el-first  \" style='border-radius:0px; '><div  class='avia-image-container  av-styling-    avia-builder-el-1  avia-builder-el-no-sibling  avia-align-center '  itemprop=\"image\" itemscope=\"itemscope\" itemtype=\"https:\/\/schema.org\/ImageObject\"  ><div class='avia-image-container-inner'><div class='avia-image-overlay-wrap'><img decoding=\"async\" class='wp-image-47959 avia-img-lazy-loading-not-47959 avia_image' src=\"https:\/\/radiorevelacionfm.cl\/wp-content\/uploads\/2024\/11\/POSTULACIONESJARDIN-27-1-1.jpg\" alt='' title='POSTULACIONESJARDIN-27 (1) (1)' height=\"600\" width=\"900\"  itemprop=\"thumbnailUrl\" srcset=\"https:\/\/radiorevelacionfm.cl\/wp-content\/uploads\/2024\/11\/POSTULACIONESJARDIN-27-1-1.jpg 900w, https:\/\/radiorevelacionfm.cl\/wp-content\/uploads\/2024\/11\/POSTULACIONESJARDIN-27-1-1-300x200.jpg 300w, https:\/\/radiorevelacionfm.cl\/wp-content\/uploads\/2024\/11\/POSTULACIONESJARDIN-27-1-1-768x512.jpg 768w, https:\/\/radiorevelacionfm.cl\/wp-content\/uploads\/2024\/11\/POSTULACIONESJARDIN-27-1-1-705x470.jpg 705w, https:\/\/radiorevelacionfm.cl\/wp-content\/uploads\/2024\/11\/POSTULACIONESJARDIN-27-1-1-450x300.jpg 450w, https:\/\/radiorevelacionfm.cl\/wp-content\/uploads\/2024\/11\/POSTULACIONESJARDIN-27-1-1-600x400.jpg 600w\" sizes=\"(max-width: 900px) 100vw, 900px\" \/><\/div><\/div><\/div><\/div><div class=\"flex_column av_one_full  flex_column_div av-zero-column-padding first  avia-builder-el-2  el_after_av_one_full  el_before_av_one_full  column-top-margin\" style='border-radius:0px; '><section class=\"av_textblock_section \"  itemscope=\"itemscope\" itemtype=\"https:\/\/schema.org\/BlogPosting\" itemprop=\"blogPost\" ><div class='avia_textblock  '   itemprop=\"text\" ><p style=\"text-align: center;\"><strong><span style=\"font-size: 18pt;\">Refuerzan llamado a postular a salas cuna y jardines infantiles para el 2025<\/span><\/strong><\/p>\n<div id=\"gtx-trans\" style=\"position: absolute; left: -50px; top: 4.31534px;\">\n<div class=\"gtx-trans-icon\"><\/div>\n<\/div>\n<\/div><\/section><\/div><div class=\"flex_column av_one_full  flex_column_div av-zero-column-padding first  avia-builder-el-4  el_after_av_one_full  el_before_av_hr  column-top-margin\" style='border-radius:0px; '><section class=\"av_textblock_section \"  itemscope=\"itemscope\" itemtype=\"https:\/\/schema.org\/BlogPosting\" itemprop=\"blogPost\" ><div class='avia_textblock  '   itemprop=\"text\" ><p class=\"v1MsoNormal\" style=\"text-align: justify;\">Hasta el 29 de noviembre, las familias de todo Chile podr\u00e1n postular a sus ni\u00f1as y ni\u00f1os a las salas cuna y jardines infantiles de Fundaci\u00f3n Integra y JUNJI, mediante un proceso sencillo que busca facilitar el acceso a una educaci\u00f3n parvularia p\u00fablica de calidad.<\/p>\n<p class=\"v1MsoNormal\" style=\"text-align: justify;\">La Subsecretaria Claudia Lagos destac\u00f3 que la educaci\u00f3n parvularia es el primer nivel educativo y un espacio fundamental para el desarrollo integral de ni\u00f1as y ni\u00f1os, donde el juego, la participaci\u00f3n y la ciudadan\u00eda son ejes clave para el aprendizaje: \u201cPostular a una sala cuna o jard\u00edn infantil p\u00fablico no es s\u00f3lo asegurar un lugar en un establecimiento, es optar por una educaci\u00f3n que valora y potencia a cada ni\u00f1o y ni\u00f1a desde su singularidad, promoviendo experiencias importantes para su bienestar y desarrollo\u201d, se\u00f1al\u00f3.<\/p>\n<p class=\"v1MsoNormal\" style=\"text-align: justify;\">Para acceder a salas cuna y jardines infantiles para 2025, las familias deben postular de manera online a trav\u00e9s de las plataformas web de JUNJI\u00a0<a href=\"https:\/\/junji.gob.cl\/\" target=\"_blank\" rel=\"noopener noreferrer\">www.junji.cl<\/a>\u00a0e Integra\u00a0<a href=\"https:\/\/www.integra.cl\/\" target=\"_blank\" rel=\"noopener noreferrer\">www.integra.cl<\/a>, seg\u00fan corresponda. En el caso de aquellas familias que tengan dificultad en el uso de las tecnolog\u00edas, pueden acercarse directamente a las salas cuna y jardines infantiles para ser orientados de manera presencial.<\/p>\n<p class=\"v1MsoNormal\" style=\"text-align: justify;\">El director ejecutivo de Fundaci\u00f3n Integra, Carlos Gonz\u00e1lez Rivas, resalt\u00f3 el impacto transformador de la educaci\u00f3n inicial en las comunidades, mientras que la vicepresidenta ejecutiva de JUNJI, Daniela Trivi\u00f1o Millar, subray\u00f3 la importancia de la asistencia diaria para el bienestar integral de las ni\u00f1as y ni\u00f1os.<\/p>\n<p class=\"v1MsoNormal\" style=\"text-align: justify;\">Porque ir todos los d\u00edas a las salas cuna y jardines infantiles es esencial para el desarrollo y bienestar integral de ni\u00f1as y ni\u00f1os, la invitaci\u00f3n es a elegir la Educaci\u00f3n Parvularia P\u00fablica.<\/p>\n<p class=\"v1MsoNormal\" style=\"text-align: justify;\"><b>Fechas clave del proceso de postulaci\u00f3n 2025<\/b><\/p>\n<ul style=\"text-align: justify;\" type=\"disc\">\n<li class=\"v1MsoNormal\">Postulaciones: 21 de octubre al 29 de noviembre de 2024<\/li>\n<li class=\"v1MsoNormal\">Entrega de resultados: 18 de diciembre de 2024<\/li>\n<li class=\"v1MsoNormal\">Matr\u00edcula: 23 de diciembre de 2024 al 14 de enero de 2025<\/li>\n<\/ul>\n<\/div><\/section><\/div><div  style='height:50px' class='hr hr-invisible   avia-builder-el-6  el_after_av_one_full  el_before_av_social_share '><span class='hr-inner ' ><span class='hr-inner-style'><\/span><\/span><\/div><\/p>\n<div  class='av-social-sharing-box  avia-builder-el-7  el_after_av_hr  el_before_av_hr  '><div class='av-share-box'><h5 class='av-share-link-description av-no-toc '>Compartir esta noticia<\/h5><ul class='av-share-box-list noLightbox'><li class='av-share-link av-social-link-facebook' ><a target=\"_blank\" aria-label=\"Compartir en Facebook\" href='https:\/\/www.facebook.com\/sharer.php?u=https:\/\/radiorevelacionfm.cl\/?p=47958&#038;t=Refuerzan%20llamado%20a%20postular%20a%20salas%20cuna%20y%20jardines%20infantiles%20para%20el%202025' aria-hidden='false' data-av_icon='\ue8f3' data-av_iconfont='entypo-fontello' title='' data-avia-related-tooltip='Compartir en Facebook' rel=\"noopener\"><span class='avia_hidden_link_text'>Compartir en Facebook<\/span><\/a><\/li><li class='av-share-link av-social-link-twitter' ><a target=\"_blank\" aria-label=\"Compartir en Twitter\" href='https:\/\/twitter.com\/share?text=Refuerzan%20llamado%20a%20postular%20a%20salas%20cuna%20y%20jardines%20infantiles%20para%20el%202025&#038;url=https:\/\/radiorevelacionfm.cl\/?p=47958' aria-hidden='false' data-av_icon='\ue8f1' data-av_iconfont='entypo-fontello' title='' data-avia-related-tooltip='Compartir en Twitter' rel=\"noopener\"><span class='avia_hidden_link_text'>Compartir en Twitter<\/span><\/a><\/li><li class='av-share-link av-social-link-whatsapp' ><a target=\"_blank\" aria-label=\"Compartir en Whatsapp\" href='https:\/\/api.whatsapp.com\/send?text=https:\/\/radiorevelacionfm.cl\/?p=47958' aria-hidden='false' data-av_icon='\uf232' data-av_iconfont='entypo-fontello' title='' data-avia-related-tooltip='Compartir en Whatsapp' rel=\"noopener\"><span class='avia_hidden_link_text'>Compartir en Whatsapp<\/span><\/a><\/li><li class='av-share-link av-social-link-linkedin' ><a target=\"_blank\" aria-label=\"Compartir en LinkedIn\" href='https:\/\/linkedin.com\/shareArticle?mini=true&#038;title=Refuerzan%20llamado%20a%20postular%20a%20salas%20cuna%20y%20jardines%20infantiles%20para%20el%202025&#038;url=https:\/\/radiorevelacionfm.cl\/?p=47958' aria-hidden='false' data-av_icon='\ue8fc' data-av_iconfont='entypo-fontello' title='' data-avia-related-tooltip='Compartir en LinkedIn' rel=\"noopener\"><span class='avia_hidden_link_text'>Compartir en LinkedIn<\/span><\/a><\/li><li class='av-share-link av-social-link-mail' ><a  aria-label=\"Compartir por correo\" href='mailto:?subject=Refuerzan%20llamado%20a%20postular%20a%20salas%20cuna%20y%20jardines%20infantiles%20para%20el%202025&#038;body=https:\/\/radiorevelacionfm.cl\/?p=47958' aria-hidden='false' data-av_icon='\ue805' data-av_iconfont='entypo-fontello' title='' data-avia-related-tooltip='Compartir por correo'><span class='avia_hidden_link_text'>Compartir por correo<\/span><\/a><\/li><\/ul><\/div><\/div>\n<div  style='height:50px' class='hr hr-invisible   avia-builder-el-8  el_after_av_social_share  el_before_av_comments_list '><span class='hr-inner ' ><span class='hr-inner-style'><\/span><\/span><\/div>\n<div  class='av-buildercomment  av-blog-meta-html-info-disabled av-blog-meta-tag-disabled  '><\/div>\n","protected":false},"excerpt":{"rendered":"","protected":false},"author":1,"featured_media":47959,"comment_status":"open","ping_status":"open","sticky":false,"template":"","format":"standard","meta":{"footnotes":""},"categories":[49],"tags":[],"class_list":["post-47958","post","type-post","status-publish","format-standard","has-post-thumbnail","hentry","category-educacion"],"jetpack_featured_media_url":"https:\/\/radiorevelacionfm.cl\/wp-content\/uploads\/2024\/11\/POSTULACIONESJARDIN-27-1-1.jpg","_links":{"self":[{"href":"https:\/\/radiorevelacionfm.cl\/index.php?rest_route=\/wp\/v2\/posts\/47958","targetHints":{"allow":["GET"]}}],"collection":[{"href":"https:\/\/radiorevelacionfm.cl\/index.php?rest_route=\/wp\/v2\/posts"}],"about":[{"href":"https:\/\/radiorevelacionfm.cl\/index.php?rest_route=\/wp\/v2\/types\/post"}],"author":[{"embeddable":true,"href":"https:\/\/radiorevelacionfm.cl\/index.php?rest_route=\/wp\/v2\/users\/1"}],"replies":[{"embeddable":true,"href":"https:\/\/radiorevelacionfm.cl\/index.php?rest_route=%2Fwp%2Fv2%2Fcomments&post=47958"}],"version-history":[{"count":1,"href":"https:\/\/radiorevelacionfm.cl\/index.php?rest_route=\/wp\/v2\/posts\/47958\/revisions"}],"predecessor-version":[{"id":47960,"href":"https:\/\/radiorevelacionfm.cl\/index.php?rest_route=\/wp\/v2\/posts\/47958\/revisions\/47960"}],"wp:featuredmedia":[{"embeddable":true,"href":"https:\/\/radiorevelacionfm.cl\/index.php?rest_route=\/wp\/v2\/media\/47959"}],"wp:attachment":[{"href":"https:\/\/radiorevelacionfm.cl\/index.php?rest_route=%2Fwp%2Fv2%2Fmedia&parent=47958"}],"wp:term":[{"taxonomy":"category","embeddable":true,"href":"https:\/\/radiorevelacionfm.cl\/index.php?rest_route=%2Fwp%2Fv2%2Fcategories&post=47958"},{"taxonomy":"post_tag","embeddable":true,"href":"https:\/\/radiorevelacionfm.cl\/index.php?rest_route=%2Fwp%2Fv2%2Ftags&post=47958"}],"curies":[{"name":"wp","href":"https:\/\/api.w.org\/{rel}","templated":true}]}}