{"id":47955,"date":"2024-11-13T20:48:42","date_gmt":"2024-11-13T23:48:42","guid":{"rendered":"https:\/\/radiorevelacionfm.cl\/?p=47955"},"modified":"2024-11-13T20:48:42","modified_gmt":"2024-11-13T23:48:42","slug":"desvinculan-a-tecnico-de-voleibol-de-magallanes-por-agredir-a-uno-de-sus-jugadores-en-juegos-que-se-desarrollan-en-aysen","status":"publish","type":"post","link":"https:\/\/radiorevelacionfm.cl\/?p=47955","title":{"rendered":"Desvinculan a t\u00e9cnico de v\u00f3leibol de Magallanes por agredir a uno de sus jugadores en juegos que se desarrollan en Ays\u00e9n"},"content":{"rendered":"<div class=\"flex_column av_one_full  flex_column_div av-zero-column-padding first  avia-builder-el-0  el_before_av_one_full  avia-builder-el-first  \" style='border-radius:0px; '><div  class='avia-image-container  av-styling-    avia-builder-el-1  avia-builder-el-no-sibling  avia-align-center '  itemprop=\"image\" itemscope=\"itemscope\" itemtype=\"https:\/\/schema.org\/ImageObject\"  ><div class='avia-image-container-inner'><div class='avia-image-overlay-wrap'><img decoding=\"async\" class='wp-image-47956 avia-img-lazy-loading-not-47956 avia_image' src=\"https:\/\/radiorevelacionfm.cl\/wp-content\/uploads\/2024\/11\/voleibol1-1_optimized.jpg\" alt='' title='voleibol1-(1)_optimized' height=\"600\" width=\"986\"  itemprop=\"thumbnailUrl\" srcset=\"https:\/\/radiorevelacionfm.cl\/wp-content\/uploads\/2024\/11\/voleibol1-1_optimized.jpg 986w, https:\/\/radiorevelacionfm.cl\/wp-content\/uploads\/2024\/11\/voleibol1-1_optimized-300x183.jpg 300w, https:\/\/radiorevelacionfm.cl\/wp-content\/uploads\/2024\/11\/voleibol1-1_optimized-768x467.jpg 768w, https:\/\/radiorevelacionfm.cl\/wp-content\/uploads\/2024\/11\/voleibol1-1_optimized-705x429.jpg 705w, https:\/\/radiorevelacionfm.cl\/wp-content\/uploads\/2024\/11\/voleibol1-1_optimized-450x274.jpg 450w, https:\/\/radiorevelacionfm.cl\/wp-content\/uploads\/2024\/11\/voleibol1-1_optimized-600x365.jpg 600w\" sizes=\"(max-width: 986px) 100vw, 986px\" \/><\/div><\/div><\/div><\/div><div class=\"flex_column av_one_full  flex_column_div av-zero-column-padding first  avia-builder-el-2  el_after_av_one_full  el_before_av_one_full  column-top-margin\" style='border-radius:0px; '><section class=\"av_textblock_section \"  itemscope=\"itemscope\" itemtype=\"https:\/\/schema.org\/BlogPosting\" itemprop=\"blogPost\" ><div class='avia_textblock  '   itemprop=\"text\" ><p style=\"text-align: center;\"><strong><span style=\"font-size: 18pt;\">Desvinculan a t\u00e9cnico de v\u00f3leibol de Magallanes por agredir a uno de sus jugadores en juegos que se desarrollan en Ays\u00e9n<\/span><\/strong><\/p>\n<div id=\"gtx-trans\" style=\"position: absolute; left: -50px; top: 4.31534px;\">\n<div class=\"gtx-trans-icon\"><\/div>\n<\/div>\n<\/div><\/section><\/div><div class=\"flex_column av_one_full  flex_column_div av-zero-column-padding first  avia-builder-el-4  el_after_av_one_full  el_before_av_hr  column-top-margin\" style='border-radius:0px; '><section class=\"av_textblock_section \"  itemscope=\"itemscope\" itemtype=\"https:\/\/schema.org\/BlogPosting\" itemprop=\"blogPost\" ><div class='avia_textblock  '   itemprop=\"text\" ><p style=\"text-align: justify;\">Un hecho que involucra al equipo de v\u00f3leibol de Magallanes, se conoci\u00f3 en medio de las competencias que se desarrollan en el marco de una nueva versi\u00f3n de los Juegos de la Araucan\u00eda, seg\u00fan consigna el medio El Pinguino, de Punta Arenas.<\/p>\n<p style=\"text-align: justify;\">El plantel local se desplaz\u00f3 hasta Ays\u00e9n para cumplir con sus compromisos, instancia donde se produjo un incidente que podr\u00eda traer consecuencias fuera del deporte.<\/p>\n<p style=\"text-align: justify;\">Los antecedentes indican que uno de los jugadores (de 15 a\u00f1os) recibi\u00f3 un duro golpe en la cabeza por parte de su t\u00e9cnico, luego que -a juicio del entrenador- no estaba cumpliendo una buena actuaci\u00f3n.<\/p>\n<p style=\"text-align: justify;\">Tras el hecho, el joven deportista denunci\u00f3 lo ocurrido a sus familiares y se dio cuenta a las autoridades deportivas. De esta manera, como medida inmediata se orden\u00f3 la marginaci\u00f3n del t\u00e9cnico y el inicio de una investigaci\u00f3n.<\/p>\n<p style=\"text-align: justify;\"><strong>Confirmaci\u00f3n<\/strong><\/p>\n<p style=\"text-align: justify;\">Ping\u00fcino Multimedia recibi\u00f3 la confirmaci\u00f3n del hecho por parte del director del IND en Magallanes, H\u00e9ctor Serka, quien explic\u00f3 que del hecho se tom\u00f3 conocimiento el lunes: \u201cDurante un partido hubo un contacto indebido entre el t\u00e9cnico y un deportista, ante lo cual se adoptaron las medidas correspondientes\u201d.<\/p>\n<p style=\"text-align: justify;\">\u00c9stas -detall\u00f3- dieron cuenta de recabar m\u00e1s antecedentes y apartar al t\u00e9cnico, disponi\u00e9ndose la compra de los pasajes para su inmediato retorno a Punta Arenas. \u201cEsto est\u00e1 en conocimiento de los organizadores y de las m\u00e1s altas autoridades del deporte, y nosotros ya iniciamos la carpeta para aplicar el decreto 22 que da cuenta y sanciona este tipo de situaciones\u201d, de tal manera de oficializar la desvinculaci\u00f3n.<\/p>\n<p style=\"text-align: justify;\">Quien tambi\u00e9n se refiri\u00f3 al hecho fue el seremi de Gobierno, Andro Mimica, quien indic\u00f3 que \u201ctomamos conocimiento de lo sucedido y la autoridad del deporte adopt\u00f3 todas las medidas administrativas que corresponden. Lo primero, traer al adulto de vuelta y asegurar que el equipo quede con adultos responsables. Tambi\u00e9n se tom\u00f3 contacto con la familia del jugador y se asegur\u00f3 el cumplimiento de las medidas administrativas. Junto con ello, lo m\u00e1s importante: velar por la integridad de nuestros adolescentes deportistas\u201d.<\/p>\n<p style=\"text-align: justify;\">Fuente: El Pinguino<\/p>\n<\/div><\/section><\/div><div  style='height:50px' class='hr hr-invisible   avia-builder-el-6  el_after_av_one_full  el_before_av_social_share '><span class='hr-inner ' ><span class='hr-inner-style'><\/span><\/span><\/div><\/p>\n<div  class='av-social-sharing-box  avia-builder-el-7  el_after_av_hr  el_before_av_hr  '><div class='av-share-box'><h5 class='av-share-link-description av-no-toc '>Compartir esta noticia<\/h5><ul class='av-share-box-list noLightbox'><li class='av-share-link av-social-link-facebook' ><a target=\"_blank\" aria-label=\"Compartir en Facebook\" href='https:\/\/www.facebook.com\/sharer.php?u=https:\/\/radiorevelacionfm.cl\/?p=47955&#038;t=Desvinculan%20a%20t%C3%A9cnico%20de%20v%C3%B3leibol%20de%20Magallanes%20por%20agredir%20a%20uno%20de%20sus%20jugadores%20en%20juegos%20que%20se%20desarrollan%20en%20Ays%C3%A9n' aria-hidden='false' data-av_icon='\ue8f3' data-av_iconfont='entypo-fontello' title='' data-avia-related-tooltip='Compartir en Facebook' rel=\"noopener\"><span class='avia_hidden_link_text'>Compartir en Facebook<\/span><\/a><\/li><li class='av-share-link av-social-link-twitter' ><a target=\"_blank\" aria-label=\"Compartir en Twitter\" href='https:\/\/twitter.com\/share?text=Desvinculan%20a%20t%C3%A9cnico%20de%20v%C3%B3leibol%20de%20Magallanes%20por%20agredir%20a%20uno%20de%20sus%20jugadores%20en%20juegos%20que%20se%20desarrollan%20en%20Ays%C3%A9n&#038;url=https:\/\/radiorevelacionfm.cl\/?p=47955' aria-hidden='false' data-av_icon='\ue8f1' data-av_iconfont='entypo-fontello' title='' data-avia-related-tooltip='Compartir en Twitter' rel=\"noopener\"><span class='avia_hidden_link_text'>Compartir en Twitter<\/span><\/a><\/li><li class='av-share-link av-social-link-whatsapp' ><a target=\"_blank\" aria-label=\"Compartir en Whatsapp\" href='https:\/\/api.whatsapp.com\/send?text=https:\/\/radiorevelacionfm.cl\/?p=47955' aria-hidden='false' data-av_icon='\uf232' data-av_iconfont='entypo-fontello' title='' data-avia-related-tooltip='Compartir en Whatsapp' rel=\"noopener\"><span class='avia_hidden_link_text'>Compartir en Whatsapp<\/span><\/a><\/li><li class='av-share-link av-social-link-linkedin' ><a target=\"_blank\" aria-label=\"Compartir en LinkedIn\" href='https:\/\/linkedin.com\/shareArticle?mini=true&#038;title=Desvinculan%20a%20t%C3%A9cnico%20de%20v%C3%B3leibol%20de%20Magallanes%20por%20agredir%20a%20uno%20de%20sus%20jugadores%20en%20juegos%20que%20se%20desarrollan%20en%20Ays%C3%A9n&#038;url=https:\/\/radiorevelacionfm.cl\/?p=47955' aria-hidden='false' data-av_icon='\ue8fc' data-av_iconfont='entypo-fontello' title='' data-avia-related-tooltip='Compartir en LinkedIn' rel=\"noopener\"><span class='avia_hidden_link_text'>Compartir en LinkedIn<\/span><\/a><\/li><li class='av-share-link av-social-link-mail' ><a  aria-label=\"Compartir por correo\" href='mailto:?subject=Desvinculan%20a%20t%C3%A9cnico%20de%20v%C3%B3leibol%20de%20Magallanes%20por%20agredir%20a%20uno%20de%20sus%20jugadores%20en%20juegos%20que%20se%20desarrollan%20en%20Ays%C3%A9n&#038;body=https:\/\/radiorevelacionfm.cl\/?p=47955' aria-hidden='false' data-av_icon='\ue805' data-av_iconfont='entypo-fontello' title='' data-avia-related-tooltip='Compartir por correo'><span class='avia_hidden_link_text'>Compartir por correo<\/span><\/a><\/li><\/ul><\/div><\/div>\n<div  style='height:50px' class='hr hr-invisible   avia-builder-el-8  el_after_av_social_share  el_before_av_comments_list '><span class='hr-inner ' ><span class='hr-inner-style'><\/span><\/span><\/div>\n<div  class='av-buildercomment  av-blog-meta-html-info-disabled av-blog-meta-tag-disabled  '><\/div>\n","protected":false},"excerpt":{"rendered":"","protected":false},"author":1,"featured_media":47956,"comment_status":"open","ping_status":"open","sticky":false,"template":"","format":"standard","meta":{"footnotes":""},"categories":[40],"tags":[],"class_list":["post-47955","post","type-post","status-publish","format-standard","has-post-thumbnail","hentry","category-deportes"],"jetpack_featured_media_url":"https:\/\/radiorevelacionfm.cl\/wp-content\/uploads\/2024\/11\/voleibol1-1_optimized.jpg","_links":{"self":[{"href":"https:\/\/radiorevelacionfm.cl\/index.php?rest_route=\/wp\/v2\/posts\/47955","targetHints":{"allow":["GET"]}}],"collection":[{"href":"https:\/\/radiorevelacionfm.cl\/index.php?rest_route=\/wp\/v2\/posts"}],"about":[{"href":"https:\/\/radiorevelacionfm.cl\/index.php?rest_route=\/wp\/v2\/types\/post"}],"author":[{"embeddable":true,"href":"https:\/\/radiorevelacionfm.cl\/index.php?rest_route=\/wp\/v2\/users\/1"}],"replies":[{"embeddable":true,"href":"https:\/\/radiorevelacionfm.cl\/index.php?rest_route=%2Fwp%2Fv2%2Fcomments&post=47955"}],"version-history":[{"count":1,"href":"https:\/\/radiorevelacionfm.cl\/index.php?rest_route=\/wp\/v2\/posts\/47955\/revisions"}],"predecessor-version":[{"id":47957,"href":"https:\/\/radiorevelacionfm.cl\/index.php?rest_route=\/wp\/v2\/posts\/47955\/revisions\/47957"}],"wp:featuredmedia":[{"embeddable":true,"href":"https:\/\/radiorevelacionfm.cl\/index.php?rest_route=\/wp\/v2\/media\/47956"}],"wp:attachment":[{"href":"https:\/\/radiorevelacionfm.cl\/index.php?rest_route=%2Fwp%2Fv2%2Fmedia&parent=47955"}],"wp:term":[{"taxonomy":"category","embeddable":true,"href":"https:\/\/radiorevelacionfm.cl\/index.php?rest_route=%2Fwp%2Fv2%2Fcategories&post=47955"},{"taxonomy":"post_tag","embeddable":true,"href":"https:\/\/radiorevelacionfm.cl\/index.php?rest_route=%2Fwp%2Fv2%2Ftags&post=47955"}],"curies":[{"name":"wp","href":"https:\/\/api.w.org\/{rel}","templated":true}]}}