{"id":47952,"date":"2024-11-14T10:10:45","date_gmt":"2024-11-14T13:10:45","guid":{"rendered":"https:\/\/radiorevelacionfm.cl\/?p=47952"},"modified":"2024-11-14T10:10:45","modified_gmt":"2024-11-14T13:10:45","slug":"seremi-gacitua-destaca-anuncio-sobre-la-orden-del-pago-de-mas-de-1-billon-300-mil-millones-en-deudas-de-pensiones-alimenticias","status":"publish","type":"post","link":"https:\/\/radiorevelacionfm.cl\/?p=47952","title":{"rendered":"Seremi Gacit\u00faa destaca anuncio sobre la orden del pago de m\u00e1s de $1 bill\u00f3n 300 mil millones en deudas de Pensiones Alimenticias"},"content":{"rendered":"<div class=\"flex_column av_one_full  flex_column_div av-zero-column-padding first  avia-builder-el-0  el_before_av_one_full  avia-builder-el-first  \" style='border-radius:0px; '><div  class='avia-image-container  av-styling-    avia-builder-el-1  avia-builder-el-no-sibling  avia-align-center '  itemprop=\"image\" itemscope=\"itemscope\" itemtype=\"https:\/\/schema.org\/ImageObject\"  ><div class='avia-image-container-inner'><div class='avia-image-overlay-wrap'><img decoding=\"async\" class='wp-image-47953 avia-img-lazy-loading-not-47953 avia_image' src=\"https:\/\/radiorevelacionfm.cl\/wp-content\/uploads\/2024\/11\/whatsapp-image-2024-11-12-at-13_optimized.22.55-1.jpeg\" alt='' title='whatsapp-image-2024-11-12-at-13_optimized.22.55-(1)' height=\"600\" width=\"901\"  itemprop=\"thumbnailUrl\" srcset=\"https:\/\/radiorevelacionfm.cl\/wp-content\/uploads\/2024\/11\/whatsapp-image-2024-11-12-at-13_optimized.22.55-1.jpeg 901w, https:\/\/radiorevelacionfm.cl\/wp-content\/uploads\/2024\/11\/whatsapp-image-2024-11-12-at-13_optimized.22.55-1-300x200.jpeg 300w, https:\/\/radiorevelacionfm.cl\/wp-content\/uploads\/2024\/11\/whatsapp-image-2024-11-12-at-13_optimized.22.55-1-768x511.jpeg 768w, https:\/\/radiorevelacionfm.cl\/wp-content\/uploads\/2024\/11\/whatsapp-image-2024-11-12-at-13_optimized.22.55-1-705x469.jpeg 705w, https:\/\/radiorevelacionfm.cl\/wp-content\/uploads\/2024\/11\/whatsapp-image-2024-11-12-at-13_optimized.22.55-1-450x300.jpeg 450w, https:\/\/radiorevelacionfm.cl\/wp-content\/uploads\/2024\/11\/whatsapp-image-2024-11-12-at-13_optimized.22.55-1-600x400.jpeg 600w\" sizes=\"(max-width: 901px) 100vw, 901px\" \/><\/div><\/div><\/div><\/div><div class=\"flex_column av_one_full  flex_column_div av-zero-column-padding first  avia-builder-el-2  el_after_av_one_full  el_before_av_one_full  column-top-margin\" style='border-radius:0px; '><section class=\"av_textblock_section \"  itemscope=\"itemscope\" itemtype=\"https:\/\/schema.org\/BlogPosting\" itemprop=\"blogPost\" ><div class='avia_textblock  '   itemprop=\"text\" ><p style=\"text-align: center;\"><strong><span style=\"font-size: 18pt;\">Seremi Gacit\u00faa destaca anuncio sobre la orden del pago de m\u00e1s de $1 bill\u00f3n 300 mil millones en deudas de Pensiones Alimenticias<\/span><\/strong><\/p>\n<div id=\"gtx-trans\" style=\"position: absolute; left: -50px; top: 4.31534px;\">\n<div class=\"gtx-trans-icon\"><\/div>\n<\/div>\n<\/div><\/section><\/div><div class=\"flex_column av_one_full  flex_column_div av-zero-column-padding first  avia-builder-el-4  el_after_av_one_full  el_before_av_hr  column-top-margin\" style='border-radius:0px; '><section class=\"av_textblock_section \"  itemscope=\"itemscope\" itemtype=\"https:\/\/schema.org\/BlogPosting\" itemprop=\"blogPost\" ><div class='avia_textblock  '   itemprop=\"text\" ><p style=\"text-align: justify;\">A partir de la implementaci\u00f3n de la Ley de Responsabilidad Parental y Pago Efectivo de Pensiones de Alimentos, en mayo de 2023, los Tribunales de familia han ordenado el pago de m\u00e1s de $1 bill\u00f3n 360 mil millones de pesos a trav\u00e9s de los mecanismos que establece la ley. De este monto, ya se han pagado m\u00e1s de $588 mil millones desde cuentas bancarias, instrumentos financieros y fondos de pensiones, casi el doble de lo pagado al mes de mayo de este a\u00f1o.<\/p>\n<p style=\"text-align: justify;\">As\u00ed lo indic\u00f3 el Presidente de la Rep\u00fablica, Gabriel Boric Font, junto a las ministras Secretaria General de Gobierno, Camila Vallejo; de la Mujer y equidad de G\u00e9nero, Antonia Orellana y \u00a0el ministro de Justicia y Derechos Humanos, Jaime Gajardo.<\/p>\n<p style=\"text-align: justify;\">\u201cEs emocionante escuchar c\u00f3mo pol\u00edticas p\u00fablicas bien hechas, pol\u00edticas p\u00fablicas con una visi\u00f3n distinta, con una visi\u00f3n de g\u00e9nero, con una visi\u00f3n puesta en la mujer pueden cambiar la vida de las personas\u201d, expres\u00f3 el Presidente.<\/p>\n<p style=\"text-align: justify;\">Esta normativa impulsada y promulgada por el Gobierno a trav\u00e9s del Ministerio de la Mujer y la Equidad de G\u00e9nero, establece que ser\u00e1 el Estado el persecutor del patrimonio del deudor y crea dos mecanismos para lograr el pago efectivo de la deuda.<\/p>\n<p style=\"text-align: justify;\">\u00abDesde que se aprob\u00f3 la Ley de Pago Efectivo de Pensiones de Alimentos hemos trabajado sin descanso por su implementaci\u00f3n, no solamente desde el Ejecutivo, sino tambi\u00e9n con el Poder Judicial y el sector privado, con la Comisi\u00f3n para el Mercado Financiero y la Asociaci\u00f3n de Bancos e Instituciones Financieras\u00bb, destac\u00f3 la ministra de la Mujer y la Equidad de G\u00e9nero, Antonia Orellana, quien tambi\u00e9n reconoci\u00f3 el trabajo de las y los parlamentarios que impulsaron y apoyaron estas iniciativas.<\/p>\n<p style=\"text-align: justify;\">Por su parte la Seremi de la Mujer y la Equidad de G\u00e9nero, Isidora Gacit\u00faa Goles, destac\u00f3 los avances que ha tenido esta Ley, enfatizando que: \u201cEntendemos que el cumplimiento que deben tener los padres con la Ley de Pensi\u00f3n de Alimentos, no se considera como un favor hacia las mujeres que son madres y jefas de hogar, sino que debe reconocerse como la respuesta a un derecho que repercute en el bienestar de los hijos e hijas; \u00a0ellos es que hay que pensar, en el bien superior de los ni\u00f1os y n\u00f1as, \u00a0y c\u00f3mo la sociedad responde frente a sus necesidades y cuidados\u201d, indic\u00f3.<\/p>\n<p style=\"text-align: justify;\">Un importante antecedente de esta normativa es la ley que cre\u00f3 el Registro Nacional de Deudores de Pensiones de Alimentos, promulgada el 10 de noviembre de 2021 durante el Gobierno del expresidente Sebasti\u00e1n Pi\u00f1era. Esta ley entr\u00f3 en vigencia el 19 de noviembre de 2022, y ha correspondido al actual gobierno velar por su implementaci\u00f3n.<\/p>\n<p style=\"text-align: justify;\">En este sentido, la ministra Orellana destac\u00f3 que \u201choy celebramos dos a\u00f1os del inicio de un cambio cultural al que a\u00fan le falta mucho por delante.\u00a0 Seguiremos mejorando estos nuevos mecanismos para que los recursos que se necesitan puedan llegar a estos hogares que en su mayor\u00eda lideran jefas de hogar. Y, como nos instruy\u00f3 el Presidente, en derechos de las mujeres no podemos retroceder, solo podemos avanzar\u201d, se\u00f1al\u00f3 la autoridad.<\/p>\n<p style=\"text-align: justify;\">Al mes de noviembre, hay m\u00e1s de 250 mil deudores con deuda vigente en el Registro Nacional de Deudores de Pensiones de Alimentos, pero gracias a las consecuencias establecidas en la misma ley y a los mecanismos de pago de la Ley de Responsabilidad Parental, tambi\u00e9n se registran m\u00e1s de 106 mil cancelaciones desde su creaci\u00f3n, lo que quiere decir que m\u00e1s del 37% de los deudores que han ingresado al registro han pagado sus deudas o han llegado a un acuerdo de pago ante tribunales.<\/p>\n<p style=\"text-align: justify;\">El Ministerio de la Mujer y la Equidad de G\u00e9nero, junto al Poder Judicial, han trabajado para fortalecer su implementaci\u00f3n a trav\u00e9s de diversas iniciativas, como la inyecci\u00f3n de $4 mil 328 millones de pesos para agilizar los procesos y disponer de m\u00e1s funcionarios en los Tribunales de Familia; y se ha establecido un trabajo permanentemente de coordinaci\u00f3n y desarrollos tecnol\u00f3gicos con la Comisi\u00f3n para el Mercado Financiero y las instituciones involucradas.<\/p>\n<p style=\"text-align: justify;\">Adem\u00e1s, este a\u00f1o el Ministerio de la Mujer y la Equidad de G\u00e9nero inici\u00f3 un proyecto piloto con la Corporaci\u00f3n de Asistencia Judicial Metropolitana (CAJ) para dar asistencia jur\u00eddica gratuita a miles de mujeres. En cinco meses, gracias a este convenio, la Corporaci\u00f3n ha llevado la representaci\u00f3n judicial en 1.937 causas, han ingresado 552 nuevas causas a tribunales, han atendido 1.564 entrevistas de orientaci\u00f3n e informaci\u00f3n, han realizado 895 entrevistas judiciales para evaluaci\u00f3n de viabilidad jur\u00eddica, y han registrado m\u00e1s de 6.609 gestiones judiciales y\/o extrajudiciales asociadas al avance procesal de las causas y a la correspondiente comunicaci\u00f3n e informaci\u00f3n con las mujeres patrocinadas.<\/p>\n<\/div><\/section><\/div><div  style='height:50px' class='hr hr-invisible   avia-builder-el-6  el_after_av_one_full  el_before_av_social_share '><span class='hr-inner ' ><span class='hr-inner-style'><\/span><\/span><\/div><\/p>\n<div  class='av-social-sharing-box  avia-builder-el-7  el_after_av_hr  el_before_av_hr  '><div class='av-share-box'><h5 class='av-share-link-description av-no-toc '>Compartir esta noticia<\/h5><ul class='av-share-box-list noLightbox'><li class='av-share-link av-social-link-facebook' ><a target=\"_blank\" aria-label=\"Compartir en Facebook\" href='https:\/\/www.facebook.com\/sharer.php?u=https:\/\/radiorevelacionfm.cl\/?p=47952&#038;t=Seremi%20Gacit%C3%BAa%20destaca%20anuncio%20sobre%20la%20orden%20del%20pago%20de%20m%C3%A1s%20de%20%241%20bill%C3%B3n%20300%20mil%20millones%20en%20deudas%20de%20Pensiones%20Alimenticias' aria-hidden='false' data-av_icon='\ue8f3' data-av_iconfont='entypo-fontello' title='' data-avia-related-tooltip='Compartir en Facebook' rel=\"noopener\"><span class='avia_hidden_link_text'>Compartir en Facebook<\/span><\/a><\/li><li class='av-share-link av-social-link-twitter' ><a target=\"_blank\" aria-label=\"Compartir en Twitter\" href='https:\/\/twitter.com\/share?text=Seremi%20Gacit%C3%BAa%20destaca%20anuncio%20sobre%20la%20orden%20del%20pago%20de%20m%C3%A1s%20de%20%241%20bill%C3%B3n%20300%20mil%20millones%20en%20deudas%20de%20Pensiones%20Alimenticias&#038;url=https:\/\/radiorevelacionfm.cl\/?p=47952' aria-hidden='false' data-av_icon='\ue8f1' data-av_iconfont='entypo-fontello' title='' data-avia-related-tooltip='Compartir en Twitter' rel=\"noopener\"><span class='avia_hidden_link_text'>Compartir en Twitter<\/span><\/a><\/li><li class='av-share-link av-social-link-whatsapp' ><a target=\"_blank\" aria-label=\"Compartir en Whatsapp\" href='https:\/\/api.whatsapp.com\/send?text=https:\/\/radiorevelacionfm.cl\/?p=47952' aria-hidden='false' data-av_icon='\uf232' data-av_iconfont='entypo-fontello' title='' data-avia-related-tooltip='Compartir en Whatsapp' rel=\"noopener\"><span class='avia_hidden_link_text'>Compartir en Whatsapp<\/span><\/a><\/li><li class='av-share-link av-social-link-linkedin' ><a target=\"_blank\" aria-label=\"Compartir en LinkedIn\" href='https:\/\/linkedin.com\/shareArticle?mini=true&#038;title=Seremi%20Gacit%C3%BAa%20destaca%20anuncio%20sobre%20la%20orden%20del%20pago%20de%20m%C3%A1s%20de%20%241%20bill%C3%B3n%20300%20mil%20millones%20en%20deudas%20de%20Pensiones%20Alimenticias&#038;url=https:\/\/radiorevelacionfm.cl\/?p=47952' aria-hidden='false' data-av_icon='\ue8fc' data-av_iconfont='entypo-fontello' title='' data-avia-related-tooltip='Compartir en LinkedIn' rel=\"noopener\"><span class='avia_hidden_link_text'>Compartir en LinkedIn<\/span><\/a><\/li><li class='av-share-link av-social-link-mail' ><a  aria-label=\"Compartir por correo\" href='mailto:?subject=Seremi%20Gacit%C3%BAa%20destaca%20anuncio%20sobre%20la%20orden%20del%20pago%20de%20m%C3%A1s%20de%20%241%20bill%C3%B3n%20300%20mil%20millones%20en%20deudas%20de%20Pensiones%20Alimenticias&#038;body=https:\/\/radiorevelacionfm.cl\/?p=47952' aria-hidden='false' data-av_icon='\ue805' data-av_iconfont='entypo-fontello' title='' data-avia-related-tooltip='Compartir por correo'><span class='avia_hidden_link_text'>Compartir por correo<\/span><\/a><\/li><\/ul><\/div><\/div>\n<div  style='height:50px' class='hr hr-invisible   avia-builder-el-8  el_after_av_social_share  el_before_av_comments_list '><span class='hr-inner ' ><span class='hr-inner-style'><\/span><\/span><\/div>\n<div  class='av-buildercomment  av-blog-meta-html-info-disabled av-blog-meta-tag-disabled  '><\/div>\n","protected":false},"excerpt":{"rendered":"","protected":false},"author":1,"featured_media":47953,"comment_status":"open","ping_status":"open","sticky":false,"template":"","format":"standard","meta":{"footnotes":""},"categories":[61],"tags":[],"class_list":["post-47952","post","type-post","status-publish","format-standard","has-post-thumbnail","hentry","category-nacional"],"jetpack_featured_media_url":"https:\/\/radiorevelacionfm.cl\/wp-content\/uploads\/2024\/11\/whatsapp-image-2024-11-12-at-13_optimized.22.55-1.jpeg","_links":{"self":[{"href":"https:\/\/radiorevelacionfm.cl\/index.php?rest_route=\/wp\/v2\/posts\/47952","targetHints":{"allow":["GET"]}}],"collection":[{"href":"https:\/\/radiorevelacionfm.cl\/index.php?rest_route=\/wp\/v2\/posts"}],"about":[{"href":"https:\/\/radiorevelacionfm.cl\/index.php?rest_route=\/wp\/v2\/types\/post"}],"author":[{"embeddable":true,"href":"https:\/\/radiorevelacionfm.cl\/index.php?rest_route=\/wp\/v2\/users\/1"}],"replies":[{"embeddable":true,"href":"https:\/\/radiorevelacionfm.cl\/index.php?rest_route=%2Fwp%2Fv2%2Fcomments&post=47952"}],"version-history":[{"count":1,"href":"https:\/\/radiorevelacionfm.cl\/index.php?rest_route=\/wp\/v2\/posts\/47952\/revisions"}],"predecessor-version":[{"id":47954,"href":"https:\/\/radiorevelacionfm.cl\/index.php?rest_route=\/wp\/v2\/posts\/47952\/revisions\/47954"}],"wp:featuredmedia":[{"embeddable":true,"href":"https:\/\/radiorevelacionfm.cl\/index.php?rest_route=\/wp\/v2\/media\/47953"}],"wp:attachment":[{"href":"https:\/\/radiorevelacionfm.cl\/index.php?rest_route=%2Fwp%2Fv2%2Fmedia&parent=47952"}],"wp:term":[{"taxonomy":"category","embeddable":true,"href":"https:\/\/radiorevelacionfm.cl\/index.php?rest_route=%2Fwp%2Fv2%2Fcategories&post=47952"},{"taxonomy":"post_tag","embeddable":true,"href":"https:\/\/radiorevelacionfm.cl\/index.php?rest_route=%2Fwp%2Fv2%2Ftags&post=47952"}],"curies":[{"name":"wp","href":"https:\/\/api.w.org\/{rel}","templated":true}]}}