{"id":47949,"date":"2024-11-13T18:06:35","date_gmt":"2024-11-13T21:06:35","guid":{"rendered":"https:\/\/radiorevelacionfm.cl\/?p=47949"},"modified":"2024-11-13T18:06:35","modified_gmt":"2024-11-13T21:06:35","slug":"controvertido-viaje-a-el-calafate-con-fondos-gore-abre-debate-en-chile-chico-sobre-como-desarrollar-el-turismo","status":"publish","type":"post","link":"https:\/\/radiorevelacionfm.cl\/?p=47949","title":{"rendered":"Controvertido viaje a El Calafate con fondos GORE abre debate en Chile Chico sobre c\u00f3mo desarrollar el turismo"},"content":{"rendered":"<div class=\"flex_column av_one_full  flex_column_div av-zero-column-padding first  avia-builder-el-0  el_before_av_one_full  avia-builder-el-first  \" style='border-radius:0px; '><div  class='avia-image-container  av-styling-    avia-builder-el-1  avia-builder-el-no-sibling  avia-align-center '  itemprop=\"image\" itemscope=\"itemscope\" itemtype=\"https:\/\/schema.org\/ImageObject\"  ><div class='avia-image-container-inner'><div class='avia-image-overlay-wrap'><img decoding=\"async\" class='wp-image-47950 avia-img-lazy-loading-not-47950 avia_image' src=\"https:\/\/radiorevelacionfm.cl\/wp-content\/uploads\/2024\/11\/Sesion-Miercoles13-de-noviembre-1-1.jpg\" alt='' title='Sesi\u00f3n Mi\u00e9rcoles13 de noviembre (1) (1)' height=\"600\" width=\"901\"  itemprop=\"thumbnailUrl\" srcset=\"https:\/\/radiorevelacionfm.cl\/wp-content\/uploads\/2024\/11\/Sesion-Miercoles13-de-noviembre-1-1.jpg 901w, https:\/\/radiorevelacionfm.cl\/wp-content\/uploads\/2024\/11\/Sesion-Miercoles13-de-noviembre-1-1-300x200.jpg 300w, https:\/\/radiorevelacionfm.cl\/wp-content\/uploads\/2024\/11\/Sesion-Miercoles13-de-noviembre-1-1-768x511.jpg 768w, https:\/\/radiorevelacionfm.cl\/wp-content\/uploads\/2024\/11\/Sesion-Miercoles13-de-noviembre-1-1-705x469.jpg 705w, https:\/\/radiorevelacionfm.cl\/wp-content\/uploads\/2024\/11\/Sesion-Miercoles13-de-noviembre-1-1-450x300.jpg 450w, https:\/\/radiorevelacionfm.cl\/wp-content\/uploads\/2024\/11\/Sesion-Miercoles13-de-noviembre-1-1-600x400.jpg 600w\" sizes=\"(max-width: 901px) 100vw, 901px\" \/><\/div><\/div><\/div><\/div><div class=\"flex_column av_one_full  flex_column_div av-zero-column-padding first  avia-builder-el-2  el_after_av_one_full  el_before_av_one_full  column-top-margin\" style='border-radius:0px; '><section class=\"av_textblock_section \"  itemscope=\"itemscope\" itemtype=\"https:\/\/schema.org\/BlogPosting\" itemprop=\"blogPost\" ><div class='avia_textblock  '   itemprop=\"text\" ><p style=\"text-align: center;\"><span style=\"font-size: 18pt;\"><b><span lang=\"ES-TRAD\">Controvertido viaje a El Calafate con fondos GORE abre debate en Chile Chico sobre c\u00f3mo desarrollar el turismo<\/span><\/b><\/span><\/p>\n<div id=\"gtx-trans\" style=\"position: absolute; left: -50px; top: 4.31534px;\">\n<div class=\"gtx-trans-icon\"><\/div>\n<\/div>\n<\/div><\/section><\/div><div class=\"flex_column av_one_full  flex_column_div av-zero-column-padding first  avia-builder-el-4  el_after_av_one_full  el_before_av_hr  column-top-margin\" style='border-radius:0px; '><section class=\"av_textblock_section \"  itemscope=\"itemscope\" itemtype=\"https:\/\/schema.org\/BlogPosting\" itemprop=\"blogPost\" ><div class='avia_textblock  '   itemprop=\"text\" ><p style=\"text-align: justify;\"><i><span lang=\"ES-TRAD\">Alcalde electo Ariel Keim junto a su colega Mario Figueroa plantearon la necesidad de que se considere en este tipo de actividades a los operadores y organizaciones del turismo, adem\u00e1s de reuniones que no sean vistas s\u00f3lo como un paseo. <\/span><\/i><i><span lang=\"ES-TRAD\">Plante\u00f3 Keim cinco temas que debieran ser considerados en la elaboraci\u00f3n de la agenda.<\/span><\/i><\/p>\n<p class=\"v1MsoNormal\" style=\"text-align: justify;\"><span lang=\"ES-TRAD\">Controversia ha generado la decisi\u00f3n de la Municipalidad de Chile Chico de organizar una gira a El Calafate con un costo de m\u00e1s de 13 millones de pesos, programada para fines de este mes. Se trata de la actividad \u00ab<i>Gira Tecnol\u00f3gica y Workshop Internacional<\/i>\u00ab, que es parte del \u00ab<i>Programa de Desarrollo Productivo en el \u00c1rea Tur\u00edstica<\/i>\u00bb del a\u00f1o 2024 que ejecuta el municipio con financiamiento del Gobierno Regional de Ays\u00e9n, por 319 millones de pesos.<\/span><\/p>\n<p class=\"v1MsoNormal\" style=\"text-align: justify;\"><span lang=\"ES-TRAD\">El viaje incluye la participaci\u00f3n de 15 personas y fue adjudicada a Turismo y Transportes TRAMAL Limitada (propiedad de Guillermo Altamirano, \u00fanico oferente), a tan s\u00f3lo seis d\u00edas de haber sido abierta el 22 de octubre. El objetivo declarado es \u00ab<i>que un grupo de l\u00edderes locales y autoridades y representantes del mundo de la empresa puedan, primero, conocer c\u00f3mo es este modelo de gesti\u00f3n tur\u00edstica a partir del lago. Y segundo, conocer c\u00f3mo esta ciudad ha logrado salir adelante con un enorme caudal de turistas a\u00f1o a a\u00f1o, a partir de la venta de este producto que se hace o se conoce a trav\u00e9s de la navegaci\u00f3n<\/i>\u00ab, se\u00f1al\u00f3 durante la\u00a0<a href=\"https:\/\/web.facebook.com\/ilustremunicipalidadchilechico\/videos\/1286553462764970\/\" target=\"_blank\" rel=\"noopener noreferrer\">sesi\u00f3n del 6 de noviembre<\/a>\u00a0el\u00a0secretario de Planificaci\u00f3n (Secplan), Pedro Dur\u00e1n.<\/span><\/p>\n<p class=\"v1MsoNormal\" style=\"text-align: justify;\"><span lang=\"ES-TRAD\">Seg\u00fan la licitaci\u00f3n el viaje se materializar\u00e1 desde el 25 al 28 de noviembre y\u00a0<\/span><a href=\"https:\/\/drive.google.com\/file\/d\/1sxrwM9fu5Dy_gNPHvw59RRf2BokvXGIp\/view?usp=sharing\" target=\"_blank\" rel=\"noopener noreferrer\"><span lang=\"ES-TRAD\">contemplar\u00e1<\/span><\/a><span lang=\"ES-TRAD\">\u00a0que la delegaci\u00f3n navegue por el glaciar Perito Moreno y participe en un tour guiado por la ciudad.\u00a0\u00a0Incluye, adem\u00e1s, los costos de transporte desde Chile Chico a El Calafate, alojamiento, alimentaci\u00f3n y una charla t\u00e9cnica sobre las embarcaciones que operan en la zona.<\/span><\/p>\n<p class=\"v1MsoNormal\" style=\"text-align: justify;\"><span lang=\"ES-TRAD\">La idea, ir viendo la posibilidad de que en el futuro privados adquieran un catamar\u00e1n para el desarrollo tur\u00edstico lacustre.<\/span><\/p>\n<p class=\"v1MsoNormal\" style=\"text-align: justify;\"><span lang=\"ES-TRAD\">Tras la presentaci\u00f3n del director de Secplan alguno\/as concejales plantearon algunas reservas sobre la gira.\u00a0\u00a0<\/span><\/p>\n<p class=\"v1MsoNormal\" style=\"text-align: justify;\"><span lang=\"ES-TRAD\">La principal apunt\u00f3 a que la agenda de actividades no consideraba reuniones con autoridades locales para conocer en forma integral la gesti\u00f3n tur\u00edstica municipal, en circunstancias que El Calafate es un referente en la materia.\u00a0<\/span><\/p>\n<p class=\"v1MsoNormal\" style=\"text-align: justify;\"><span lang=\"ES-TRAD\">Asimismo, se repar\u00f3 en la lista de las y los convocados, que inclu\u00edan a ese momento al\u00a0director de Obras Portuarias, el\u00a0seremi de Transportes, el\u00a0alcalde electo,\u00a0dos concejales, un\u00a0representante del turismo de Puerto Bertrand, y las empresas\u00a0Transal\u00a0y\u00a0Naviera Austral\u00a0en calidad de posibles inversionistas.\u00a0\u00a0Junto a ellos, el\u00a0presidente de la C\u00e1mara de Turismo de Chile Chico, un\u00a0consejero regional y a la vez empresario de medios de Coyhaique, un\u00a0funcionario de Turismo de Los Antiguos, el propio\u00a0director de Secplan\u00a0adem\u00e1s de la\u00a0funcionaria que trabaja para el\u00a0programa de turismo,\u00a0y\u00a0una\u00a0profesional del \u00e1rea en Chile Chico.\u00a0\u00a0Parad\u00f3jicamente tambi\u00e9n se consideraba como parte de la delegaci\u00f3n al\u00a0propio empresario que se adjudic\u00f3 la licitaci\u00f3n.<\/span><\/p>\n<p class=\"v1MsoNormal\" style=\"text-align: justify;\"><span lang=\"ES-TRAD\">Por ello los concejales apuntaron a la complejidad de que en la conformaci\u00f3n del listado de participantes no se considerase a representantes de las organizaciones de turismo de las localidades del interior, m\u00e1s a\u00fan siendo varios cupos copados por funcionarios regionales que pueden concurrir con sus medios institucionales, situaci\u00f3n en que se encontrar\u00edan tambi\u00e9n los posibles inversionistas.<\/span><\/p>\n<p class=\"v1MsoNormal\" style=\"text-align: justify;\"><span lang=\"ES-TRAD\">Ante esto, se acord\u00f3 revisar el listado y priorizar la invitaci\u00f3n a actores del turismo del territorio, como una forma de ampliar el \u00e1mbito de acci\u00f3n. As\u00ed lo plante\u00f3 Mario Figueroa, quien se\u00f1al\u00f3 que \u00ab<i>hemos sido testigos de cosas innovadoras.\u00a0\u00a0Hoy tengo la posibilidad como comunicador radial tambi\u00e9n de participar en un programa de Cocina Huella Cero. Es incre\u00edble cuando preparamos nuestros alimentos la cantidad de desechos que generamos<\/i>\u00ab, en alusi\u00f3n al trabajo que desde la Corporaci\u00f3n Chelenko se est\u00e1 llevando en torno a un turismo sustentable.\u00a0\u00a0\u00ab<i>Hoy d\u00eda en Puerto Guadal hay una semillita que ya est\u00e1 brotando y ser\u00eda lindo considerarlos a ellos tambi\u00e9n<\/i>\u00bb puntualiz\u00f3, agregando que en esta gira debiera incluirse tambi\u00e9n a representantes de la comuna de R\u00edo Ib\u00e1\u00f1ez por ser parte de la misma cuenca.<\/span><\/p>\n<p class=\"v1MsoNormal\" style=\"text-align: justify;\"><span lang=\"ES-TRAD\">Es as\u00ed que se acord\u00f3 modificar la lista para incorporar dichos criterios, la cual se entreg\u00f3 este mi\u00e9rcoles con ajustes que se acercaron m\u00e1s a la solicitud hecha por los representantes comunales.<\/span><\/p>\n<p class=\"v1MsoNormal\" style=\"text-align: justify;\"><strong><span lang=\"ES-TRAD\">Sentido de la gira tecnol\u00f3gica<\/span><\/strong><\/p>\n<p class=\"v1MsoNormal\" style=\"text-align: justify;\"><span lang=\"ES-TRAD\">Un aspecto que fue relevado por el futuro alcalde Ariel Keim fue que se aprovechara la ocasi\u00f3n para ver otros temas, ya que aunque es relevante la posibilidad de operar un catamar\u00e1n en el lago General Carrera se deben considerar otros temas.\u00a0\u00a0\u00a0M\u00e1s a\u00fan cuando, si no se arma una agenda que valga la pena, da la impresi\u00f3n de que \u00ab<i>vamos a pasear<\/i>\u00bb dijo el futuro edil.<\/span><\/p>\n<p class=\"v1MsoNormal\" style=\"text-align: justify;\"><span lang=\"ES-TRAD\">En su visi\u00f3n, son cinco las materias que se debieran considerar en la gira tecnol\u00f3gica a El Calafate.\u00a0\u00a0<\/span><\/p>\n<p class=\"v1MsoNormal\" style=\"text-align: justify;\"><span lang=\"ES-TRAD\">Una de ellas es la \u00ab<i>accesibilidad y la conectividad internacional<\/i><i>.\u00a0\u00a0C\u00f3mo podemos potenciar nuestra ubicaci\u00f3n, siendo que somos frontera. El Calafate ha avanzado mucho tambi\u00e9n en raz\u00f3n de eso<\/i>\u00ab.\u00a0\u00a0Otro aspecto fue \u00ab<i>la\u00a0estrategia de marketing y promoci\u00f3n. El Calafate hoy d\u00eda se vende de manera extraordinaria. Eso tendr\u00edamos que observar nosotros como Concejo<\/i>\u00ab.\u00a0\u00a0Agreg\u00f3 un proceso de\u00a0capacitaci\u00f3n a los gu\u00edas de turismo,\u00a0diversificaci\u00f3n de atractivos\u00a0y\u00a0fortalecimiento tecnol\u00f3gico, ya que \u00ab<i>Calafate hoy d\u00eda tiene tecnolog\u00edas que son sumamente amigables. Yo los invito a tomar su celular, hay aplicaciones donde dice d\u00f3nde almorzar.\u00a0\u00a0Te sale todo. \u00bfCu\u00e1ntos ni\u00f1os son? Puedes hasta reservar tu mesa desde una aplicaci\u00f3n<\/i>\u00ab.\u00a0<\/span><\/p>\n<p class=\"v1MsoNormal\" style=\"text-align: justify;\"><span lang=\"ES-TRAD\">Por ello, plante\u00f3 que esta gira debiera considerar estos aspectos para ser m\u00e1s provechosa.\u00a0\u00a0De otra forma, \u00ab<i>va a quedar en una bonita fotograf\u00eda, en un bonito concepto como tantos otros que hoy d\u00eda, lamentablemente, vemos ah\u00ed arrumbados a orillas del desag\u00fce (<\/i>del lago General Carrera, en alusi\u00f3n a la central hidrocin\u00e9tica impulsada por Luperciano Mu\u00f1oz que desde hace meses est\u00e1 sin conexi\u00f3n ni operaci\u00f3n en el sector El Ca\u00f1al<i>) que era una muy buena iniciativa y hoy d\u00eda nadie habla de eso. Entonces, no queremos buenas fotograf\u00edas en el diario, queremos que la gente vea que en realidad estamos avanzando<\/i>\u00ab.<\/span><\/p>\n<p class=\"v1MsoNormal\" style=\"text-align: justify;\"><span lang=\"ES-TRAD\">Durante la\u00a0<a href=\"https:\/\/web.facebook.com\/watch\/live\/?ref=notif&amp;v=3834060533502122&amp;notif_id=1731499347311902&amp;notif_t=live_video\" target=\"_blank\" rel=\"noopener noreferrer\">sesi\u00f3n de este mi\u00e9rcoles 13 de noviembre<\/a>\u00a0se actualiz\u00f3 el listado, aunque a\u00fan no se informaba la modificaci\u00f3n de la agenda, por tanto Ariel Keim reiter\u00f3 que si no se cambia la agenda para que sea de verdad de trabajo provechoso, se restar\u00eda de concurrir.\u00a0\u00a0<\/span><\/p>\n<p class=\"v1MsoNormal\" style=\"text-align: justify;\"><span lang=\"ES-TRAD\">En la oportunidad tambi\u00e9n se plante\u00f3 que es necesario que este tipo de programas sean elaborados y socializados con los agentes y organizaciones del turismo.\u00a0\u00a0En el programa del a\u00f1o 2024 son casi 320 millones los que se contempla invertir, pero para 2025 la Municipalidad de Chile Chico est\u00e1 solicitando mil millones de pesos, programa a\u00fan desconocido en detalle tanto por las y los concejales como por los propios actores del turismo comunal, que s\u00f3lo son informados cuando estas iniciativas ya est\u00e1n en curso.<\/span><\/p>\n<\/div><\/section><\/div><div  style='height:50px' class='hr hr-invisible   avia-builder-el-6  el_after_av_one_full  el_before_av_social_share '><span class='hr-inner ' ><span class='hr-inner-style'><\/span><\/span><\/div><\/p>\n<div  class='av-social-sharing-box  avia-builder-el-7  el_after_av_hr  el_before_av_hr  '><div class='av-share-box'><h5 class='av-share-link-description av-no-toc '>Compartir esta noticia<\/h5><ul class='av-share-box-list noLightbox'><li class='av-share-link av-social-link-facebook' ><a target=\"_blank\" aria-label=\"Compartir en Facebook\" href='https:\/\/www.facebook.com\/sharer.php?u=https:\/\/radiorevelacionfm.cl\/?p=47949&#038;t=Controvertido%20viaje%20a%20El%20Calafate%20con%20fondos%20GORE%20abre%20debate%20en%20Chile%20Chico%20sobre%20c%C3%B3mo%20desarrollar%20el%20turismo' aria-hidden='false' data-av_icon='\ue8f3' data-av_iconfont='entypo-fontello' title='' data-avia-related-tooltip='Compartir en Facebook' rel=\"noopener\"><span class='avia_hidden_link_text'>Compartir en Facebook<\/span><\/a><\/li><li class='av-share-link av-social-link-twitter' ><a target=\"_blank\" aria-label=\"Compartir en Twitter\" href='https:\/\/twitter.com\/share?text=Controvertido%20viaje%20a%20El%20Calafate%20con%20fondos%20GORE%20abre%20debate%20en%20Chile%20Chico%20sobre%20c%C3%B3mo%20desarrollar%20el%20turismo&#038;url=https:\/\/radiorevelacionfm.cl\/?p=47949' aria-hidden='false' data-av_icon='\ue8f1' data-av_iconfont='entypo-fontello' title='' data-avia-related-tooltip='Compartir en Twitter' rel=\"noopener\"><span class='avia_hidden_link_text'>Compartir en Twitter<\/span><\/a><\/li><li class='av-share-link av-social-link-whatsapp' ><a target=\"_blank\" aria-label=\"Compartir en Whatsapp\" href='https:\/\/api.whatsapp.com\/send?text=https:\/\/radiorevelacionfm.cl\/?p=47949' aria-hidden='false' data-av_icon='\uf232' data-av_iconfont='entypo-fontello' title='' data-avia-related-tooltip='Compartir en Whatsapp' rel=\"noopener\"><span class='avia_hidden_link_text'>Compartir en Whatsapp<\/span><\/a><\/li><li class='av-share-link av-social-link-linkedin' ><a target=\"_blank\" aria-label=\"Compartir en LinkedIn\" href='https:\/\/linkedin.com\/shareArticle?mini=true&#038;title=Controvertido%20viaje%20a%20El%20Calafate%20con%20fondos%20GORE%20abre%20debate%20en%20Chile%20Chico%20sobre%20c%C3%B3mo%20desarrollar%20el%20turismo&#038;url=https:\/\/radiorevelacionfm.cl\/?p=47949' aria-hidden='false' data-av_icon='\ue8fc' data-av_iconfont='entypo-fontello' title='' data-avia-related-tooltip='Compartir en LinkedIn' rel=\"noopener\"><span class='avia_hidden_link_text'>Compartir en LinkedIn<\/span><\/a><\/li><li class='av-share-link av-social-link-mail' ><a  aria-label=\"Compartir por correo\" href='mailto:?subject=Controvertido%20viaje%20a%20El%20Calafate%20con%20fondos%20GORE%20abre%20debate%20en%20Chile%20Chico%20sobre%20c%C3%B3mo%20desarrollar%20el%20turismo&#038;body=https:\/\/radiorevelacionfm.cl\/?p=47949' aria-hidden='false' data-av_icon='\ue805' data-av_iconfont='entypo-fontello' title='' data-avia-related-tooltip='Compartir por correo'><span class='avia_hidden_link_text'>Compartir por correo<\/span><\/a><\/li><\/ul><\/div><\/div>\n<div  style='height:50px' class='hr hr-invisible   avia-builder-el-8  el_after_av_social_share  el_before_av_comments_list '><span class='hr-inner ' ><span class='hr-inner-style'><\/span><\/span><\/div>\n<div  class='av-buildercomment  av-blog-meta-html-info-disabled av-blog-meta-tag-disabled  '><\/div>\n","protected":false},"excerpt":{"rendered":"","protected":false},"author":1,"featured_media":47950,"comment_status":"open","ping_status":"open","sticky":false,"template":"","format":"standard","meta":{"footnotes":""},"categories":[38],"tags":[],"class_list":["post-47949","post","type-post","status-publish","format-standard","has-post-thumbnail","hentry","category-regional"],"jetpack_featured_media_url":"https:\/\/radiorevelacionfm.cl\/wp-content\/uploads\/2024\/11\/Sesion-Miercoles13-de-noviembre-1-1.jpg","_links":{"self":[{"href":"https:\/\/radiorevelacionfm.cl\/index.php?rest_route=\/wp\/v2\/posts\/47949","targetHints":{"allow":["GET"]}}],"collection":[{"href":"https:\/\/radiorevelacionfm.cl\/index.php?rest_route=\/wp\/v2\/posts"}],"about":[{"href":"https:\/\/radiorevelacionfm.cl\/index.php?rest_route=\/wp\/v2\/types\/post"}],"author":[{"embeddable":true,"href":"https:\/\/radiorevelacionfm.cl\/index.php?rest_route=\/wp\/v2\/users\/1"}],"replies":[{"embeddable":true,"href":"https:\/\/radiorevelacionfm.cl\/index.php?rest_route=%2Fwp%2Fv2%2Fcomments&post=47949"}],"version-history":[{"count":1,"href":"https:\/\/radiorevelacionfm.cl\/index.php?rest_route=\/wp\/v2\/posts\/47949\/revisions"}],"predecessor-version":[{"id":47951,"href":"https:\/\/radiorevelacionfm.cl\/index.php?rest_route=\/wp\/v2\/posts\/47949\/revisions\/47951"}],"wp:featuredmedia":[{"embeddable":true,"href":"https:\/\/radiorevelacionfm.cl\/index.php?rest_route=\/wp\/v2\/media\/47950"}],"wp:attachment":[{"href":"https:\/\/radiorevelacionfm.cl\/index.php?rest_route=%2Fwp%2Fv2%2Fmedia&parent=47949"}],"wp:term":[{"taxonomy":"category","embeddable":true,"href":"https:\/\/radiorevelacionfm.cl\/index.php?rest_route=%2Fwp%2Fv2%2Fcategories&post=47949"},{"taxonomy":"post_tag","embeddable":true,"href":"https:\/\/radiorevelacionfm.cl\/index.php?rest_route=%2Fwp%2Fv2%2Ftags&post=47949"}],"curies":[{"name":"wp","href":"https:\/\/api.w.org\/{rel}","templated":true}]}}