{"id":47946,"date":"2024-11-14T09:47:02","date_gmt":"2024-11-14T12:47:02","guid":{"rendered":"https:\/\/radiorevelacionfm.cl\/?p=47946"},"modified":"2024-11-14T09:47:02","modified_gmt":"2024-11-14T12:47:02","slug":"invitan-a-participar-de-actividades-del-dia-de-los-patrimonios-a-ninos-y-adolescentes-este-fin-de-semana","status":"publish","type":"post","link":"https:\/\/radiorevelacionfm.cl\/?p=47946","title":{"rendered":"Invitan a participar de actividades del D\u00eda de los Patrimonios a ni\u00f1os y adolescentes, este fin de semana"},"content":{"rendered":"<div class=\"flex_column av_one_full  flex_column_div av-zero-column-padding first  avia-builder-el-0  el_before_av_one_full  avia-builder-el-first  \" style='border-radius:0px; '><div  class='avia-image-container  av-styling-    avia-builder-el-1  avia-builder-el-no-sibling  avia-align-center '  itemprop=\"image\" itemscope=\"itemscope\" itemtype=\"https:\/\/schema.org\/ImageObject\"  ><div class='avia-image-container-inner'><div class='avia-image-overlay-wrap'><img decoding=\"async\" class='wp-image-47947 avia-img-lazy-loading-not-47947 avia_image' src=\"https:\/\/radiorevelacionfm.cl\/wp-content\/uploads\/2024\/11\/ven-a-conocer-el-bibliobus-1-1_optimized-1.jpg\" alt='' title='ven-a-conocer-el-bibliob\u00fas-(1)-(1)_optimized (1)' height=\"1000\" width=\"800\"  itemprop=\"thumbnailUrl\" srcset=\"https:\/\/radiorevelacionfm.cl\/wp-content\/uploads\/2024\/11\/ven-a-conocer-el-bibliobus-1-1_optimized-1.jpg 800w, https:\/\/radiorevelacionfm.cl\/wp-content\/uploads\/2024\/11\/ven-a-conocer-el-bibliobus-1-1_optimized-1-240x300.jpg 240w, https:\/\/radiorevelacionfm.cl\/wp-content\/uploads\/2024\/11\/ven-a-conocer-el-bibliobus-1-1_optimized-1-768x960.jpg 768w, https:\/\/radiorevelacionfm.cl\/wp-content\/uploads\/2024\/11\/ven-a-conocer-el-bibliobus-1-1_optimized-1-564x705.jpg 564w, https:\/\/radiorevelacionfm.cl\/wp-content\/uploads\/2024\/11\/ven-a-conocer-el-bibliobus-1-1_optimized-1-450x563.jpg 450w, https:\/\/radiorevelacionfm.cl\/wp-content\/uploads\/2024\/11\/ven-a-conocer-el-bibliobus-1-1_optimized-1-600x750.jpg 600w\" sizes=\"(max-width: 800px) 100vw, 800px\" \/><\/div><\/div><\/div><\/div><div class=\"flex_column av_one_full  flex_column_div av-zero-column-padding first  avia-builder-el-2  el_after_av_one_full  el_before_av_one_full  column-top-margin\" style='border-radius:0px; '><section class=\"av_textblock_section \"  itemscope=\"itemscope\" itemtype=\"https:\/\/schema.org\/BlogPosting\" itemprop=\"blogPost\" ><div class='avia_textblock  '   itemprop=\"text\" ><p style=\"text-align: center;\"><strong><span style=\"font-size: 18pt;\">Invitan a participar de actividades del D\u00eda de los Patrimonios a ni\u00f1os y adolescentes, este fin de semana<\/span><\/strong><\/p>\n<div id=\"gtx-trans\" style=\"position: absolute; left: -50px; top: 4.31534px;\">\n<div class=\"gtx-trans-icon\"><\/div>\n<\/div>\n<\/div><\/section><\/div><div class=\"flex_column av_one_full  flex_column_div av-zero-column-padding first  avia-builder-el-4  el_after_av_one_full  el_before_av_hr  column-top-margin\" style='border-radius:0px; '><section class=\"av_textblock_section \"  itemscope=\"itemscope\" itemtype=\"https:\/\/schema.org\/BlogPosting\" itemprop=\"blogPost\" ><div class='avia_textblock  '   itemprop=\"text\" ><p style=\"text-align: justify;\">Biblioteca Regional de Ays\u00e9n, en el contexto del\u00a0D\u00eda de los Patrimonios invita a ni\u00f1as, ni\u00f1os y adolescentes,\u00a0este s\u00e1bado 16 de noviembre de 2024 a participar de actividades a desarrollarse en la ciudad de Coyhaique.<\/p>\n<p style=\"text-align: justify;\">La actividad <strong>\u201cVen a conocer el Bibliob\u00fas Ays\u00e9n\u201d<\/strong> se realizar\u00e1\u00a0 este s\u00e1bado 16 de noviembre de 11:00 a 15:00 horas, en el Frontis Biblioteca Regional de Ays\u00e9n, ubicada en calle Cochrane 233, Coyhaique.<\/p>\n<p style=\"text-align: justify;\">Si a\u00fan no lo conoces o te gustar\u00eda visitarlo, esta es la oportunidad de conocer el Bibliob\u00fas Ays\u00e9n, que estar\u00e1 en el frontis de la Biblioteca Regional de Ays\u00e9n. Podr\u00e1s subirte a esta biblioteca m\u00f3vil, hacerte socio (a), llevar libros en pr\u00e9stamos, leer cuentos y participar en un taller de fanzine dirigido a ni\u00f1os, ni\u00f1as y adolescentes.<\/p>\n<p style=\"text-align: justify;\">Otra de las actividades programadas para este fin de semana es <strong>\u201cEl juego del Truco en Ays\u00e9n\u201d<\/strong>, la cual se desarrollara el s\u00e1bado 16 de noviembre a las 15:30 horas, en el Piso 1 de la Biblioteca Regional de Ays\u00e9n. Ubicada en calle Cochrane 233, Coyhaique.<\/p>\n<p style=\"text-align: justify;\">Si tienes entre 12 a 17 a\u00f1os y te gustar\u00eda saber m\u00e1s sobre el juego del Truco, te invitamos este s\u00e1bado 16 de noviembre a las 15:30 horas en la Biblioteca Regional de Ays\u00e9n,\u00a0donde podr\u00e1s conocer m\u00e1s sobre las variantes aiseninas, historia y presencia de este juego en la literatura.\u00a0Tambi\u00e9n habr\u00e1 oportunidad de jugar ruedas de cuatro o seis personas, y se regalar\u00e1n naipes a las y los adolescentes participantes.<\/p>\n<p>Nos acompa\u00f1ar\u00e1 Viterbo Aguilar, autor del libro \u00abEl juego del Truco en Ays\u00e9n\u00bb.<\/p>\n<p style=\"text-align: justify;\">Todas las actividades del D\u00eda de los Patrimonios para ni\u00f1as, ni\u00f1os y adolescentes son gratuitas. Puedes revisarlas para programar tus visitas en <a href=\"http:\/\/www.diadelospatrimonios.cl\/\">www.diadelospatrimonios.cl<\/a><\/p>\n<\/div><\/section><\/div><div  style='height:50px' class='hr hr-invisible   avia-builder-el-6  el_after_av_one_full  el_before_av_social_share '><span class='hr-inner ' ><span class='hr-inner-style'><\/span><\/span><\/div><\/p>\n<div  class='av-social-sharing-box  avia-builder-el-7  el_after_av_hr  el_before_av_hr  '><div class='av-share-box'><h5 class='av-share-link-description av-no-toc '>Compartir esta noticia<\/h5><ul class='av-share-box-list noLightbox'><li class='av-share-link av-social-link-facebook' ><a target=\"_blank\" aria-label=\"Compartir en Facebook\" href='https:\/\/www.facebook.com\/sharer.php?u=https:\/\/radiorevelacionfm.cl\/?p=47946&#038;t=Invitan%20a%20participar%20de%20actividades%20del%20D%C3%ADa%20de%20los%20Patrimonios%20a%20ni%C3%B1os%20y%20adolescentes%2C%20este%20fin%20de%20semana' aria-hidden='false' data-av_icon='\ue8f3' data-av_iconfont='entypo-fontello' title='' data-avia-related-tooltip='Compartir en Facebook' rel=\"noopener\"><span class='avia_hidden_link_text'>Compartir en Facebook<\/span><\/a><\/li><li class='av-share-link av-social-link-twitter' ><a target=\"_blank\" aria-label=\"Compartir en Twitter\" href='https:\/\/twitter.com\/share?text=Invitan%20a%20participar%20de%20actividades%20del%20D%C3%ADa%20de%20los%20Patrimonios%20a%20ni%C3%B1os%20y%20adolescentes%2C%20este%20fin%20de%20semana&#038;url=https:\/\/radiorevelacionfm.cl\/?p=47946' aria-hidden='false' data-av_icon='\ue8f1' data-av_iconfont='entypo-fontello' title='' data-avia-related-tooltip='Compartir en Twitter' rel=\"noopener\"><span class='avia_hidden_link_text'>Compartir en Twitter<\/span><\/a><\/li><li class='av-share-link av-social-link-whatsapp' ><a target=\"_blank\" aria-label=\"Compartir en Whatsapp\" href='https:\/\/api.whatsapp.com\/send?text=https:\/\/radiorevelacionfm.cl\/?p=47946' aria-hidden='false' data-av_icon='\uf232' data-av_iconfont='entypo-fontello' title='' data-avia-related-tooltip='Compartir en Whatsapp' rel=\"noopener\"><span class='avia_hidden_link_text'>Compartir en Whatsapp<\/span><\/a><\/li><li class='av-share-link av-social-link-linkedin' ><a target=\"_blank\" aria-label=\"Compartir en LinkedIn\" href='https:\/\/linkedin.com\/shareArticle?mini=true&#038;title=Invitan%20a%20participar%20de%20actividades%20del%20D%C3%ADa%20de%20los%20Patrimonios%20a%20ni%C3%B1os%20y%20adolescentes%2C%20este%20fin%20de%20semana&#038;url=https:\/\/radiorevelacionfm.cl\/?p=47946' aria-hidden='false' data-av_icon='\ue8fc' data-av_iconfont='entypo-fontello' title='' data-avia-related-tooltip='Compartir en LinkedIn' rel=\"noopener\"><span class='avia_hidden_link_text'>Compartir en LinkedIn<\/span><\/a><\/li><li class='av-share-link av-social-link-mail' ><a  aria-label=\"Compartir por correo\" href='mailto:?subject=Invitan%20a%20participar%20de%20actividades%20del%20D%C3%ADa%20de%20los%20Patrimonios%20a%20ni%C3%B1os%20y%20adolescentes%2C%20este%20fin%20de%20semana&#038;body=https:\/\/radiorevelacionfm.cl\/?p=47946' aria-hidden='false' data-av_icon='\ue805' data-av_iconfont='entypo-fontello' title='' data-avia-related-tooltip='Compartir por correo'><span class='avia_hidden_link_text'>Compartir por correo<\/span><\/a><\/li><\/ul><\/div><\/div>\n<div  style='height:50px' class='hr hr-invisible   avia-builder-el-8  el_after_av_social_share  el_before_av_comments_list '><span class='hr-inner ' ><span class='hr-inner-style'><\/span><\/span><\/div>\n<div  class='av-buildercomment  av-blog-meta-html-info-disabled av-blog-meta-tag-disabled  '><\/div>\n","protected":false},"excerpt":{"rendered":"","protected":false},"author":1,"featured_media":47947,"comment_status":"open","ping_status":"open","sticky":false,"template":"","format":"standard","meta":{"footnotes":""},"categories":[52],"tags":[],"class_list":["post-47946","post","type-post","status-publish","format-standard","has-post-thumbnail","hentry","category-cultura"],"jetpack_featured_media_url":"https:\/\/radiorevelacionfm.cl\/wp-content\/uploads\/2024\/11\/ven-a-conocer-el-bibliobus-1-1_optimized-1.jpg","_links":{"self":[{"href":"https:\/\/radiorevelacionfm.cl\/index.php?rest_route=\/wp\/v2\/posts\/47946","targetHints":{"allow":["GET"]}}],"collection":[{"href":"https:\/\/radiorevelacionfm.cl\/index.php?rest_route=\/wp\/v2\/posts"}],"about":[{"href":"https:\/\/radiorevelacionfm.cl\/index.php?rest_route=\/wp\/v2\/types\/post"}],"author":[{"embeddable":true,"href":"https:\/\/radiorevelacionfm.cl\/index.php?rest_route=\/wp\/v2\/users\/1"}],"replies":[{"embeddable":true,"href":"https:\/\/radiorevelacionfm.cl\/index.php?rest_route=%2Fwp%2Fv2%2Fcomments&post=47946"}],"version-history":[{"count":1,"href":"https:\/\/radiorevelacionfm.cl\/index.php?rest_route=\/wp\/v2\/posts\/47946\/revisions"}],"predecessor-version":[{"id":47948,"href":"https:\/\/radiorevelacionfm.cl\/index.php?rest_route=\/wp\/v2\/posts\/47946\/revisions\/47948"}],"wp:featuredmedia":[{"embeddable":true,"href":"https:\/\/radiorevelacionfm.cl\/index.php?rest_route=\/wp\/v2\/media\/47947"}],"wp:attachment":[{"href":"https:\/\/radiorevelacionfm.cl\/index.php?rest_route=%2Fwp%2Fv2%2Fmedia&parent=47946"}],"wp:term":[{"taxonomy":"category","embeddable":true,"href":"https:\/\/radiorevelacionfm.cl\/index.php?rest_route=%2Fwp%2Fv2%2Fcategories&post=47946"},{"taxonomy":"post_tag","embeddable":true,"href":"https:\/\/radiorevelacionfm.cl\/index.php?rest_route=%2Fwp%2Fv2%2Ftags&post=47946"}],"curies":[{"name":"wp","href":"https:\/\/api.w.org\/{rel}","templated":true}]}}