{"id":47941,"date":"2024-11-13T16:07:21","date_gmt":"2024-11-13T19:07:21","guid":{"rendered":"https:\/\/radiorevelacionfm.cl\/?p=47941"},"modified":"2024-11-13T16:07:21","modified_gmt":"2024-11-13T19:07:21","slug":"lineas-aereas-y-paro-de-la-dgac-afectacion-de-vuelos-alcanza-mas-del-80-y-cerca-de-15-000-pasajeros-han-sido-perjudicados","status":"publish","type":"post","link":"https:\/\/radiorevelacionfm.cl\/?p=47941","title":{"rendered":"L\u00edneas A\u00e9reas y Paro de la DGAC: \u201cAfectaci\u00f3n de vuelos alcanza m\u00e1s del 80% y cerca de 15.000 pasajeros han sido perjudicados\u201d"},"content":{"rendered":"<div class=\"flex_column av_one_full  flex_column_div av-zero-column-padding first  avia-builder-el-0  el_before_av_one_full  avia-builder-el-first  \" style='border-radius:0px; '><div  class='avia-image-container  av-styling-    avia-builder-el-1  avia-builder-el-no-sibling  avia-align-center '  itemprop=\"image\" itemscope=\"itemscope\" itemtype=\"https:\/\/schema.org\/ImageObject\"  ><div class='avia-image-container-inner'><div class='avia-image-overlay-wrap'><img decoding=\"async\" class='wp-image-6083 avia-img-lazy-loading-not-6083 avia_image' src=\"https:\/\/radiorevelacionfm.cl\/wp-content\/uploads\/2021\/07\/Aeropuerto-Balmaceda01-1.jpg\" alt='' title='Aeropuerto Balmaceda01 (1)' height=\"624\" width=\"1024\"  itemprop=\"thumbnailUrl\" srcset=\"https:\/\/radiorevelacionfm.cl\/wp-content\/uploads\/2021\/07\/Aeropuerto-Balmaceda01-1.jpg 1024w, https:\/\/radiorevelacionfm.cl\/wp-content\/uploads\/2021\/07\/Aeropuerto-Balmaceda01-1-300x183.jpg 300w, https:\/\/radiorevelacionfm.cl\/wp-content\/uploads\/2021\/07\/Aeropuerto-Balmaceda01-1-768x468.jpg 768w, https:\/\/radiorevelacionfm.cl\/wp-content\/uploads\/2021\/07\/Aeropuerto-Balmaceda01-1-705x430.jpg 705w, https:\/\/radiorevelacionfm.cl\/wp-content\/uploads\/2021\/07\/Aeropuerto-Balmaceda01-1-600x366.jpg 600w\" sizes=\"(max-width: 1024px) 100vw, 1024px\" \/><\/div><\/div><\/div><\/div><div class=\"flex_column av_one_full  flex_column_div av-zero-column-padding first  avia-builder-el-2  el_after_av_one_full  el_before_av_one_full  column-top-margin\" style='border-radius:0px; '><section class=\"av_textblock_section \"  itemscope=\"itemscope\" itemtype=\"https:\/\/schema.org\/BlogPosting\" itemprop=\"blogPost\" ><div class='avia_textblock  '   itemprop=\"text\" ><p style=\"text-align: center;\"><strong><span style=\"font-size: 18pt;\">L\u00edneas A\u00e9reas y Paro de la DGAC: \u201cAfectaci\u00f3n de vuelos alcanza m\u00e1s del 80% y cerca de 15.000 pasajeros han sido perjudicados\u201d<\/span><\/strong><\/p>\n<div id=\"gtx-trans\" style=\"position: absolute; left: -50px; top: 4.31534px;\">\n<div class=\"gtx-trans-icon\"><\/div>\n<\/div>\n<\/div><\/section><\/div><div class=\"flex_column av_one_full  flex_column_div av-zero-column-padding first  avia-builder-el-4  el_after_av_one_full  el_before_av_hr  column-top-margin\" style='border-radius:0px; '><section class=\"av_textblock_section \"  itemscope=\"itemscope\" itemtype=\"https:\/\/schema.org\/BlogPosting\" itemprop=\"blogPost\" ><div class='avia_textblock  '   itemprop=\"text\" ><p style=\"text-align: justify;\">La Asociaci\u00f3n Chilena de L\u00edneas A\u00e9reas (ACHILA), rechaz\u00f3 el paro realizado por los funcionarios de la Direcci\u00f3n General de Aeron\u00e1utica Civil (DGAC), y manifest\u00f3 que es urgente que las autoridades adopten las medidas necesarias para que la situaci\u00f3n como la vivida hoy en los aeropuertos del pa\u00eds, y particularmente en el terminal de Santiago, no vuelva a repetirse.<\/p>\n<p style=\"text-align: justify;\">\u201cLas autoridades informaron ayer que esta movilizaci\u00f3n no afectar\u00eda gravemente los servicios porque se tratar\u00eda solamente de una \u2018ralentizaci\u00f3n de las operaciones\u2019. Pues bien, lo que hemos visto hoy es una paralizaci\u00f3n de facto que ha producido una grave alteraci\u00f3n de los servicios, lo que ha perjudicado a miles de pasajeros y a las l\u00edneas a\u00e9reas que no han podido prestar los servicios con normalidad. A las 14:00 hrs de hoy las aerol\u00edneas dom\u00e9sticas registraban m\u00e1s del 80% de afectaci\u00f3n en sus operaciones y cuantificaban al menos 15.000 pasajeros afectados s\u00f3lo por efectos de cancelaciones de vuelos, sin considerar aquellos que han sufrido demoras.<\/p>\n<p style=\"text-align: justify;\">No nos parece admisible que un grupo de presi\u00f3n genere un da\u00f1o de esta proporci\u00f3n a la conectividad del pa\u00eds, paralizando en los hechos la mayor\u00eda de los vuelos, causando serias dificultades en los terminales a\u00e9reos de todo Chile y especialmente en el aeropuerto de Santiago.\u00a0 Hoy ha habido muchas personas que no han podido llegar a sus destinos, lo que es un perjuicio inmerecido.<\/p>\n<p style=\"text-align: justify;\">Es indispensable que las autoridades adopten las medidas regulatorias para garantizar siempre, y bajo cualquier circunstancia, la plena normalidad de la conectividad a\u00e9rea, que es un servicio estrat\u00e9gico en todos los pa\u00edses\u201d, expres\u00f3 Carolina Simonetti, gerente general de ACHILA.<\/p>\n<\/div><\/section><\/div><div  style='height:50px' class='hr hr-invisible   avia-builder-el-6  el_after_av_one_full  el_before_av_social_share '><span class='hr-inner ' ><span class='hr-inner-style'><\/span><\/span><\/div><\/p>\n<div  class='av-social-sharing-box  avia-builder-el-7  el_after_av_hr  el_before_av_hr  '><div class='av-share-box'><h5 class='av-share-link-description av-no-toc '>Compartir esta noticia<\/h5><ul class='av-share-box-list noLightbox'><li class='av-share-link av-social-link-facebook' ><a target=\"_blank\" aria-label=\"Compartir en Facebook\" href='https:\/\/www.facebook.com\/sharer.php?u=https:\/\/radiorevelacionfm.cl\/?p=47941&#038;t=L%C3%ADneas%20A%C3%A9reas%20y%20Paro%20de%20la%20DGAC%3A%20%E2%80%9CAfectaci%C3%B3n%20de%20vuelos%20alcanza%20m%C3%A1s%20del%2080%25%20y%20cerca%20de%2015.000%20pasajeros%20han%20sido%20perjudicados%E2%80%9D' aria-hidden='false' data-av_icon='\ue8f3' data-av_iconfont='entypo-fontello' title='' data-avia-related-tooltip='Compartir en Facebook' rel=\"noopener\"><span class='avia_hidden_link_text'>Compartir en Facebook<\/span><\/a><\/li><li class='av-share-link av-social-link-twitter' ><a target=\"_blank\" aria-label=\"Compartir en Twitter\" href='https:\/\/twitter.com\/share?text=L%C3%ADneas%20A%C3%A9reas%20y%20Paro%20de%20la%20DGAC%3A%20%E2%80%9CAfectaci%C3%B3n%20de%20vuelos%20alcanza%20m%C3%A1s%20del%2080%25%20y%20cerca%20de%2015.000%20pasajeros%20han%20sido%20perjudicados%E2%80%9D&#038;url=https:\/\/radiorevelacionfm.cl\/?p=47941' aria-hidden='false' data-av_icon='\ue8f1' data-av_iconfont='entypo-fontello' title='' data-avia-related-tooltip='Compartir en Twitter' rel=\"noopener\"><span class='avia_hidden_link_text'>Compartir en Twitter<\/span><\/a><\/li><li class='av-share-link av-social-link-whatsapp' ><a target=\"_blank\" aria-label=\"Compartir en Whatsapp\" href='https:\/\/api.whatsapp.com\/send?text=https:\/\/radiorevelacionfm.cl\/?p=47941' aria-hidden='false' data-av_icon='\uf232' data-av_iconfont='entypo-fontello' title='' data-avia-related-tooltip='Compartir en Whatsapp' rel=\"noopener\"><span class='avia_hidden_link_text'>Compartir en Whatsapp<\/span><\/a><\/li><li class='av-share-link av-social-link-linkedin' ><a target=\"_blank\" aria-label=\"Compartir en LinkedIn\" href='https:\/\/linkedin.com\/shareArticle?mini=true&#038;title=L%C3%ADneas%20A%C3%A9reas%20y%20Paro%20de%20la%20DGAC%3A%20%E2%80%9CAfectaci%C3%B3n%20de%20vuelos%20alcanza%20m%C3%A1s%20del%2080%25%20y%20cerca%20de%2015.000%20pasajeros%20han%20sido%20perjudicados%E2%80%9D&#038;url=https:\/\/radiorevelacionfm.cl\/?p=47941' aria-hidden='false' data-av_icon='\ue8fc' data-av_iconfont='entypo-fontello' title='' data-avia-related-tooltip='Compartir en LinkedIn' rel=\"noopener\"><span class='avia_hidden_link_text'>Compartir en LinkedIn<\/span><\/a><\/li><li class='av-share-link av-social-link-mail' ><a  aria-label=\"Compartir por correo\" href='mailto:?subject=L%C3%ADneas%20A%C3%A9reas%20y%20Paro%20de%20la%20DGAC%3A%20%E2%80%9CAfectaci%C3%B3n%20de%20vuelos%20alcanza%20m%C3%A1s%20del%2080%25%20y%20cerca%20de%2015.000%20pasajeros%20han%20sido%20perjudicados%E2%80%9D&#038;body=https:\/\/radiorevelacionfm.cl\/?p=47941' aria-hidden='false' data-av_icon='\ue805' data-av_iconfont='entypo-fontello' title='' data-avia-related-tooltip='Compartir por correo'><span class='avia_hidden_link_text'>Compartir por correo<\/span><\/a><\/li><\/ul><\/div><\/div>\n<div  style='height:50px' class='hr hr-invisible   avia-builder-el-8  el_after_av_social_share  el_before_av_comments_list '><span class='hr-inner ' ><span class='hr-inner-style'><\/span><\/span><\/div>\n<div  class='av-buildercomment  av-blog-meta-html-info-disabled av-blog-meta-tag-disabled  '><\/div>\n","protected":false},"excerpt":{"rendered":"","protected":false},"author":1,"featured_media":6083,"comment_status":"open","ping_status":"open","sticky":false,"template":"","format":"standard","meta":{"footnotes":""},"categories":[61],"tags":[],"class_list":["post-47941","post","type-post","status-publish","format-standard","has-post-thumbnail","hentry","category-nacional"],"jetpack_featured_media_url":"https:\/\/radiorevelacionfm.cl\/wp-content\/uploads\/2021\/07\/Aeropuerto-Balmaceda01-1.jpg","_links":{"self":[{"href":"https:\/\/radiorevelacionfm.cl\/index.php?rest_route=\/wp\/v2\/posts\/47941","targetHints":{"allow":["GET"]}}],"collection":[{"href":"https:\/\/radiorevelacionfm.cl\/index.php?rest_route=\/wp\/v2\/posts"}],"about":[{"href":"https:\/\/radiorevelacionfm.cl\/index.php?rest_route=\/wp\/v2\/types\/post"}],"author":[{"embeddable":true,"href":"https:\/\/radiorevelacionfm.cl\/index.php?rest_route=\/wp\/v2\/users\/1"}],"replies":[{"embeddable":true,"href":"https:\/\/radiorevelacionfm.cl\/index.php?rest_route=%2Fwp%2Fv2%2Fcomments&post=47941"}],"version-history":[{"count":1,"href":"https:\/\/radiorevelacionfm.cl\/index.php?rest_route=\/wp\/v2\/posts\/47941\/revisions"}],"predecessor-version":[{"id":47942,"href":"https:\/\/radiorevelacionfm.cl\/index.php?rest_route=\/wp\/v2\/posts\/47941\/revisions\/47942"}],"wp:featuredmedia":[{"embeddable":true,"href":"https:\/\/radiorevelacionfm.cl\/index.php?rest_route=\/wp\/v2\/media\/6083"}],"wp:attachment":[{"href":"https:\/\/radiorevelacionfm.cl\/index.php?rest_route=%2Fwp%2Fv2%2Fmedia&parent=47941"}],"wp:term":[{"taxonomy":"category","embeddable":true,"href":"https:\/\/radiorevelacionfm.cl\/index.php?rest_route=%2Fwp%2Fv2%2Fcategories&post=47941"},{"taxonomy":"post_tag","embeddable":true,"href":"https:\/\/radiorevelacionfm.cl\/index.php?rest_route=%2Fwp%2Fv2%2Ftags&post=47941"}],"curies":[{"name":"wp","href":"https:\/\/api.w.org\/{rel}","templated":true}]}}