{"id":47938,"date":"2024-11-13T20:07:50","date_gmt":"2024-11-13T23:07:50","guid":{"rendered":"https:\/\/radiorevelacionfm.cl\/?p=47938"},"modified":"2024-11-13T20:07:50","modified_gmt":"2024-11-13T23:07:50","slug":"senadora-ordenes-destaco-que-por-segundo-ano-consecutivo-las-tutoras-de-aysen-tendran-un-incremento-en-su-asignacion","status":"publish","type":"post","link":"https:\/\/radiorevelacionfm.cl\/?p=47938","title":{"rendered":"Senadora \u00d3rdenes destac\u00f3 que por segundo a\u00f1o consecutivo las tutoras de Ays\u00e9n tendr\u00e1n un incremento en su asignaci\u00f3n"},"content":{"rendered":"<div class=\"flex_column av_one_full  flex_column_div av-zero-column-padding first  avia-builder-el-0  el_before_av_one_full  avia-builder-el-first  \" style='border-radius:0px; '><div  class='avia-image-container  av-styling-    avia-builder-el-1  avia-builder-el-no-sibling  avia-align-center '  itemprop=\"image\" itemscope=\"itemscope\" itemtype=\"https:\/\/schema.org\/ImageObject\"  ><div class='avia-image-container-inner'><div class='avia-image-overlay-wrap'><img decoding=\"async\" class='wp-image-47939 avia-img-lazy-loading-not-47939 avia_image' src=\"https:\/\/radiorevelacionfm.cl\/wp-content\/uploads\/2024\/11\/senadora-foto-14-1-1_optimized.jpg\" alt='' title='senadora-foto-(14)-(1)-(1)_optimized' height=\"600\" width=\"898\"  itemprop=\"thumbnailUrl\" srcset=\"https:\/\/radiorevelacionfm.cl\/wp-content\/uploads\/2024\/11\/senadora-foto-14-1-1_optimized.jpg 898w, https:\/\/radiorevelacionfm.cl\/wp-content\/uploads\/2024\/11\/senadora-foto-14-1-1_optimized-300x200.jpg 300w, https:\/\/radiorevelacionfm.cl\/wp-content\/uploads\/2024\/11\/senadora-foto-14-1-1_optimized-768x513.jpg 768w, https:\/\/radiorevelacionfm.cl\/wp-content\/uploads\/2024\/11\/senadora-foto-14-1-1_optimized-705x471.jpg 705w, https:\/\/radiorevelacionfm.cl\/wp-content\/uploads\/2024\/11\/senadora-foto-14-1-1_optimized-450x301.jpg 450w, https:\/\/radiorevelacionfm.cl\/wp-content\/uploads\/2024\/11\/senadora-foto-14-1-1_optimized-600x401.jpg 600w\" sizes=\"(max-width: 898px) 100vw, 898px\" \/><\/div><\/div><\/div><\/div><div class=\"flex_column av_one_full  flex_column_div av-zero-column-padding first  avia-builder-el-2  el_after_av_one_full  el_before_av_one_full  column-top-margin\" style='border-radius:0px; '><section class=\"av_textblock_section \"  itemscope=\"itemscope\" itemtype=\"https:\/\/schema.org\/BlogPosting\" itemprop=\"blogPost\" ><div class='avia_textblock  '   itemprop=\"text\" ><p style=\"text-align: center;\"><strong><span style=\"font-size: 18pt;\">Senadora \u00d3rdenes destac\u00f3 que por segundo a\u00f1o consecutivo las tutoras de Ays\u00e9n tendr\u00e1n un incremento en su asignaci\u00f3n<\/span><\/strong><\/p>\n<div id=\"gtx-trans\" style=\"position: absolute; left: -50px; top: 4.31534px;\">\n<div class=\"gtx-trans-icon\"><\/div>\n<\/div>\n<\/div><\/section><\/div><div class=\"flex_column av_one_full  flex_column_div av-zero-column-padding first  avia-builder-el-4  el_after_av_one_full  el_before_av_hr  column-top-margin\" style='border-radius:0px; '><section class=\"av_textblock_section \"  itemscope=\"itemscope\" itemtype=\"https:\/\/schema.org\/BlogPosting\" itemprop=\"blogPost\" ><div class='avia_textblock  '   itemprop=\"text\" ><p style=\"text-align: justify;\">La senadora por la regi\u00f3n de Ays\u00e9n, Ximena \u00d3rdenes Neira, agradeci\u00f3 el trabajo conjunto que ha sostenido con gran parte de las tutoras del Programa de Residencias Familiares en la regi\u00f3n de Ays\u00e9n y valor\u00f3 que el Ejecutivo, por segundo a\u00f1o consecutivo, integrara en la Ley de Presupuestos para el Sector P\u00fablico correspondiente al 2025, un incremento en la asignaci\u00f3n que reciben por estudiante.<\/p>\n<p style=\"text-align: justify;\">Ya en 2023, luego de una serie de gestiones y conversaciones con Junaeb y el Ministerio de Educaci\u00f3n, tanto de la representante aisenina, como de representantes de las tutoras del programa, se lograr\u00f3 un escueto primer incremento de sus asignaciones. Sin embargo, este aumento fue un hito a destacar, luego de una d\u00e9cada sin ning\u00fan incentivo similar.<\/p>\n<p style=\"text-align: justify;\">Este 2024, el trabajo conjunto de la senadora \u00d3rdenes, con las tutoras se sostuvo durante todo el a\u00f1o de cara a enfrentar una nueva tramitaci\u00f3n de la Ley de presupuestos. En la primera revisi\u00f3n de la partida 09, del Ministerio de Educaci\u00f3n, la parlamentaria tom\u00f3 la palabra para instalar este tema, como una prioridad. \u201cQuiero visibilizar un grupo que no son las becas, no es el programa de alimentaci\u00f3n; las tutoras. Nunca hablamos del Programa de Residencias Familiares. Durante una d\u00e9cada no tuvieron ning\u00fan incremento en el aporte mensual que manejan para para ser familias de acogida\u201d, indic\u00f3.<\/p>\n<p style=\"text-align: justify;\">Durante esta semana, la parlamentaria public\u00f3 un video en sus redes sociales anunciando la noticia, luego de que el Proyecto de Ley sobre el erario p\u00fablico fuera despachado por el Senado. \u201cDespu\u00e9s de una serie de reuniones y gestiones en el marco de la Ley de Presupuestos, para m\u00ed es muy importante poder comunicar el compromiso de la Junta Nacional de Auxilio Escolar y Becas, Junaeb, de incrementar el aporte mensual que realiza a las tutoras del Programa de Residencias Familiares\u201d, se\u00f1al\u00f3.<\/p>\n<p style=\"text-align: justify;\">\u201cEllas cumplen un rol muy relevante en la regi\u00f3n, ya que reciben estudiantes de zonas m\u00e1s alejadas en su casa, como un segundo hogar\u201d, destac\u00f3 la senadora \u00d3rdenes. \u201cEste aporte que realiza Junaeb no se hab\u00eda incrementado durante mucho tiempo y lo que hoy confirmamos es un incremento que alcanzar\u00eda aproximadamente los veinte mil pesos. Ya tuvimos un avance este 2024, con un incremento de diez mil pesos, ahora se sumar\u00edan otros veinte mil para un trabajo tan importante como el que realizan las tutoras en la regi\u00f3n de Ays\u00e9n\u201d, finaliz\u00f3.<\/p>\n<p style=\"text-align: justify;\">Magda Monsalve, representante del grupo de tutoras de la Municipalidad de Coyhaique, quien junto a la directiva activa durante el 2023 abrieron los di\u00e1logos en torno a lograr este incremento destac\u00f3 la conformaci\u00f3n de un grupo regional, con proyecciones a futuro. \u201cDestacar la unidad que se ha producido en la regi\u00f3n con todas las tutoras. Nosotras estamos comunicadas en este momento con la Agrupaci\u00f3n Regional, con las localidades de Chile Chico, de Puerto Ays\u00e9n\u2026\u201d, sostuvo la expresidenta del grupo de tutoras municipales.<\/p>\n<p style=\"text-align: justify;\">Por su parte, Marisol Manquicheo, tutora del Programa de Residencias Familiares, dio cuenta del trabajo sostenido, agradeciendo los apoyos de la Senadora. \u201cEl 2023 nosotras tomamos parte de la directiva y empezamos a trabajar para que nos incrementen la asignaci\u00f3n, ya que hac\u00eda diez a\u00f1os que no ten\u00edamos un aumento en el aporte de la Junaeb a las tutoras. Empezamos a trabajar con diferentes autoridades de la regi\u00f3n. Estuvieron senadores, diputados, pero resulta que la \u00fanica persona que despu\u00e9s nos sigui\u00f3 apoyando fue la se\u00f1ora Ximena \u00d3rdenes\u201d, se\u00f1al\u00f3, agradeciendo el apoyo.<\/p>\n<p style=\"text-align: justify;\">\u201cSe hizo oficios que se mandaron a Hacienda, se hizo una infinidad de cartas y se logr\u00f3 concertar una reuni\u00f3n a fin de a\u00f1o, en diciembre, con el Ministro de Educaci\u00f3n y con la directora de Junaeb, donde se acord\u00f3 que este a\u00f1o se iba a trabajar para incrementar el aporte\u201d, detall\u00f3 la representante de las tutoras.<\/p>\n<p style=\"text-align: justify;\">\u201cSe logr\u00f3 conseguir -en 2023- que nos aumentaran 10 mil pesos\u201d, record\u00f3 Manquicheo. \u201cSi bien ten\u00edamos otra expectativa, ya que en diez a\u00f1os no nos hab\u00edan aumentado la asignaci\u00f3n, este a\u00f1o se ha trabajado en eso. Se han mandado cartas y la se\u00f1ora Ximena, de nuevo ha estado con nosotras, apoy\u00e1ndonos en todo e inst\u00e1ndonos a que no bajemos los brazos\u201d, reconoci\u00f3 Marisol Manquicheo.<\/p>\n<p style=\"text-align: justify;\">Mientras tanto, durante esta semana la C\u00e1mara discutir\u00e1 las distintas partidas ya despachadas por el Senado y se espera que a fin de mes el presupuesto para el 2025 est\u00e9 en condiciones de ser promulgado como Ley de la Rep\u00fablica. Por su parte, la asignaci\u00f3n adicional obtenida para el Programa de Residencias Sanitarias, comenzar\u00eda a regir a partir del 2025, siendo el segundo a\u00f1o consecutivo en que las tutoras percibir\u00e1n un incremento en la asignaci\u00f3n que reciben.<\/p>\n<\/div><\/section><\/div><div  style='height:50px' class='hr hr-invisible   avia-builder-el-6  el_after_av_one_full  el_before_av_social_share '><span class='hr-inner ' ><span class='hr-inner-style'><\/span><\/span><\/div><\/p>\n<div  class='av-social-sharing-box  avia-builder-el-7  el_after_av_hr  el_before_av_hr  '><div class='av-share-box'><h5 class='av-share-link-description av-no-toc '>Compartir esta noticia<\/h5><ul class='av-share-box-list noLightbox'><li class='av-share-link av-social-link-facebook' ><a target=\"_blank\" aria-label=\"Compartir en Facebook\" href='https:\/\/www.facebook.com\/sharer.php?u=https:\/\/radiorevelacionfm.cl\/?p=47938&#038;t=Senadora%20%C3%93rdenes%20destac%C3%B3%20que%20por%20segundo%20a%C3%B1o%20consecutivo%20las%20tutoras%20de%20Ays%C3%A9n%20tendr%C3%A1n%20un%20incremento%20en%20su%20asignaci%C3%B3n' aria-hidden='false' data-av_icon='\ue8f3' data-av_iconfont='entypo-fontello' title='' data-avia-related-tooltip='Compartir en Facebook' rel=\"noopener\"><span class='avia_hidden_link_text'>Compartir en Facebook<\/span><\/a><\/li><li class='av-share-link av-social-link-twitter' ><a target=\"_blank\" aria-label=\"Compartir en Twitter\" href='https:\/\/twitter.com\/share?text=Senadora%20%C3%93rdenes%20destac%C3%B3%20que%20por%20segundo%20a%C3%B1o%20consecutivo%20las%20tutoras%20de%20Ays%C3%A9n%20tendr%C3%A1n%20un%20incremento%20en%20su%20asignaci%C3%B3n&#038;url=https:\/\/radiorevelacionfm.cl\/?p=47938' aria-hidden='false' data-av_icon='\ue8f1' data-av_iconfont='entypo-fontello' title='' data-avia-related-tooltip='Compartir en Twitter' rel=\"noopener\"><span class='avia_hidden_link_text'>Compartir en Twitter<\/span><\/a><\/li><li class='av-share-link av-social-link-whatsapp' ><a target=\"_blank\" aria-label=\"Compartir en Whatsapp\" href='https:\/\/api.whatsapp.com\/send?text=https:\/\/radiorevelacionfm.cl\/?p=47938' aria-hidden='false' data-av_icon='\uf232' data-av_iconfont='entypo-fontello' title='' data-avia-related-tooltip='Compartir en Whatsapp' rel=\"noopener\"><span class='avia_hidden_link_text'>Compartir en Whatsapp<\/span><\/a><\/li><li class='av-share-link av-social-link-linkedin' ><a target=\"_blank\" aria-label=\"Compartir en LinkedIn\" href='https:\/\/linkedin.com\/shareArticle?mini=true&#038;title=Senadora%20%C3%93rdenes%20destac%C3%B3%20que%20por%20segundo%20a%C3%B1o%20consecutivo%20las%20tutoras%20de%20Ays%C3%A9n%20tendr%C3%A1n%20un%20incremento%20en%20su%20asignaci%C3%B3n&#038;url=https:\/\/radiorevelacionfm.cl\/?p=47938' aria-hidden='false' data-av_icon='\ue8fc' data-av_iconfont='entypo-fontello' title='' data-avia-related-tooltip='Compartir en LinkedIn' rel=\"noopener\"><span class='avia_hidden_link_text'>Compartir en LinkedIn<\/span><\/a><\/li><li class='av-share-link av-social-link-mail' ><a  aria-label=\"Compartir por correo\" href='mailto:?subject=Senadora%20%C3%93rdenes%20destac%C3%B3%20que%20por%20segundo%20a%C3%B1o%20consecutivo%20las%20tutoras%20de%20Ays%C3%A9n%20tendr%C3%A1n%20un%20incremento%20en%20su%20asignaci%C3%B3n&#038;body=https:\/\/radiorevelacionfm.cl\/?p=47938' aria-hidden='false' data-av_icon='\ue805' data-av_iconfont='entypo-fontello' title='' data-avia-related-tooltip='Compartir por correo'><span class='avia_hidden_link_text'>Compartir por correo<\/span><\/a><\/li><\/ul><\/div><\/div>\n<div  style='height:50px' class='hr hr-invisible   avia-builder-el-8  el_after_av_social_share  el_before_av_comments_list '><span class='hr-inner ' ><span class='hr-inner-style'><\/span><\/span><\/div>\n<div  class='av-buildercomment  av-blog-meta-html-info-disabled av-blog-meta-tag-disabled  '><\/div>\n","protected":false},"excerpt":{"rendered":"","protected":false},"author":1,"featured_media":47939,"comment_status":"open","ping_status":"open","sticky":false,"template":"","format":"standard","meta":{"footnotes":""},"categories":[35],"tags":[],"class_list":["post-47938","post","type-post","status-publish","format-standard","has-post-thumbnail","hentry","category-politica"],"jetpack_featured_media_url":"https:\/\/radiorevelacionfm.cl\/wp-content\/uploads\/2024\/11\/senadora-foto-14-1-1_optimized.jpg","_links":{"self":[{"href":"https:\/\/radiorevelacionfm.cl\/index.php?rest_route=\/wp\/v2\/posts\/47938","targetHints":{"allow":["GET"]}}],"collection":[{"href":"https:\/\/radiorevelacionfm.cl\/index.php?rest_route=\/wp\/v2\/posts"}],"about":[{"href":"https:\/\/radiorevelacionfm.cl\/index.php?rest_route=\/wp\/v2\/types\/post"}],"author":[{"embeddable":true,"href":"https:\/\/radiorevelacionfm.cl\/index.php?rest_route=\/wp\/v2\/users\/1"}],"replies":[{"embeddable":true,"href":"https:\/\/radiorevelacionfm.cl\/index.php?rest_route=%2Fwp%2Fv2%2Fcomments&post=47938"}],"version-history":[{"count":1,"href":"https:\/\/radiorevelacionfm.cl\/index.php?rest_route=\/wp\/v2\/posts\/47938\/revisions"}],"predecessor-version":[{"id":47940,"href":"https:\/\/radiorevelacionfm.cl\/index.php?rest_route=\/wp\/v2\/posts\/47938\/revisions\/47940"}],"wp:featuredmedia":[{"embeddable":true,"href":"https:\/\/radiorevelacionfm.cl\/index.php?rest_route=\/wp\/v2\/media\/47939"}],"wp:attachment":[{"href":"https:\/\/radiorevelacionfm.cl\/index.php?rest_route=%2Fwp%2Fv2%2Fmedia&parent=47938"}],"wp:term":[{"taxonomy":"category","embeddable":true,"href":"https:\/\/radiorevelacionfm.cl\/index.php?rest_route=%2Fwp%2Fv2%2Fcategories&post=47938"},{"taxonomy":"post_tag","embeddable":true,"href":"https:\/\/radiorevelacionfm.cl\/index.php?rest_route=%2Fwp%2Fv2%2Ftags&post=47938"}],"curies":[{"name":"wp","href":"https:\/\/api.w.org\/{rel}","templated":true}]}}