{"id":47935,"date":"2024-11-13T15:42:21","date_gmt":"2024-11-13T18:42:21","guid":{"rendered":"https:\/\/radiorevelacionfm.cl\/?p=47935"},"modified":"2024-11-13T15:42:21","modified_gmt":"2024-11-13T18:42:21","slug":"emprendedores-as-de-villa-manihuales-finalizan-programa-del-fosis-con-muestra-de-productos","status":"publish","type":"post","link":"https:\/\/radiorevelacionfm.cl\/?p=47935","title":{"rendered":"Emprendedores\/as de Villa Ma\u00f1ihuales finalizan programa del FOSIS con muestra de productos"},"content":{"rendered":"<div class=\"flex_column av_one_full  flex_column_div av-zero-column-padding first  avia-builder-el-0  el_before_av_one_full  avia-builder-el-first  \" style='border-radius:0px; '><div  class='avia-image-container  av-styling-    avia-builder-el-1  avia-builder-el-no-sibling  avia-align-center '  itemprop=\"image\" itemscope=\"itemscope\" itemtype=\"https:\/\/schema.org\/ImageObject\"  ><div class='avia-image-container-inner'><div class='avia-image-overlay-wrap'><img decoding=\"async\" class='wp-image-47936 avia-img-lazy-loading-not-47936 avia_image' src=\"https:\/\/radiorevelacionfm.cl\/wp-content\/uploads\/2024\/11\/1-88-1-1.jpeg\" alt='' title='1 (88) (1) (1)' height=\"600\" width=\"1067\"  itemprop=\"thumbnailUrl\" srcset=\"https:\/\/radiorevelacionfm.cl\/wp-content\/uploads\/2024\/11\/1-88-1-1.jpeg 1067w, https:\/\/radiorevelacionfm.cl\/wp-content\/uploads\/2024\/11\/1-88-1-1-300x169.jpeg 300w, https:\/\/radiorevelacionfm.cl\/wp-content\/uploads\/2024\/11\/1-88-1-1-1030x579.jpeg 1030w, https:\/\/radiorevelacionfm.cl\/wp-content\/uploads\/2024\/11\/1-88-1-1-768x432.jpeg 768w, https:\/\/radiorevelacionfm.cl\/wp-content\/uploads\/2024\/11\/1-88-1-1-705x396.jpeg 705w, https:\/\/radiorevelacionfm.cl\/wp-content\/uploads\/2024\/11\/1-88-1-1-450x253.jpeg 450w, https:\/\/radiorevelacionfm.cl\/wp-content\/uploads\/2024\/11\/1-88-1-1-600x337.jpeg 600w\" sizes=\"(max-width: 1067px) 100vw, 1067px\" \/><\/div><\/div><\/div><\/div><div class=\"flex_column av_one_full  flex_column_div av-zero-column-padding first  avia-builder-el-2  el_after_av_one_full  el_before_av_one_full  column-top-margin\" style='border-radius:0px; '><section class=\"av_textblock_section \"  itemscope=\"itemscope\" itemtype=\"https:\/\/schema.org\/BlogPosting\" itemprop=\"blogPost\" ><div class='avia_textblock  '   itemprop=\"text\" ><p style=\"text-align: center;\"><strong><span style=\"font-size: 18pt;\">Emprendedores\/as de Villa Ma\u00f1ihuales finalizan programa del FOSIS con muestra de productos<\/span><\/strong><\/p>\n<div id=\"gtx-trans\" style=\"position: absolute; left: -50px; top: 4.31534px;\">\n<div class=\"gtx-trans-icon\"><\/div>\n<\/div>\n<\/div><\/section><\/div><div class=\"flex_column av_one_full  flex_column_div av-zero-column-padding first  avia-builder-el-4  el_after_av_one_full  el_before_av_hr  column-top-margin\" style='border-radius:0px; '><section class=\"av_textblock_section \"  itemscope=\"itemscope\" itemtype=\"https:\/\/schema.org\/BlogPosting\" itemprop=\"blogPost\" ><div class='avia_textblock  '   itemprop=\"text\" ><p><em>Los usuarios y usuarias que recibieron capacitaci\u00f3n, asesor\u00eda y financiamiento; pudieron tambi\u00e9n exhibir sus iniciativas de negocio en una instancia abierta a la comunidad que les permiti\u00f3 dar a conocer sus productos y servicios.<\/em><\/p>\n<p style=\"text-align: justify;\">Hasta la Plaza de Villa Ma\u00f1ihuales lleg\u00f3 la seremi de Desarrollo Social Y Familia, Karina Acevedo, para participar de una muestra de productos y servicios abierta a la comunidad y compartir con emprendedores y emprendedoras que finalizaron su participaci\u00f3n en el programa Emprendamos Semilla, financiado por el Fondo de Solidaridad e Inversi\u00f3n Social, FOSIS, y ejecutado con apoyo de Imagina Ays\u00e9n.<\/p>\n<p style=\"text-align: justify;\">Las 30 personas participantes, de las localidades de Villa Ma\u00f1ihuales y Villa Los Torreones, pudieron fortalecer sus emprendimientos gracias a la capacitaci\u00f3n, asesor\u00eda t\u00e9cnica y el financiamiento de un plan de negocios, que permite a los usuarios y usuarias de estos programas adquirir herramientas, maquinaria e insumos para concretar y desarrollar sus negocios, junto con poder aumentar sus ingresos y avanzar hacia la autonom\u00eda econ\u00f3mica.<\/p>\n<p style=\"text-align: justify;\">Paola Llancalahuen, usuaria del programa y participantes de la muestra, destac\u00f3 que \u201ces muy buena la ayuda que dan econ\u00f3micamente, as\u00ed mismo la posibilidad de darnos a conocer y conocer a nuestros vecinos, porque vivimos en la misma localidad pero a veces estamos ajenos de saber lo que cada uno hace. Agradecer al FOSIS porque hoy estamos viviendo tiempos econ\u00f3micamente no muy buenos y cuesta generar recursos para implementar nuestros negocios. Gracias al proyecto adquir\u00ed mesas para ferias, toldo, una vermicompostera, macetero, tierra, sustrato y tierra \u00e1cida para fortalecer mi negocio\u201d.<\/p>\n<p style=\"text-align: justify;\">La seremi de Desarrollo Social y Familia, Karina Acevedo, recalc\u00f3 que \u201cestamos contentos porque conversamos con las usuarias y pudimos constatar c\u00f3mo fue su proceso y capacitaci\u00f3n en el programa Emprendamos Semilla, a trav\u00e9s del FOSIS, con el apoyo de profesionales, entreg\u00e1ndoles insumos para que puedan potenciar o iniciar sus emprendimientos. Cerramos este programa con una muestra donde queremos darle a conocer a la comunidad lo que estamos haciendo con el FOSIS como Gobierno y c\u00f3mo colaboramos con el desarrollo del emprendimiento en nuestro territorio\u201d.<\/p>\n<p style=\"text-align: justify;\">Los programas para la autonom\u00eda econ\u00f3mica del FOSIS permiten aumentar y hacer m\u00e1s estable la generaci\u00f3n de ingresos, a trav\u00e9s del fortalecimiento de negocios, que se puede encontrar en distinto nivel de avance, desde concretar una idea de negocio hasta la consolidaci\u00f3n de un emprendimiento que ya est\u00e1 en funcionamiento.<\/p>\n<\/div><\/section><\/div><div  style='height:50px' class='hr hr-invisible   avia-builder-el-6  el_after_av_one_full  el_before_av_social_share '><span class='hr-inner ' ><span class='hr-inner-style'><\/span><\/span><\/div><\/p>\n<div  class='av-social-sharing-box  avia-builder-el-7  el_after_av_hr  el_before_av_hr  '><div class='av-share-box'><h5 class='av-share-link-description av-no-toc '>Compartir esta noticia<\/h5><ul class='av-share-box-list noLightbox'><li class='av-share-link av-social-link-facebook' ><a target=\"_blank\" aria-label=\"Compartir en Facebook\" href='https:\/\/www.facebook.com\/sharer.php?u=https:\/\/radiorevelacionfm.cl\/?p=47935&#038;t=Emprendedores%2Fas%20de%20Villa%20Ma%C3%B1ihuales%20finalizan%20programa%20del%20FOSIS%20con%20muestra%20de%20productos' aria-hidden='false' data-av_icon='\ue8f3' data-av_iconfont='entypo-fontello' title='' data-avia-related-tooltip='Compartir en Facebook' rel=\"noopener\"><span class='avia_hidden_link_text'>Compartir en Facebook<\/span><\/a><\/li><li class='av-share-link av-social-link-twitter' ><a target=\"_blank\" aria-label=\"Compartir en Twitter\" href='https:\/\/twitter.com\/share?text=Emprendedores%2Fas%20de%20Villa%20Ma%C3%B1ihuales%20finalizan%20programa%20del%20FOSIS%20con%20muestra%20de%20productos&#038;url=https:\/\/radiorevelacionfm.cl\/?p=47935' aria-hidden='false' data-av_icon='\ue8f1' data-av_iconfont='entypo-fontello' title='' data-avia-related-tooltip='Compartir en Twitter' rel=\"noopener\"><span class='avia_hidden_link_text'>Compartir en Twitter<\/span><\/a><\/li><li class='av-share-link av-social-link-whatsapp' ><a target=\"_blank\" aria-label=\"Compartir en Whatsapp\" href='https:\/\/api.whatsapp.com\/send?text=https:\/\/radiorevelacionfm.cl\/?p=47935' aria-hidden='false' data-av_icon='\uf232' data-av_iconfont='entypo-fontello' title='' data-avia-related-tooltip='Compartir en Whatsapp' rel=\"noopener\"><span class='avia_hidden_link_text'>Compartir en Whatsapp<\/span><\/a><\/li><li class='av-share-link av-social-link-linkedin' ><a target=\"_blank\" aria-label=\"Compartir en LinkedIn\" href='https:\/\/linkedin.com\/shareArticle?mini=true&#038;title=Emprendedores%2Fas%20de%20Villa%20Ma%C3%B1ihuales%20finalizan%20programa%20del%20FOSIS%20con%20muestra%20de%20productos&#038;url=https:\/\/radiorevelacionfm.cl\/?p=47935' aria-hidden='false' data-av_icon='\ue8fc' data-av_iconfont='entypo-fontello' title='' data-avia-related-tooltip='Compartir en LinkedIn' rel=\"noopener\"><span class='avia_hidden_link_text'>Compartir en LinkedIn<\/span><\/a><\/li><li class='av-share-link av-social-link-mail' ><a  aria-label=\"Compartir por correo\" href='mailto:?subject=Emprendedores%2Fas%20de%20Villa%20Ma%C3%B1ihuales%20finalizan%20programa%20del%20FOSIS%20con%20muestra%20de%20productos&#038;body=https:\/\/radiorevelacionfm.cl\/?p=47935' aria-hidden='false' data-av_icon='\ue805' data-av_iconfont='entypo-fontello' title='' data-avia-related-tooltip='Compartir por correo'><span class='avia_hidden_link_text'>Compartir por correo<\/span><\/a><\/li><\/ul><\/div><\/div>\n<div  style='height:50px' class='hr hr-invisible   avia-builder-el-8  el_after_av_social_share  el_before_av_comments_list '><span class='hr-inner ' ><span class='hr-inner-style'><\/span><\/span><\/div>\n<div  class='av-buildercomment  av-blog-meta-html-info-disabled av-blog-meta-tag-disabled  '><\/div>\n","protected":false},"excerpt":{"rendered":"","protected":false},"author":1,"featured_media":47936,"comment_status":"open","ping_status":"open","sticky":false,"template":"","format":"standard","meta":{"footnotes":""},"categories":[38],"tags":[],"class_list":["post-47935","post","type-post","status-publish","format-standard","has-post-thumbnail","hentry","category-regional"],"jetpack_featured_media_url":"https:\/\/radiorevelacionfm.cl\/wp-content\/uploads\/2024\/11\/1-88-1-1.jpeg","_links":{"self":[{"href":"https:\/\/radiorevelacionfm.cl\/index.php?rest_route=\/wp\/v2\/posts\/47935","targetHints":{"allow":["GET"]}}],"collection":[{"href":"https:\/\/radiorevelacionfm.cl\/index.php?rest_route=\/wp\/v2\/posts"}],"about":[{"href":"https:\/\/radiorevelacionfm.cl\/index.php?rest_route=\/wp\/v2\/types\/post"}],"author":[{"embeddable":true,"href":"https:\/\/radiorevelacionfm.cl\/index.php?rest_route=\/wp\/v2\/users\/1"}],"replies":[{"embeddable":true,"href":"https:\/\/radiorevelacionfm.cl\/index.php?rest_route=%2Fwp%2Fv2%2Fcomments&post=47935"}],"version-history":[{"count":1,"href":"https:\/\/radiorevelacionfm.cl\/index.php?rest_route=\/wp\/v2\/posts\/47935\/revisions"}],"predecessor-version":[{"id":47937,"href":"https:\/\/radiorevelacionfm.cl\/index.php?rest_route=\/wp\/v2\/posts\/47935\/revisions\/47937"}],"wp:featuredmedia":[{"embeddable":true,"href":"https:\/\/radiorevelacionfm.cl\/index.php?rest_route=\/wp\/v2\/media\/47936"}],"wp:attachment":[{"href":"https:\/\/radiorevelacionfm.cl\/index.php?rest_route=%2Fwp%2Fv2%2Fmedia&parent=47935"}],"wp:term":[{"taxonomy":"category","embeddable":true,"href":"https:\/\/radiorevelacionfm.cl\/index.php?rest_route=%2Fwp%2Fv2%2Fcategories&post=47935"},{"taxonomy":"post_tag","embeddable":true,"href":"https:\/\/radiorevelacionfm.cl\/index.php?rest_route=%2Fwp%2Fv2%2Ftags&post=47935"}],"curies":[{"name":"wp","href":"https:\/\/api.w.org\/{rel}","templated":true}]}}